{"id":245189,"date":"2026-08-03T19:23:57","date_gmt":"2026-08-03T19:23:57","guid":{"rendered":"https:\/\/www.europesays.com\/lt\/245189\/"},"modified":"2026-08-03T19:23:57","modified_gmt":"2026-08-03T19:23:57","slug":"viesbutis-atleidzia-17-darbuotoju-respublika-lt","status":"publish","type":"post","link":"https:\/\/www.europesays.com\/lt\/245189\/","title":{"rendered":"Vie\u0161butis atleid\u017eia 17 darbuotoj\u0173 &#8211; Respublika.lt"},"content":{"rendered":"<p style=\"text-align: justify;\" class=\"desktop_banner\">\u00a0<\/p>\n<p style=\"text-align: left;\">\u201eI\u0161 59 dirban\u010di\u0173j\u0173 \u012fsp\u0117ta 17 darbuotoj\u0173\u201c, \u2013 Eltai nurod\u0117 U\u017eimtumo tarnybos atstov\u0117 Milda Jankauskien\u0117.<\/p>\n<p style=\"text-align: left;\">Pasak jos, tarp neteksian\u010di\u0173 darbo yra 5\u00a0kambarin\u0117s, valytojos, skalb\u0117jos, 4 vie\u0161bu\u010dio padav\u0117jai ir 4\u00a0apsaugos darbuotojai.<\/p>\n<p style=\"text-align: left;\">Atleidimai numatomi nuo \u0161i\u0173 met\u0173 liepos 29 d. iki spalio 19 d.\u00a0<\/p>\n<p style=\"text-align: left;\">M. Jankauskien\u0117s teigimu, atleidim\u0173 prie\u017eastis \u2013 bendrov\u0117s organizavimo poky\u010diai.\u00a0<\/p>\n<p style=\"text-align: left;\">\u201eDarbuotojo atliekama darbo funkcija darbdaviui tampa pertekline d\u0117l darbo organizavimo pakeitim\u0173 ar kit\u0173 prie\u017eas\u010di\u0173, susijusi\u0173 su darbdavio veikla\u201c, \u2013 nurod\u0117 tarnybos atstov\u0117.<\/p>\n<p style=\"text-align: left;\">Anot jos, bendrov\u0117s prane\u0161ime taip pat ra\u0161oma, kad keturi\u0173 \u017evaig\u017edu\u010di\u0173 vie\u0161butis \u201e\u0160iauli\u0173 kra\u0161to med\u017eiotoj\u0173 u\u017eeiga\u201c negavo sutarties d\u0117l didelio kiekio \u017emoni\u0173 apgyvendinimo ir maitinimo.<\/p>\n<p style=\"text-align: left;\">Kaip skelbiama interneto svetain\u0117je Rekvizitai.lt, \u201eMingint\u0117\u201c pajamos pernai siek\u0117 2,49 mln. eur\u0173, grynasis pelnas \u2013 279,49 t\u016bkst. eur\u0173.<\/p>\n<p style=\"text-align: left;\">Skelbiama, kad tarp bendrov\u0117s si\u016blom\u0173 paslaug\u0173 taip pat yra restoranas, konferencij\u0173 sali\u0173 nuoma, sauna, baseinas, treniruokli\u0173 sal\u0117.<\/p>\n","protected":false},"excerpt":{"rendered":"\u00a0 \u201eI\u0161 59 dirban\u010di\u0173j\u0173 \u012fsp\u0117ta 17 darbuotoj\u0173\u201c, \u2013 Eltai nurod\u0117 U\u017eimtumo tarnybos atstov\u0117 Milda Jankauskien\u0117. Pasak jos, tarp&hellip;\n","protected":false},"author":2,"featured_media":245190,"comment_status":"","ping_status":"","sticky":false,"template":"","format":"standard","meta":{"footnotes":"","_share_on_mastodon":"0"},"categories":[13],"tags":[25,825,30,31,123,34,35,24,32,33,37,39,36,38,40,36165,23,22,28,29,36166,1443,26,27,1442,2193],"class_list":["post-245189","post","type-post","status-publish","format-standard","has-post-thumbnail","category-lietuva","tag-antrastes","tag-atleidimai","tag-breaking-news","tag-breakingnews","tag-darbuotojai","tag-featured-news","tag-featurednews","tag-headlines","tag-latest-news","tag-latestnews","tag-lietuva","tag-lietuviu","tag-lithuania","tag-lithuanian","tag-lt","tag-minginte","tag-naujienos","tag-news","tag-populiariausios-naujienos","tag-populiariausiosnaujienos","tag-siauliau","tag-tarnyba","tag-top-stories","tag-topstories","tag-uzimtumo","tag-viesbutis"],"share_on_mastodon":{"url":"https:\/\/pubeurope.com\/@lt\/117033216586260559","error":""},"_links":{"self":[{"href":"https:\/\/www.europesays.com\/lt\/wp-json\/wp\/v2\/posts\/245189","targetHints":{"allow":["GET"]}}],"collection":[{"href":"https:\/\/www.europesays.com\/lt\/wp-json\/wp\/v2\/posts"}],"about":[{"href":"https:\/\/www.europesays.com\/lt\/wp-json\/wp\/v2\/types\/post"}],"author":[{"embeddable":true,"href":"https:\/\/www.europesays.com\/lt\/wp-json\/wp\/v2\/users\/2"}],"replies":[{"embeddable":true,"href":"https:\/\/www.europesays.com\/lt\/wp-json\/wp\/v2\/comments?post=245189"}],"version-history":[{"count":0,"href":"https:\/\/www.europesays.com\/lt\/wp-json\/wp\/v2\/posts\/245189\/revisions"}],"wp:featuredmedia":[{"embeddable":true,"href":"https:\/\/www.europesays.com\/lt\/wp-json\/wp\/v2\/media\/245190"}],"wp:attachment":[{"href":"https:\/\/www.europesays.com\/lt\/wp-json\/wp\/v2\/media?parent=245189"}],"wp:term":[{"taxonomy":"category","embeddable":true,"href":"https:\/\/www.europesays.com\/lt\/wp-json\/wp\/v2\/categories?post=245189"},{"taxonomy":"post_tag","embeddable":true,"href":"https:\/\/www.europesays.com\/lt\/wp-json\/wp\/v2\/tags?post=245189"}],"curies":[{"name":"wp","href":"https:\/\/api.w.org\/{rel}","templated":true}]}}