{"id":245233,"date":"2026-08-03T20:31:58","date_gmt":"2026-08-03T20:31:58","guid":{"rendered":"https:\/\/www.europesays.com\/lt\/245233\/"},"modified":"2026-08-03T20:31:58","modified_gmt":"2026-08-03T20:31:58","slug":"siuloma-skirti-per-12-mln-euru-pagalbai-ukrainos-karo-pabegeliams-respublika-lt","status":"publish","type":"post","link":"https:\/\/www.europesays.com\/lt\/245233\/","title":{"rendered":"Si\u016bloma skirti per 12 mln. eur\u0173 pagalbai Ukrainos karo pab\u0117g\u0117liams &#8211; Respublika.lt"},"content":{"rendered":"<p><img loading=\"lazy\" decoding=\"async\" src=\"https:\/\/www.respublika.lt\/lt\/naujienos\/lietuva\/kitos-lietuvos-zinios\/sadm-siuloma-skirti-per-12-mln-euru-pagalbai-ukrainos-karo-pabegeliams\/images\/ico_camera_white.gif\" class=\"camera\" width=\"22\" height=\"15\" alt=\"nuotr.\" style=\"position:relative; top:-2px; right:2px;\"\/> 1 nuotr.<\/p>\n<p>Asociatyvi Pexels.com nuotr.<\/p>\n<p style=\"text-align: left;\">Finans\u0173 ministerija Vyriausybei teikia nutarimo projekt\u0105, kuriuo si\u016blo Socialin\u0117s apsaugos ir darbo ministerijai (SADM) skirti daugiau kaip 12,2 mln. eur\u0173. \u0160ios l\u0117\u0161os b\u016bt\u0173 naudojamos padengti i\u0161laidas, susijusias su pagalbos teikimu Ukrainos karo pab\u0117g\u0117liams.<\/p>\n<p style=\"text-align: justify;\" class=\"desktop_banner\">\u00a0<\/p>\n<p style=\"text-align: left;\">\u00a0<\/p>\n<p style=\"text-align: left;\">Kaip nurodoma nutarimo projekte, \u0161i\u0105 sum\u0105 pra\u0161oma skirti i\u0161 valstyb\u0117s vardu pasiskolint\u0173 l\u0117\u0161\u0173.<\/p>\n<p style=\"text-align: left;\">Did\u017eioji dalis l\u0117\u0161\u0173 \u2013 beveik 11,94 mln. eur\u0173 \u2013 numatoma skirti i\u0161laidoms, patirtoms \u0161i\u0173 met\u0173 baland\u017eio\u2013bir\u017eelio m\u0117nesiais, kompensuoti. Jos b\u016bt\u0173 panaudotos \u012fvairioms socialin\u0117ms i\u0161mokoms.\u00a0<\/p>\n<p style=\"text-align: left;\">Dar 310 t\u016bkst. eur\u0173 numatoma skirti i\u0161laidoms, planuojamoms patirti nuo 2026 m. liepos 1 d. iki rugs\u0117jo 30\u00a0d.<\/p>\n<p style=\"text-align: left;\">Kaip nurodoma projekte, \u0161ios l\u0117\u0161os b\u016bt\u0173 skirtos nelydim\u0173 nepilname\u010di\u0173 ir vaik\u0173, likusi\u0173 be t\u0117v\u0173 globos, socialinei globai, u\u017esienie\u010diams teikiamoms socialin\u0117ms paslaugoms, vienkartin\u0117ms \u012fsik\u016brimo i\u0161mokoms bei vaik\u0173 ugdymo kompensacijoms.<\/p>\n<p style=\"text-align: left;\">Taip pat 2,8 t\u016bkst. eur\u0173 numatyta skirti Pri\u0117mimo ir integracijos agent\u016bros i\u0161laidoms, susijusioms su i\u0161 Ukrainos perkeliam\u0173 asmen\u0173 integracija, padengti.<\/p>\n<p style=\"text-align: left;\">L\u0117\u0161os b\u016bt\u0173 skiriamos savivaldyb\u0117ms socialin\u0117s apsaugos ir darbo ministro nustatyta tvarka, u\u017etikrinant j\u0173 panaudojimo kontrol\u0119.<\/p>\n<p>Patiko straipsnis? Leisk mums apie tai su\u017einoti. Nepamir\u0161k pasidalinti Facebook! <\/p>\n<p><img loading=\"lazy\" decoding=\"async\" class=\"p2_social_circle_icon\" src=\"https:\/\/www.respublika.lt\/images\/thumbs_up.svg\" width=\"21\" height=\"22\" alt=\"L\"\/><\/p>\n<p><img loading=\"lazy\" decoding=\"async\" class=\"p2_social_circle_icon\" src=\"https:\/\/www.respublika.lt\/images\/facebook.svg\" alt=\"F\" width=\"22\" height=\"22\" style=\"filter: invert(37%) sepia(55%) saturate(2351%) hue-rotate(187deg) brightness(102%) contrast(106%);\"\/><\/p>\n<p>&#13;<br \/>\n\tNesutinkate &#8211; diskutuokime!<br \/>&#13;<br \/>\n\tNepykite komentatoriai, bet komentarai su keiksma\u017eod\u017eiais bus \u0161alinami automati\u0161kai, be atsipra\u0161ymo.\n    <\/p>\n<p>&#13;<br \/>\n              Respublika.lt pasilieka teis\u0119 pa\u0161alinti nekult\u016bringus, keiksma\u017eod\u017eiais pagardintus, su tema nesusijusius, kito asmens vardu pasira\u0161ytus, \u012fstatymus pa\u017eeid\u017eian\u010dius, \u0161lam\u0161t\u0105 reklamuojan\u010dius ar nusikalsti kurstan\u010dius komentarus. Jei kurstysite smurt\u0105, rasin\u0119, tautin\u0119, religin\u0119 ar kitokio pob\u016bd\u017eio neapykant\u0105, \u017evirbliu i\u0161skrid\u0119 j\u016bs\u0173 \u017eod\u017eiai gr\u012f\u017edami gali virsti ton\u0105 sverian\u010diu jau\u010diu &#8211; specialiosioms Lietuvos tarnyboms pareikalavus suteiksime j\u016bs\u0173 duomenis.\n            <\/p>\n","protected":false},"excerpt":{"rendered":"1 nuotr. Asociatyvi Pexels.com nuotr. Finans\u0173 ministerija Vyriausybei teikia nutarimo projekt\u0105, kuriuo si\u016blo Socialin\u0117s apsaugos ir darbo ministerijai&hellip;\n","protected":false},"author":2,"featured_media":245234,"comment_status":"","ping_status":"","sticky":false,"template":"","format":"standard","meta":{"footnotes":"","_share_on_mastodon":"0"},"categories":[15],"tags":[25,30,31,34,35,1227,24,32,33,875,37,39,36,38,40,1228,23,22,44,28,29,26,27,360,557,74,75,76],"class_list":["post-245233","post","type-post","status-publish","format-standard","has-post-thumbnail","category-pasaulis","tag-antrastes","tag-breaking-news","tag-breakingnews","tag-featured-news","tag-featurednews","tag-finansu","tag-headlines","tag-latest-news","tag-latestnews","tag-lesos","tag-lietuva","tag-lietuviu","tag-lithuania","tag-lithuanian","tag-lt","tag-ministerija","tag-naujienos","tag-news","tag-pasaulis","tag-populiariausios-naujienos","tag-populiariausiosnaujienos","tag-top-stories","tag-topstories","tag-ukraina","tag-vyriausybe","tag-world","tag-world-news","tag-worldnews"],"share_on_mastodon":{"url":"https:\/\/pubeurope.com\/@lt\/117033484330984461","error":""},"_links":{"self":[{"href":"https:\/\/www.europesays.com\/lt\/wp-json\/wp\/v2\/posts\/245233","targetHints":{"allow":["GET"]}}],"collection":[{"href":"https:\/\/www.europesays.com\/lt\/wp-json\/wp\/v2\/posts"}],"about":[{"href":"https:\/\/www.europesays.com\/lt\/wp-json\/wp\/v2\/types\/post"}],"author":[{"embeddable":true,"href":"https:\/\/www.europesays.com\/lt\/wp-json\/wp\/v2\/users\/2"}],"replies":[{"embeddable":true,"href":"https:\/\/www.europesays.com\/lt\/wp-json\/wp\/v2\/comments?post=245233"}],"version-history":[{"count":0,"href":"https:\/\/www.europesays.com\/lt\/wp-json\/wp\/v2\/posts\/245233\/revisions"}],"wp:featuredmedia":[{"embeddable":true,"href":"https:\/\/www.europesays.com\/lt\/wp-json\/wp\/v2\/media\/245234"}],"wp:attachment":[{"href":"https:\/\/www.europesays.com\/lt\/wp-json\/wp\/v2\/media?parent=245233"}],"wp:term":[{"taxonomy":"category","embeddable":true,"href":"https:\/\/www.europesays.com\/lt\/wp-json\/wp\/v2\/categories?post=245233"},{"taxonomy":"post_tag","embeddable":true,"href":"https:\/\/www.europesays.com\/lt\/wp-json\/wp\/v2\/tags?post=245233"}],"curies":[{"name":"wp","href":"https:\/\/api.w.org\/{rel}","templated":true}]}}