{"id":245685,"date":"2026-08-04T10:57:07","date_gmt":"2026-08-04T10:57:07","guid":{"rendered":"https:\/\/www.europesays.com\/lt\/245685\/"},"modified":"2026-08-04T10:57:07","modified_gmt":"2026-08-04T10:57:07","slug":"lietuva-sparciausiai-auganti-atsinaujinancios-elektros-energijos-rinka-es-alkas-lt","status":"publish","type":"post","link":"https:\/\/www.europesays.com\/lt\/245685\/","title":{"rendered":"Lietuva \u2013 spar\u010diausiai auganti atsinaujinan\u010dios elektros energijos rinka ES \u2013 Alkas.lt"},"content":{"rendered":"<p>Naujausi Eurostato duomenys\u00a0patvirtina, kad per pastaruosius ketverius metus Lietuvoje, tarp vis\u0173 ES valstybi\u0173 nari\u0173, spar\u010diausiai augo atsinaujinan\u010dios<a href=\"https:\/\/alkas.lt\/tag\/elektra\/\" rel=\"nofollow noopener\" target=\"_blank\"> elektros<\/a> energijos dalis. 2021\u20132025 m. atsinaujinan\u010di\u0173 \u0161altini\u0173 dalis Lietuvos elektros suvartojime i\u0161augo daugiau nei bet kurioje kitoje ES \u0161alyje per t\u0105 pat\u012f laikotarp\u012f.<\/p>\n<p>2025 m. duomenimis, Lietuva ne tik pasivijo, bet ir aplenk\u0117 Europos S\u0105jungos vidurk\u012f (49,9 proc.).<\/p>\n<p>\u0160\u012f prover\u017e\u012f l\u0117m\u0117 sparti saul\u0117s ir v\u0117jo elektrini\u0173 pl\u0117tra: 2024\u20132025 m. saul\u0117s ir v\u0117jo elektrini\u0173 bendra galia augo de\u0161imtimis procent\u0173 kasmet, o gaminan\u010di\u0173 vartotoj\u0173 (nam\u0173 \u016bki\u0173 ir \u012fmoni\u0173, kurie patys pasigamina elektr\u0105) skai\u010dius Lietuvoje art\u0117ja prie 200 t\u016bkstan\u010di\u0173.<\/p>\n<p>\u201ePer kelerius metus Lietuva tapo viena i\u0161 atsinaujinan\u010dios elektros energijos gamybos lyderi\u0173 Europos S\u0105jungoje. Tai nuoseklios politikos ir spar\u010dios saul\u0117s bei v\u0117jo elektrini\u0173 pl\u0117tros rezultatas. \u0160is spartus augimas \u2013 tai tiesioginis konkurencinis prana\u0161umas: pigesn\u0117, stabilesn\u0117 ir \u017ealesn\u0117 elektra yra vienas i\u0161 pagrindini\u0173 kriterij\u0173, \u012f kuriuos investuotojai \u017ei\u016bri rinkdamiesi, kur pl\u0117sti gamyb\u0105. Lietuva \u0161iandien gali pasi\u016blyti tai, ko nepasi\u016blo dauguma kaimynini\u0173 ir net didesni\u0173 Europos valstybi\u0173\u201c, \u2013 sako Energetikos ministras Lukas Savickas.<\/p>\n<p>Investicijos \u012f infrastrukt\u016br\u0105, kaupiklius ir naujas rinkas \u2013 kitas b\u016btinas \u017eingsnis<\/p>\n<p>Sparti saul\u0117s ir v\u0117jo elektrini\u0173 pl\u0117tra kelia nauj\u0105 i\u0161\u0161\u016bk\u012f \u2013 pagamint\u0105 elektr\u0105 reikia ne tik saugiai integruoti \u012f tinkl\u0105, bet ir rasti jai realizavimo galimybes. \u201eLitgrid\u201c duomenimis, 2026 m. pirm\u0105j\u012f pusmet\u012f prie perdavimo ir skirstymo tinkl\u0173 i\u0161 viso prijungta 752 MW nauj\u0173 saul\u0117s, v\u0117jo elektrini\u0173 ir kaupikli\u0173 galios \u2013 18,6 proc. daugiau nei tuo pa\u010diu laikotarpiu pernai (634 MW). Ypa\u010d ry\u0161kus \u0161uolis fiksuojamas kaupimo \u012frengini\u0173 srityje: \u0161iemet per pusmet\u012f prijungta apie 276 MW baterij\u0173 sistem\u0173, kai pernai per t\u0105 pat\u012f laikotarp\u012f \u2013 19 MW. Bendra veikian\u010di\u0173 baterij\u0173 kaupikli\u0173 galia \u0161alyje jau siekia 0,7 GW, o iki \u0161i\u0173 met\u0173 pabaigos tikimasi, kad ji vir\u0161ys 1,3 GW.<\/p>\n<p>Kaupimo sistemos leid\u017eia efektyviau panaudoti nepastovi\u0105 saul\u0117s ir v\u0117jo gamyb\u0105, suma\u017eina elektros kain\u0173 svyravimus didmenin\u0117je rinkoje ir didina viso tinklo lankstum\u0105 bei patikimum\u0105. Valstyb\u0117 \u0161i\u0105 pl\u0117tr\u0105 aktyviai remia: nuo 2025 m. teikiama parama ir paskolos gyventojams bei verslui kaupimo \u012frenginiams \u012fsirengti, stambiesiems projektams numatyta kompensuoti 90 proc. prijungimo prie tinklo i\u0161laid\u0173, taip pat patvirtinta tinkl\u0173 rezervavimo tvarka dideliesiems vartotojams ir ruo\u0161iamasi dinaminio elektros tarifo \u012fvedimui.<\/p>\n<p>Spar\u010diai augantis atsinaujinan\u010dios energijos kiekis reikalauja nauj\u0173 rink\u0173 jai realizuoti \u2013 tiek vidaus, tiek eksporto. Tod\u0117l lygiagre\u010diai ple\u010diamos ir tarpsistemin\u0117s jungtys: didinamas \u201eLitPol Link\u201c pralaidumas, spar\u010diai \u012fgyvendinami \u201eHarmony Link\u201c bei Lietuvos\u2013Latvijos jung\u010di\u0173 projektai. Tai atveria keli\u0105 didesniam \u017ealiosios elektros pertekliaus eksportui \u012f kaimynines rinkas tuo metu, kai vietin\u0117 paklausa jo pilnai nesuvartoja, ir kartu sudaro s\u0105lygas pritraukti naujus, elektrai imlius vartotojus (pramon\u0119, duomen\u0173 centrus), kurie gal\u0117t\u0173 \u0161\u012f pertekli\u0173 sunaudoti vietoje.<\/p>\n<p>Bendra atsinaujinan\u010dios energetikos galia Lietuvoje \u0161iuo metu siekia 6,4 GW \u2013 39 proc. (1,8 GW) daugiau nei prie\u0161 metus, o iki \u0161i\u0173 met\u0173 pabaigos planuojama pasiekti 7 GW.<\/p>\n<p>Kod\u0117l tai svarbu Lietuvai<\/p>\n<p>Sparti per\u0117jimo prie atsinaujinan\u010dios energetikos eiga stiprina \u0161alies energetin\u012f saugum\u0105 ir ma\u017eina priklausomyb\u0119 nuo importuojamos elektros bei i\u0161kastinio kuro kain\u0173 svyravim\u0173. Tai taip pat \u017eingsnis link nacionalinio tikslo \u2013 iki 2030 m. pasiekti 100 proc. atsinaujinan\u010dios energijos dal\u012f elektros sektoriuje, o kartu ir energetin\u0117s nepriklausomyb\u0117s.<\/p>\n<p>Konkurencinis prana\u0161umas verslui ir investicijoms<\/p>\n<p>Spar\u010diai auganti vietin\u0117, pigesn\u0117 atsinaujinan\u010dios energijos gamyba tiesiogiai prisideda prie verslo aplinkos patrauklumo. \u017demesn\u0117s ir stabilesn\u0117s elektros kainos, didel\u0117 \u017ealios energijos dalis bei ai\u0161ki augimo trajektorija tampa svariu argumentu pritraukiant tarptautines investicijas \u2013 ypa\u010d i\u0161 pramon\u0117s, duomen\u0173 centr\u0173 ir technologij\u0173 sektori\u0173, kuriems vis da\u017eniau keliami grie\u017eti tvarumo ir \u017ealiosios energijos naudojimo reikalavimai.<\/p>\n<p>Nam\u0173 \u016bkiams ir vietos verslui tai rei\u0161kia didesn\u012f atsparum\u0105 energijos kain\u0173 \u0161uoliams bei ilgalaik\u0117je perspektyvoje \u2013 potencialiai ma\u017eesnes elektros s\u0105skaitas, kai vietin\u0117 gamyba visi\u0161kai padengs suvartojimo poreikius.<\/p>\n<p>Parengta pagal Energetikos ministerijos prane\u0161im\u0105<\/p>\n","protected":false},"excerpt":{"rendered":"Naujausi Eurostato duomenys\u00a0patvirtina, kad per pastaruosius ketverius metus Lietuvoje, tarp vis\u0173 ES valstybi\u0173 nari\u0173, spar\u010diausiai augo atsinaujinan\u010dios elektros&hellip;\n","protected":false},"author":2,"featured_media":245686,"comment_status":"","ping_status":"","sticky":false,"template":"","format":"standard","meta":{"footnotes":"","_share_on_mastodon":"0"},"categories":[17],"tags":[36231,81,644,672,37,39,36,38,40,22598,10899,3082,46],"class_list":["post-245685","post","type-post","status-publish","format-standard","has-post-thumbnail","category-verslas","tag-atsinaujinantys-saltiniai","tag-business","tag-energetika","tag-es","tag-lietuva","tag-lietuviu","tag-lithuania","tag-lithuanian","tag-lt","tag-lukas-savickas","tag-saules-elektrines","tag-vejo-jegaines","tag-verslas"],"share_on_mastodon":{"url":"https:\/\/pubeurope.com\/@lt\/117036885480467365","error":""},"_links":{"self":[{"href":"https:\/\/www.europesays.com\/lt\/wp-json\/wp\/v2\/posts\/245685","targetHints":{"allow":["GET"]}}],"collection":[{"href":"https:\/\/www.europesays.com\/lt\/wp-json\/wp\/v2\/posts"}],"about":[{"href":"https:\/\/www.europesays.com\/lt\/wp-json\/wp\/v2\/types\/post"}],"author":[{"embeddable":true,"href":"https:\/\/www.europesays.com\/lt\/wp-json\/wp\/v2\/users\/2"}],"replies":[{"embeddable":true,"href":"https:\/\/www.europesays.com\/lt\/wp-json\/wp\/v2\/comments?post=245685"}],"version-history":[{"count":0,"href":"https:\/\/www.europesays.com\/lt\/wp-json\/wp\/v2\/posts\/245685\/revisions"}],"wp:featuredmedia":[{"embeddable":true,"href":"https:\/\/www.europesays.com\/lt\/wp-json\/wp\/v2\/media\/245686"}],"wp:attachment":[{"href":"https:\/\/www.europesays.com\/lt\/wp-json\/wp\/v2\/media?parent=245685"}],"wp:term":[{"taxonomy":"category","embeddable":true,"href":"https:\/\/www.europesays.com\/lt\/wp-json\/wp\/v2\/categories?post=245685"},{"taxonomy":"post_tag","embeddable":true,"href":"https:\/\/www.europesays.com\/lt\/wp-json\/wp\/v2\/tags?post=245685"}],"curies":[{"name":"wp","href":"https:\/\/api.w.org\/{rel}","templated":true}]}}