{"id":245755,"date":"2026-08-04T12:32:09","date_gmt":"2026-08-04T12:32:09","guid":{"rendered":"https:\/\/www.europesays.com\/lt\/245755\/"},"modified":"2026-08-04T12:32:09","modified_gmt":"2026-08-04T12:32:09","slug":"rukytoje-desroje-aptiko-bakterija-pirkejai-perspejami","status":"publish","type":"post","link":"https:\/\/www.europesays.com\/lt\/245755\/","title":{"rendered":"R\u016bkytoje de\u0161roje aptiko bakterij\u0105 \u2013 pirk\u0117jai persp\u0117jami"},"content":{"rendered":"<p>Valstybin\u0117 maisto ir veterinarijos tarnyba (VMVT) skelbia, kad pjaustytoje de\u0161roje \u201eSaliamis\u201c, kurios gamintojas \u201eKrekenavos agrofirma\u201c, aptikta patogenini\u0173 organizm\u0173 \u2013 <a rel=\"noopener nofollow\" target=\"_blank\" href=\"https:\/\/www.delfi.lt\/temos\/listeria-monocytogenes\" tag-id=\"71245410\">Listeria monocytogenes<\/a>. Prane\u0161ime kaip ma\u017emenin\u0117s prekybos bendrov\u0117 minima \u201e<a rel=\"noopener nofollow\" target=\"_blank\" href=\"https:\/\/www.delfi.lt\/temos\/iki-3\" tag-id=\"96616729\">Iki<\/a> Lietuva\u201c. <\/p>\n<p>Prekybos tinklas \u201eIki\u201c komentuoja, kad vos gav\u0119s informacijos apie \u0161\u012f incident\u0105 kreip\u0117si \u012f tinklo privataus \u017eenklo saliam\u012f gaminant\u012f tiek\u0117j\u0105, kad i\u0161siai\u0161kint\u0173 situacij\u0105.<\/p>\n<p>\u201eVis\u0173 pirma, labai apgailestaujame u\u017e netinkamos kokyb\u0117s prek\u0119. (\u2026) Pirk\u0117jai, \u012fsigij\u0119 \u201eIki\u201c saliam\u012f, kurio galiojimo data 2026-10-12, o partijos numeris GM261764946602, iki rugpj\u016b\u010dio 16 dienos gali gr\u0105\u017einti \u012f bet kuri\u0105 \u201eIki\u201c parduotuv\u0119. <\/p>\n<p>\u0160i\u0105 prek\u0119 priimsime atgal ir pinigus gr\u0105\u017einsime ir be \u010dekio\u201c, \u2013 naujien\u0173 portalui \u201eDelfi\u201c komentuoja \u201eIki\u201c komunikacijos vadov\u0117 Gintar\u0117 Kitov\u0117. <\/p>\n<p>Pasak jos, b\u016btent \u0161ios partijos prek\u0117s parduotuv\u0117se buvo nedideli kiekiai, o nuo pra\u0117jusios savait\u0117s pabaigos ji buvo i\u0161imta i\u0161 lentyn\u0173. <\/p>\n<p>\u201ePreki\u0173 kokyb\u0117 mums labai svarbi, tod\u0117l savo privatiems prek\u0117s \u017eenklams nuolat vykdome savikontrol\u0117s tyrimus. <\/p>\n<p>B\u016btent \u0161iam saliamiui dar \u0161iais metais buvo vykdyti kokyb\u0117s tyrimai, kuriuose joki\u0173 neatitikim\u0173 kokybei nenustatyta, tad tik\u0117tina, jog galimi neatitikimai bus paliet\u0119 tik vien\u0105 partij\u0105, kurios \u0161ios metu parduotuv\u0117se jau neb\u0117ra\u201c, \u2013 sak\u0117 G. Kitov\u0117. <\/p>\n<p>Listeria monocytogenes \u2013 ypa\u010d pavojinga bakterija, nes ji gali sukelti sunki\u0105 maistu plintan\u010di\u0105 infekcij\u0105 \u2013 listerioz\u0119, kuri kartais baigiasi rimtomis sveikatos komplikacijomis ir net mirtimi, prane\u0161a VMVT. Be to, \u0161i bakterija gali daugintis net \u0161aldytuvo temperat\u016broje, tod\u0117l rizika i\u0161lieka net tinkamai laikomuose maisto produktuose, ypa\u010d gaminiuose, paruo\u0161tuose vartoti be papildomo apdorojimo.<\/p>\n","protected":false},"excerpt":{"rendered":"Valstybin\u0117 maisto ir veterinarijos tarnyba (VMVT) skelbia, kad pjaustytoje de\u0161roje \u201eSaliamis\u201c, kurios gamintojas \u201eKrekenavos agrofirma\u201c, aptikta patogenini\u0173 organizm\u0173&hellip;\n","protected":false},"author":2,"featured_media":245756,"comment_status":"","ping_status":"","sticky":false,"template":"","format":"standard","meta":{"footnotes":"","_share_on_mastodon":"0"},"categories":[6],"tags":[25,30,31,34,35,24,2742,32,33,37,39,36242,36,38,40,23,22,28,29,26,27,5517],"class_list":["post-245755","post","type-post","status-publish","format-standard","has-post-thumbnail","category-antrastes","tag-antrastes","tag-breaking-news","tag-breakingnews","tag-featured-news","tag-featurednews","tag-headlines","tag-iki","tag-latest-news","tag-latestnews","tag-lietuva","tag-lietuviu","tag-listeria-monocytogenes","tag-lithuania","tag-lithuanian","tag-lt","tag-naujienos","tag-news","tag-populiariausios-naujienos","tag-populiariausiosnaujienos","tag-top-stories","tag-topstories","tag-valstybine-maisto-ir-veterinarijos-tarnyba-vmvt"],"share_on_mastodon":{"url":"https:\/\/pubeurope.com\/@lt\/117037258785087810","error":""},"_links":{"self":[{"href":"https:\/\/www.europesays.com\/lt\/wp-json\/wp\/v2\/posts\/245755","targetHints":{"allow":["GET"]}}],"collection":[{"href":"https:\/\/www.europesays.com\/lt\/wp-json\/wp\/v2\/posts"}],"about":[{"href":"https:\/\/www.europesays.com\/lt\/wp-json\/wp\/v2\/types\/post"}],"author":[{"embeddable":true,"href":"https:\/\/www.europesays.com\/lt\/wp-json\/wp\/v2\/users\/2"}],"replies":[{"embeddable":true,"href":"https:\/\/www.europesays.com\/lt\/wp-json\/wp\/v2\/comments?post=245755"}],"version-history":[{"count":0,"href":"https:\/\/www.europesays.com\/lt\/wp-json\/wp\/v2\/posts\/245755\/revisions"}],"wp:featuredmedia":[{"embeddable":true,"href":"https:\/\/www.europesays.com\/lt\/wp-json\/wp\/v2\/media\/245756"}],"wp:attachment":[{"href":"https:\/\/www.europesays.com\/lt\/wp-json\/wp\/v2\/media?parent=245755"}],"wp:term":[{"taxonomy":"category","embeddable":true,"href":"https:\/\/www.europesays.com\/lt\/wp-json\/wp\/v2\/categories?post=245755"},{"taxonomy":"post_tag","embeddable":true,"href":"https:\/\/www.europesays.com\/lt\/wp-json\/wp\/v2\/tags?post=245755"}],"curies":[{"name":"wp","href":"https:\/\/api.w.org\/{rel}","templated":true}]}}