{"id":245883,"date":"2026-08-04T15:06:39","date_gmt":"2026-08-04T15:06:39","guid":{"rendered":"https:\/\/www.europesays.com\/lt\/245883\/"},"modified":"2026-08-04T15:06:39","modified_gmt":"2026-08-04T15:06:39","slug":"buves-lietuvos-rinktines-zaidejas-derins-vadovo-kostiuma-su-krepsininko-apranga","status":"publish","type":"post","link":"https:\/\/www.europesays.com\/lt\/245883\/","title":{"rendered":"Buv\u0119s Lietuvos rinktin\u0117s \u017eaid\u0117jas derins vadovo kostium\u0105 su krep\u0161ininko apranga"},"content":{"rendered":"<p class=\"isSelectedEnd\">Kauno rajono klubas oficialiai paskelb\u0117 dar vienam sezonui i\u0161saugoj\u0119s vien\u0105 svarbiausi\u0173 savo \u017eaid\u0117j\u0173. Tiesa, art\u0117jan\u010diame sezone \u0160. Vasiliauskui teks ne\u012fprastas dvigubas vaidmuo.<\/p>\n<p class=\"isSelectedEnd\">Bir\u017eel\u012f buv\u0119s Lietuvos rinktin\u0117s krep\u0161ininkas prisijung\u0117 prie \u201eJonava Hipocredit\u201c administracijos ir tapo klubo krep\u0161inio operacij\u0173 vadovu. Eidamas \u0161ias pareigas jis r\u016bpinsis sportin\u0117s veiklos koordinavimu, dalyvaus formuojant komandos sud\u0117t\u012f, bendradarbiaus su treneri\u0173 \u0161tabu ir spr\u0119s kitus su krep\u0161inio dalimi susijusius klausimus.<\/p>\n<p class=\"isSelectedEnd\">Art\u0117jant\u012f sezon\u0105 Vasiliauskas vienu metu darbuosis LKL klubo valdymo grandyje ir pats \u017eengs \u012f aik\u0161t\u0119 antroje pagal paj\u0117gum\u0105 \u0161alies lygoje.<\/p>\n<p class=\"isSelectedEnd\">\u201eI\u0161\u0161\u016bkis tikrai nema\u017eas, bet kai nori, visk\u0105 galima suderinti. Nenoriu i\u0161 anksto svarstyti, ar sp\u0117siu, ar ne\u201c, \u2013 sak\u0117 \u0160. Vasiliauskas.<\/p>\n<p class=\"isSelectedEnd\">Gyn\u0117jas prid\u016br\u0117 tebejau\u010diantis motyvacij\u0105 rungtyniauti ir kartu \u017eengti pirmuosius \u017eingsnius naujoje karjeros srityje. Anks\u010diau \u017eaid\u0117jo karjer\u0105 jam pavyko derinti ir su krep\u0161inio rungtyni\u0173 komentavimu.<\/p>\n<p class=\"isSelectedEnd\">Pra\u0117jusiame NKL sezone \u0160. Vasiliauskas i\u0161liko vienu ry\u0161kiausi\u0173 Kauno rajono ekipos \u017eaid\u0117j\u0173. Per 39 rungtynes \u012f\u017eaid\u0117jas vidutini\u0161kai peln\u0117 po 17,9 ta\u0161ko, atliko po 5,8 rezultatyvaus perdavimo ir rinko po 18 naudingumo bal\u0173.<\/p>\n<p>Profesionalo karjer\u0105 Kauno \u201e\u017dalgirio\u201c sistemoje prad\u0117j\u0119s \u0160. Vasiliauskas taip pat rungtyniavo Ispanijoje, Lenkijoje, Turkijoje, Rumunijoje bei atstovavo Lietuvos rinktinei.<\/p>\n","protected":false},"excerpt":{"rendered":"Kauno rajono klubas oficialiai paskelb\u0117 dar vienam sezonui i\u0161saugoj\u0119s vien\u0105 svarbiausi\u0173 savo \u017eaid\u0117j\u0173. Tiesa, art\u0117jan\u010diame sezone \u0160. Vasiliauskui&hellip;\n","protected":false},"author":2,"featured_media":245884,"comment_status":"","ping_status":"","sticky":false,"template":"","format":"standard","meta":{"footnotes":"","_share_on_mastodon":"0"},"categories":[19],"tags":[37,39,36,38,327,40,17685,29684,47,104],"class_list":["post-245883","post","type-post","status-publish","format-standard","has-post-thumbnail","category-sportas","tag-lietuva","tag-lietuviu","tag-lithuania","tag-lithuanian","tag-lkl","tag-lt","tag-nkl","tag-sarunas-vasiliauskas","tag-sportas","tag-sports"],"share_on_mastodon":{"url":"https:\/\/pubeurope.com\/@lt\/117037864223783919","error":""},"_links":{"self":[{"href":"https:\/\/www.europesays.com\/lt\/wp-json\/wp\/v2\/posts\/245883","targetHints":{"allow":["GET"]}}],"collection":[{"href":"https:\/\/www.europesays.com\/lt\/wp-json\/wp\/v2\/posts"}],"about":[{"href":"https:\/\/www.europesays.com\/lt\/wp-json\/wp\/v2\/types\/post"}],"author":[{"embeddable":true,"href":"https:\/\/www.europesays.com\/lt\/wp-json\/wp\/v2\/users\/2"}],"replies":[{"embeddable":true,"href":"https:\/\/www.europesays.com\/lt\/wp-json\/wp\/v2\/comments?post=245883"}],"version-history":[{"count":0,"href":"https:\/\/www.europesays.com\/lt\/wp-json\/wp\/v2\/posts\/245883\/revisions"}],"wp:featuredmedia":[{"embeddable":true,"href":"https:\/\/www.europesays.com\/lt\/wp-json\/wp\/v2\/media\/245884"}],"wp:attachment":[{"href":"https:\/\/www.europesays.com\/lt\/wp-json\/wp\/v2\/media?parent=245883"}],"wp:term":[{"taxonomy":"category","embeddable":true,"href":"https:\/\/www.europesays.com\/lt\/wp-json\/wp\/v2\/categories?post=245883"},{"taxonomy":"post_tag","embeddable":true,"href":"https:\/\/www.europesays.com\/lt\/wp-json\/wp\/v2\/tags?post=245883"}],"curies":[{"name":"wp","href":"https:\/\/api.w.org\/{rel}","templated":true}]}}