{"id":246125,"date":"2026-08-04T20:15:17","date_gmt":"2026-08-04T20:15:17","guid":{"rendered":"https:\/\/www.europesays.com\/lt\/246125\/"},"modified":"2026-08-04T20:15:17","modified_gmt":"2026-08-04T20:15:17","slug":"maximoje-nauja-tvarka-apsiperkant-vakarais","status":"publish","type":"post","link":"https:\/\/www.europesays.com\/lt\/246125\/","title":{"rendered":"Maximoje \u2013 nauja tvarka apsiperkant vakarais"},"content":{"rendered":"<p>\u0160\u012f pasikeitim\u0105 socialiniame tinkle \u201eThreads\u201c pasteb\u0117jo viena vartotoja.<\/p>\n<p>Kiti vartotojai j\u0105 patais\u0117, kad i\u0161 ties\u0173 \u0161i tvarka galioja nuo 20 valandos, taip pat reagavo klausdami, kuo tai blogai ir dalijosi, jog savitarnos kasas renkasi visada. <\/p>\n<p>    <img decoding=\"async\" src=\"https:\/\/www.europesays.com\/lt\/wp-content\/uploads\/2026\/08\/09881170-5029-4f54-8511-28da9367755b.jpg\" loading=\"lazy\" alt=\"Vilniuje v\u0117l veikia \u201eMindaugo\u201c \u201eMaxima\u201c\"\/>      <\/p>\n<p>\u201eNepatinka, nesiruo\u0161iu kuistis su daug skirting\u0173 preki\u0173 toje kasoje\u201c, \u2013 atsak\u0117 ji.<\/p>\n<p>Tiesa, buvo ir besidalinusi\u0173 pana\u0161ia nuomone kaip ir \u012fra\u0161o autor\u0117.<\/p>\n<p>\u201eBuvau \u0161iandien \u201eMaximoje\u201c apie 16 val., dirbo viena kasa, kitos \u2013 tik savitarnos. Nepatinka\u201c, \u2013 ra\u0161\u0117 moteris.<\/p>\n<p>Vakare ir ryte \u2013 ma\u017eesni pirk\u0117j\u0173 srautai  <\/p>\n<p>\u201eDelfi\u201c susisiek\u0117 su tinklo atstove Ernesta Vareikyte. Ji pakomentavo, kad nuo liepos 1 dienos visose \u201eMaximos\u201c parduotuv\u0117se atnaujinta kas\u0173 darbo organizavimo tvarka.<\/p>\n<p>\u201ePagal j\u0105 \u012fprastos kasos veikia nuo 10 iki 20 valandos, ta\u010diau tai nerei\u0161kia, kad <a rel=\"noopener nofollow\" target=\"_blank\" href=\"https:\/\/www.delfi.lt\/temos\/pirkejai\" tag-id=\"51001421\">pirk\u0117jai<\/a> negali b\u016bti aptarnaujami \u012fprastoje kasoje.<\/p>\n<p>Svarbu pabr\u0117\u017eti, kad kasininkai parduotuv\u0117se dirba vis\u0105 parduotuv\u0117s darbo laik\u0105. Jei iki 10 valandos ryto ar po 20 valandos susidaro didesni pirk\u0117j\u0173 srautai, pirk\u0117jai aptarnaujami \u012fprastoje kasoje.<\/p>\n<p>    <img decoding=\"async\" src=\"https:\/\/www.europesays.com\/lt\/wp-content\/uploads\/2026\/08\/a06dd3af-900e-44a6-98e3-7b34e585cde2.jpg\" loading=\"lazy\" alt=\"Ernesta Vareikyt\u0117\"\/>      <\/p>\n<p>Be to, jei pirk\u0117jas pageidauja atsiskaityti \u012fprastoje kasoje arba jam reikalinga pagalba, jis bet kuriuo metu gali kreiptis \u012f sal\u0117s ar savitarnos kas\u0173 darbuotoj\u0105, kuris u\u017etikrins aptarnavim\u0105 \u012fprastoje kasoje\u201c, \u2013 komentare \u201eDelfi\u201c sak\u0117 E. Vareikyt\u0117.<\/p>\n<p>Jos teigimu, sprendimas priimtas siekiant efektyviau organizuoti parduotuvi\u0173 veikl\u0105 ir darbuotoj\u0173 resursus, atsi\u017evelgus \u012f pirk\u0117j\u0173 srautus. Did\u017eiausi pirk\u0117j\u0173 srautai fiksuojami dienos metu, o ankstyv\u0105 ryt\u0105 ir v\u0117lyv\u0105 vakar\u0105 jie ma\u017eesni.<\/p>\n<p>\u201eBe to, vis daugiau pirk\u0117j\u0173, nepriklausomai nuo paros laiko, renkasi atsiskaityti savitarnos kasose \u2013 \u0161iemet jose atliekama 63 proc. vis\u0173 apsipirkim\u0173, kai pra\u0117jusiais metais \u0161i dalis sudar\u0117 58 proc.\u201c, \u2013 informavo atstov\u0117.<\/p>\n<p>Tinklas d\u0117l pasikeitimo teig\u0117 sulauk\u0119s pavieni\u0173 pirk\u0117j\u0173 reakcij\u0173, ta\u010diau, anot E. Vareikyt\u0117s, su \u012fprast\u0173 kas\u0173 darbo laiku susij\u0119 kreipimaisi sudaro ma\u017eiau nei 1 proc. vis\u0173 kreipim\u0173si.<\/p>\n<p>\u201e\u012eprastos kasos i\u0161lieka svarbia m\u016bs\u0173 parduotuvi\u0173 veiklos dalimi, tod\u0117l plan\u0173 pereiti prie modelio, kuriame pirk\u0117jai b\u016bt\u0173 aptarnaujami tik savitarnos kasose, n\u0117ra. Nei \u0161is darbo laiko organizavimo pokytis, nei savitarnos kas\u0173 pl\u0117tra darbo viet\u0173 skai\u010diui \u012ftakos neturi\u201c, \u2013 tikino ji.<\/p>\n","protected":false},"excerpt":{"rendered":"\u0160\u012f pasikeitim\u0105 socialiniame tinkle \u201eThreads\u201c pasteb\u0117jo viena vartotoja. Kiti vartotojai j\u0105 patais\u0117, kad i\u0161 ties\u0173 \u0161i tvarka galioja&hellip;\n","protected":false},"author":2,"featured_media":246126,"comment_status":"","ping_status":"","sticky":false,"template":"","format":"standard","meta":{"footnotes":"","_share_on_mastodon":"0"},"categories":[6],"tags":[25,30,31,34,35,24,32,33,37,39,36,38,40,1349,23,22,7868,28,29,918,26,27],"class_list":["post-246125","post","type-post","status-publish","format-standard","has-post-thumbnail","category-antrastes","tag-antrastes","tag-breaking-news","tag-breakingnews","tag-featured-news","tag-featurednews","tag-headlines","tag-latest-news","tag-latestnews","tag-lietuva","tag-lietuviu","tag-lithuania","tag-lithuanian","tag-lt","tag-maxima","tag-naujienos","tag-news","tag-pirkejai","tag-populiariausios-naujienos","tag-populiariausiosnaujienos","tag-savitarnos-kasos","tag-top-stories","tag-topstories"],"share_on_mastodon":{"url":"https:\/\/pubeurope.com\/@lt\/117039079844094279","error":""},"_links":{"self":[{"href":"https:\/\/www.europesays.com\/lt\/wp-json\/wp\/v2\/posts\/246125","targetHints":{"allow":["GET"]}}],"collection":[{"href":"https:\/\/www.europesays.com\/lt\/wp-json\/wp\/v2\/posts"}],"about":[{"href":"https:\/\/www.europesays.com\/lt\/wp-json\/wp\/v2\/types\/post"}],"author":[{"embeddable":true,"href":"https:\/\/www.europesays.com\/lt\/wp-json\/wp\/v2\/users\/2"}],"replies":[{"embeddable":true,"href":"https:\/\/www.europesays.com\/lt\/wp-json\/wp\/v2\/comments?post=246125"}],"version-history":[{"count":0,"href":"https:\/\/www.europesays.com\/lt\/wp-json\/wp\/v2\/posts\/246125\/revisions"}],"wp:featuredmedia":[{"embeddable":true,"href":"https:\/\/www.europesays.com\/lt\/wp-json\/wp\/v2\/media\/246126"}],"wp:attachment":[{"href":"https:\/\/www.europesays.com\/lt\/wp-json\/wp\/v2\/media?parent=246125"}],"wp:term":[{"taxonomy":"category","embeddable":true,"href":"https:\/\/www.europesays.com\/lt\/wp-json\/wp\/v2\/categories?post=246125"},{"taxonomy":"post_tag","embeddable":true,"href":"https:\/\/www.europesays.com\/lt\/wp-json\/wp\/v2\/tags?post=246125"}],"curies":[{"name":"wp","href":"https:\/\/api.w.org\/{rel}","templated":true}]}}