{"id":246223,"date":"2026-08-05T02:00:15","date_gmt":"2026-08-05T02:00:15","guid":{"rendered":"https:\/\/www.europesays.com\/lt\/246223\/"},"modified":"2026-08-05T02:00:15","modified_gmt":"2026-08-05T02:00:15","slug":"vaizdo-irase-ukrainos-kariais-apsimetantys-vyrai-grasina-iranui-kas-isduoda-kad-jie-nera-ukrainieciai","status":"publish","type":"post","link":"https:\/\/www.europesays.com\/lt\/246223\/","title":{"rendered":"Vaizdo \u012fra\u0161e Ukrainos kariais apsimetantys vyrai grasina Iranui \u2013 kas i\u0161duoda, kad jie n\u0117ra ukrainie\u010diai?"},"content":{"rendered":"\n<p>Vaizdo \u012fra\u0161e Ukrainos specialiosios paj\u0117gos grasina Iranui.<\/p>\n<p>Klastot\u0117. Vaizdo \u012fra\u0161e skambanti ukrainie\u010di\u0173 kalba buvo sukurta dirbtiniu intelektu. Ukrainos kovos su dezinformacija centras patvirtina, kad \u012fra\u0161e girdima kalba skamba nenat\u016braliai, o \u012fra\u0161e matomi vyrai neturi nieko bendra su Ukrainos kariuomene.<\/p>\n<p>Melo detektoriaus komentaras<\/p>\n<p>Socialiniuose tinkluose platinamas vaizdo \u012fra\u0161as, kuriame teigiama, kad Ukrainos specialiosios paj\u0117gos grasina Iranui. Vaizdo \u012fra\u0161e kalba popieriaus lap\u0105 su Irano v\u0117liava laikantis vyras. Jis \u012f Iran\u0105 kreipiasi \u017eeminan\u010diais \u017eod\u017eiais, tvirtindamas, kad kartu su amerikie\u010diais Ukraina jau smog\u0117 Iranui ir smogs dar ne kart\u0105.<\/p>\n<p>    <img decoding=\"async\" src=\"https:\/\/www.europesays.com\/lt\/wp-content\/uploads\/2026\/08\/fae2a220-7417-4731-9ff9-4b4198c558b8.jpg\" loading=\"lazy\" alt=\"Platinamas suklastotas vaizdo \u012fra\u0161as\"\/>      <\/p>\n<p>Vis d\u0117lto dirbtiniu intelektu sukurtus garso \u012fra\u0161us atskiri gebantis nar\u0161ykl\u0117s \u012fskiepis \u201einVID\u201c patvirtina, kad vaizdo \u012fra\u0161e skambanti \u201eukrainie\u010di\u0173 kario\u201c kalba n\u0117ra tikra. Labai tik\u0117tina, kad garso \u012fra\u0161as buvo sukurtas atskirai nuo vaizdo, o kadangi vaizdo \u012fra\u0161e kalban\u010dio vyro veidas u\u017edengtas, nematyti, ar jo l\u016bp\u0173 judesiai sutampa su kalba.<\/p>\n<p>       <img decoding=\"async\" src=\"https:\/\/www.europesays.com\/lt\/wp-content\/uploads\/2026\/08\/90507a42-976c-4a91-9c3b-8588c828dedf.jpg\" loading=\"lazy\" alt=\"Nar\u0161ykl\u0117s \u012fskiepio \u201einVID\u201c verdiktas, kad garso \u012fra\u0161as buvo sukurtas dirbtiniu intelektu\"\/>      <\/p>\n<p>Be to, ant vaizdo \u012fra\u0161e matom\u0173 vyr\u0173 uniform\u0173 n\u0117ra joki\u0173 kit\u0173 skiriam\u0173j\u0173 \u017eenkl\u0173, tik Ukrainos v\u0117liav\u0117l\u0117s.<\/p>\n<p>Ukrainos kovos su dezinformacija centras <a rel=\"noopener nofollow\" target=\"_blank\" href=\"https:\/\/x.com\/CforCD\/status\/2083170639901290865\" data-rel-date-range=\"[]\">taip pat patvirtina<\/a>, kad \u012fra\u0161as n\u0117ra padarytas tikr\u0173 Ukrainos kari\u0173.<\/p>\n<p>\u201eTai i\u0161duoda nenat\u016bralus tarimas, i\u0161kreiptas kontekstas, standart\u0173 neatitinkanti \u012franga ir bet kokio ry\u0161io su tikraisiais Ukrainos gynybos paj\u0117g\u0173 daliniais nebuvimas. Ukrainos ginkluotosios paj\u0117gos toki\u0173 parei\u0161kim\u0173 ar grasinim\u0173 nepateik\u0117. &lt;&#8230;&gt;<\/p>\n<p>\u0160ios provokacijos tikslas \u2013 diskredituoti Ukrainos gynybos paj\u0117gas tarptautin\u0117je arenoje, dirbtinai kurstyti \u012ftamp\u0105 tarptautiniuose santykiuose ir sukurti dar vien\u0105 pretekst\u0105 dezinformacijai, vykdomai Kremliaus propagandos\u201c, \u2013 skelbia Ukrainos kovos su dezinformacija centras.<\/p>\n","protected":false},"excerpt":{"rendered":"Vaizdo \u012fra\u0161e Ukrainos specialiosios paj\u0117gos grasina Iranui. Klastot\u0117. Vaizdo \u012fra\u0161e skambanti ukrainie\u010di\u0173 kalba buvo sukurta dirbtiniu intelektu. Ukrainos&hellip;\n","protected":false},"author":2,"featured_media":246224,"comment_status":"","ping_status":"","sticky":false,"template":"","format":"standard","meta":{"footnotes":"","_share_on_mastodon":"0"},"categories":[15],"tags":[25,30,31,295,34,35,24,79,32,33,37,39,36,38,40,23,22,44,28,29,26,27,360,10508,74,75,76],"class_list":["post-246223","post","type-post","status-publish","format-standard","has-post-thumbnail","category-pasaulis","tag-antrastes","tag-breaking-news","tag-breakingnews","tag-dirbtinis-intelektas","tag-featured-news","tag-featurednews","tag-headlines","tag-iranas","tag-latest-news","tag-latestnews","tag-lietuva","tag-lietuviu","tag-lithuania","tag-lithuanian","tag-lt","tag-naujienos","tag-news","tag-pasaulis","tag-populiariausios-naujienos","tag-populiariausiosnaujienos","tag-top-stories","tag-topstories","tag-ukraina","tag-ukrainos-kariuomene","tag-world","tag-world-news","tag-worldnews"],"share_on_mastodon":{"url":"https:\/\/pubeurope.com\/@lt\/117040436568338065","error":""},"_links":{"self":[{"href":"https:\/\/www.europesays.com\/lt\/wp-json\/wp\/v2\/posts\/246223","targetHints":{"allow":["GET"]}}],"collection":[{"href":"https:\/\/www.europesays.com\/lt\/wp-json\/wp\/v2\/posts"}],"about":[{"href":"https:\/\/www.europesays.com\/lt\/wp-json\/wp\/v2\/types\/post"}],"author":[{"embeddable":true,"href":"https:\/\/www.europesays.com\/lt\/wp-json\/wp\/v2\/users\/2"}],"replies":[{"embeddable":true,"href":"https:\/\/www.europesays.com\/lt\/wp-json\/wp\/v2\/comments?post=246223"}],"version-history":[{"count":0,"href":"https:\/\/www.europesays.com\/lt\/wp-json\/wp\/v2\/posts\/246223\/revisions"}],"wp:featuredmedia":[{"embeddable":true,"href":"https:\/\/www.europesays.com\/lt\/wp-json\/wp\/v2\/media\/246224"}],"wp:attachment":[{"href":"https:\/\/www.europesays.com\/lt\/wp-json\/wp\/v2\/media?parent=246223"}],"wp:term":[{"taxonomy":"category","embeddable":true,"href":"https:\/\/www.europesays.com\/lt\/wp-json\/wp\/v2\/categories?post=246223"},{"taxonomy":"post_tag","embeddable":true,"href":"https:\/\/www.europesays.com\/lt\/wp-json\/wp\/v2\/tags?post=246223"}],"curies":[{"name":"wp","href":"https:\/\/api.w.org\/{rel}","templated":true}]}}