{"id":246387,"date":"2026-08-05T07:30:17","date_gmt":"2026-08-05T07:30:17","guid":{"rendered":"https:\/\/www.europesays.com\/lt\/246387\/"},"modified":"2026-08-05T07:30:17","modified_gmt":"2026-08-05T07:30:17","slug":"vilniuje-neleido-kaune-zalia-sviesa-paaiskino-kodel-fejerverku-festivalis-gales-vykti-kaune","status":"publish","type":"post","link":"https:\/\/www.europesays.com\/lt\/246387\/","title":{"rendered":"Vilniuje neleido, Kaune \u2013 \u017ealia \u0161viesa: paai\u0161kino, kod\u0117l fejerverk\u0173 festivalis gal\u0117s vykti Kaune"},"content":{"rendered":"<p>Po ketveri\u0173 met\u0173 pertraukos sugr\u012f\u017eta tarptautinis fejerverk\u0173 festivalis \u201eFejerija\u201c. Anks\u010diau festivalis vykdavo Vilniuje, ta\u010diau pastar\u0105j\u012f kart\u0105 Vilniaus savivaldybei nei\u0161davus leidimo renginiui, festivalis \u0161iemet persik\u0117l\u0117 \u012f Kaun\u0105. <a href=\"https:\/\/kaunas.kasvyksta.lt\/kauno-miesto-savivaldybe\" title=\"Kauno miesto savivaldyb\u0117\" rel=\"nofollow noopener\" target=\"_blank\">Kauno miesto savivaldyb\u0117<\/a> tikina, jog renginys vyks priva\u010dioje erdv\u0117je.<\/p>\n<p>Po ketveri\u0173 met\u0173 pertraukos \u012f Lietuv\u0105 sugr\u012f\u017eta tarptautinis fejerverk\u0173 festivalis \u201eFejerija\u201c. Rugs\u0117jo 19 d. jubiliejinis, 15-asis renginys pirm\u0105 kart\u0105 vyks Kaune, S. Dariaus ir S. Gir\u0117no aerodrome. Festivalio organizatoriai prane\u0161ime \u017einiasklaidai nurodo, kad vakaro programoje pasirodys keturi\u0173 \u0161ali\u0173 pirotechnik\u0173 komandos, bus demonstruojami istoriniai ANBO l\u0117ktuvai, o rengin\u012f u\u017ebaigs D\u017eordanos Butkut\u0117s koncertas. Festivalio reng\u0117jai tikisi, kad nauja vieta pad\u0117s pritraukti dar daugiau \u017ei\u016brov\u0173 ir atvers nauj\u0173 galimybi\u0173 renginio pl\u0117trai.<\/p>\n<p>Anks\u010diau festivalis \u201eFejerija\u201c vykdavo Vilniuje, ta\u010diau Vilniaus miesto savivaldyb\u0117 2024 m. renginiui leidimo nei\u0161dav\u0117, renginys Vingio parke tais metais ne\u012fvyko. Organizatoriai savivaldyb\u0117s sprendim\u0105 nei\u0161duoti leidimo apskund\u0117 teismui ir laim\u0117jo \u2013 i\u0161nagrin\u0117j\u0119 byl\u0105 Regiono administracinio teismo Kauno r\u016bmai nusprend\u0117 panaikinti Vilniaus miesto savivaldyb\u0117s draudim\u0105 (nepritarim\u0105) rengti fejerverk\u0173 festival\u012f.<\/p>\n<p>Savivaldyb\u0117 \u0161\u012f sprendim\u0105 apskund\u0117, kaip informavo Lietuvos vyriausiojo administracinio teismo (LVAT) atstovas spaudai Paulius \u017deimys, teismas yra gav\u0119s apeliacin\u012f skund\u0105, ta\u010diau byloje dar nebuvo paskirtas pirmasis pos\u0117dis.<\/p>\n<p>Vilniaus miesto savivaldyb\u0117s atstovas spaudai Gabrielius Grubinskas portalui \u201eKas vyksta Kaune\u201c nurod\u0117, jog \u0161iemet d\u0117l leidimo fejerverk\u0173 renginiui \u012f Vilniaus miesto savivaldyb\u0119 kreiptasi nebuvo. Taip pat jis paai\u0161kino, jog ankstesniais metais leidimas nebuvo i\u0161duotas d\u0117l keli\u0173 prie\u017eas\u010di\u0173.<\/p>\n<p>\u201eAnkstesniais metais leidimas renginiui Vilniuje nei\u0161duotas \u012fvertinus, kad renginys pagal savo pob\u016bd\u012f gali sukelti neigiam\u0105 visuomen\u0117s reakcij\u0105 ar pasiprie\u0161inim\u0105. Augant visuomen\u0117s s\u0105moningumui, daugiau d\u0117mesio visuomen\u0117 skiria aplinkos saugojimui ir gyv\u016bn\u0173 teisi\u0173 u\u017etikrinimui bei i\u0161rei\u0161kia susir\u016bpinim\u0105 d\u0117l galim\u0173 pavoj\u0173 fejerverk\u0173 \u0161audymo metu. Taip pat \u012fvertinta tai, kad renginio metu gali kilti pagr\u012fstas pavojus \u017emoni\u0173 fizinei ir (arba) psichinei sveikatai, b\u016bt\u0173 ribojama asmen\u0173 teis\u0117 gyventi sveikatai nekenksmingoje aplinkoje\u201c, &#8211; teig\u0117 G. Grubinskas.<\/p>\n<p>Kauno miesto savivaldyb\u0117 \u2013 renginys vyks priva\u010dioje teritorijoje<\/p>\n<p>\u201eKas vyksta Kaune\u201c papra\u0161\u0117 Kauno miesto savivaldyb\u0117s atstov\u0173 \u012fvertinti \u0161iuos argumentus ir pasiteiravo, ar savivaldyb\u0117 prie\u0161 i\u0161duodama leidim\u0105 \u012fvertino galim\u0105 neigiam\u0105 poveik\u012f \u017emoni\u0173 psichologinei sveikatai, gyv\u016bn\u0173 gerovei.<\/p>\n<p>Kauno miesto savivaldyb\u0117s administracijos Kult\u016bros skyriaus ved\u0117ja Agn\u0117 Augon\u0117 nurod\u0117, jog \u0161\u012f kart\u0105 \u201eFejerijos\u201c festivalis bus organizuojamas kiek kitaip, nei anks\u010diau \u2013 priva\u010dioje teritorijoje, es\u0105 leidimas renginiui vie\u0161oje vietoje nebuvo i\u0161duotas. Ta\u010diau organizatoriai tur\u0117s laikytis vis\u0173 saugos reikalavim\u0173.<\/p>\n<p>\u201eKauno miesto savivaldyb\u0117 kiekvien\u0105 pra\u0161ym\u0105 vertina individualiai, vadovaudamasi galiojan\u010diais teis\u0117s aktais bei savo kompetencijos ribomis. Kit\u0173 savivaldybi\u0173 priimti sprendimai nesudaro teisinio pagrindo priimti analogi\u0161kus sprendimus Kauno mieste.<\/p>\n<p>\u0160iuo atveju renginys organizuojamas priva\u010dioje teritorijoje, o ne vie\u0161oje miesto erdv\u0117je, tod\u0117l Savivaldyb\u0117s leidimas organizuoti rengin\u012f Kauno vie\u0161osiose vietose nebuvo i\u0161duotas. Ta\u010diau jam taikomos atitinkamos specifin\u0117s teis\u0117s akt\u0173 nuostatos bei reikalavimai. Organizatoriai privalo u\u017etikrinti vis\u0173 galiojan\u010di\u0173 teis\u0117s akt\u0173, reglamentuojan\u010di\u0173 civilin\u0117s pirotechnikos naudojim\u0105, vie\u0161\u0105j\u0105 tvark\u0105, prie\u0161gaisrin\u0119 saug\u0105 ir kitus rengini\u0173 organizavimo aspektus, laikym\u0105si\u201c, &#8211; nurod\u0117 A. Augon\u0117.<\/p>\n<p>\u201eVerta pa\u017eym\u0117ti ir tai, kad organizatorius yra sumok\u0117j\u0119s nustatytus teritorijos nuomos mokes\u010dius bei \u012fvykd\u0119s kitus teis\u0117s aktuose numatytus reikalavimus. Kauno miesto savivaldyb\u0117 n\u0117ra \u0161io renginio organizator\u0117 ar partner\u0117. Savivaldyb\u0117s vaidmuo \u0161iame procese apsiriboja teis\u0117s aktuose numatyt\u0173 proced\u016br\u0173 vykdymu pagal jai paskirt\u0105 kompetencij\u0105\u201c, &#8211; prid\u016br\u0117 savivaldyb\u0117s atstov\u0117.<\/p>\n<p>A. Augon\u0117 taip pat nurod\u0117, kad festivaliui netaikomi jokie papildomi ar i\u0161skirtiniai reikalavimai \u2013 organizatoriai privalo laikytis teis\u0117s akt\u0173, rengini\u0173 organizavimo tvarkos ir sutartyje numatyt\u0173 s\u0105lyg\u0173. Kadangi renginys vyks priva\u010dioje teritorijoje, papildomos institucij\u0173 konsultacijos nebuvo inicijuotos, o visais reikalingais leidimais ir suderinimais organizatoriai turi pasir\u016bpinti patys.<\/p>\n<p><img decoding=\"async\" width=\"720\" height=\"405\" loading=\"lazy\" src=\"https:\/\/www.europesays.com\/lt\/wp-content\/uploads\/2026\/08\/aerodromas-1.jpg@webp.webp\" class=\"w-auto h-auto\" alt=\"S. Dariaus ir S. Gir\u0117no aerodromas Aleksote\"\/><\/p>\n<p>S. Dariaus ir S. Gir\u0117no aerodromas Aleksote \/ Kaunas.lt nuotr.<\/p>\n<p>S. Dariaus ir S. Gir\u0117no aerodromo direktorius Justas Limanauskas taip pat teigia, jog organizatoriai \u012fsipareigojo u\u017etikrinti aerodromo infrastrukt\u016bros apsaug\u0105.<\/p>\n<p>\u201ePagal pasira\u0161yt\u0105 sutart\u012f ir pateikt\u0105 renginio organizavimo pra\u0161ym\u0105 organizatorius prisi\u0117m\u0117 sutartinius \u012fsipareigojimus \u017ei\u016brov\u0173 saugumui ir tvarkai u\u017etikrinti. Jis yra \u012fpareigotas organizuoti profesionali\u0105 apsaug\u0105, u\u017etikrinti greitosios medicinos pagalbos bud\u0117jim\u0105 bei laikytis prie\u0161gaisrin\u0117s saugos ir sanitarini\u0173 reikalavim\u0173. Renginio vietoje privaloma \u012frengti pakankam\u0105 kiek\u012f atliek\u0173 surinkimo konteineri\u0173, biotualet\u0173 bei mobili\u0173 praustuvi\u0173, o renginiui pasibaigus \u2013 savo l\u0117\u0161omis visi\u0161kai sutvarkyti teritorij\u0105 ir gr\u0105\u017einti j\u0105 tokios b\u016bkl\u0117s, kokios buvo perduota.<\/p>\n<p>Papildomai sutartyje numatyti reikalavimai, susij\u0119 su aerodromo infrastrukt\u016bros apsauga, kuriais organizatorius \u012fsipareigoja u\u017etikrinti, kad renginio dalyviai nepatekt\u0173 \u012f ried\u0117jimo ir kilimo ir t\u016bpimo takus. U\u017e vis\u0173 \u0161i\u0173 \u012fsipareigojim\u0173 pa\u017eeidimus renginio organizatoriams yra numatyta sutartin\u0117 atsakomyb\u0117\u201c, &#8211; teig\u0117 J. Limanauskas.<\/p>\n<p>Per kelis metus d\u0117l fejerverk\u0173 sprogim\u0173 susi\u017ealojo keli \u0161imtai gyventoj\u0173<\/p>\n<p>Kadangi Vilniaus miesto savivaldyb\u0117 sprendim\u0105 nei\u0161duoti leidimo argumentavo pavojumi \u017emoni\u0173 sveikatai, \u201eKas vyksta Kaune\u201c pasidom\u0117jo, kaip fejerverk\u0173 keliamus saugumo pavojus vertina ekspertai.<\/p>\n<p>\u0160tai Nacionalinis visuomen\u0117s sveikatos centras (NVSC) nurod\u0117, jog did\u017eiausia fejerverk\u0173 keliama rizika \u2013 su\u017ealojimai d\u0117l netinkamo naudojimo, taip pat trumpalaikis triuk\u0161mo ir oro tar\u0161os poveikis.<\/p>\n<p><img decoding=\"async\" width=\"720\" height=\"405\" loading=\"lazy\" src=\"https:\/\/www.europesays.com\/lt\/wp-content\/uploads\/2026\/08\/kvk-9625-6974e39d5b56e.jpg@webp.webp\" class=\"w-auto h-auto\" alt=\"Fejerverkai. Pilies \u0161turmo vaidinimas\"\/><\/p>\n<p>Fejerverkai. Pilies \u0161turmo vaidinimas \/ R. Tenio nuotr.<\/p>\n<p>Jautriausiems gyventojams triuk\u0161mas gali sukelti stres\u0105, laikin\u0105 prikurtim\u0105 ar pa\u016bminti sveikatos sutrikimus. NVSC rekomenduoja planuojant tokius renginius \u012fvertinti poveik\u012f gyventoj\u0173 sveikatai ir riboti fejerverk\u0173 naudojim\u0105 \u0161alia ligonini\u0173, globos \u012fstaig\u0173 bei gyvenam\u0173j\u0173 rajon\u0173.<\/p>\n<p>Savo ruo\u017etu Higienos institutas su portalu \u201eKas vyksta Kaune\u201c pasidalino statistika, kiek gi su\u017ealojim\u0173 buvo u\u017efiksuota d\u0117l fejerverk\u0173 sprogim\u0173. Higienos instituto atstov\u0117 J\u016brat\u0117 Baltinait\u0117 pabr\u0117\u017e\u0117, jog pagal turimus duomenis n\u0117ra galimyb\u0117s nustatyti, ar \u0161ie su\u017ealojimai buvo susij\u0119 su vie\u0161ais fejerverk\u0173 renginiais.<\/p>\n<p>Pagal pateiktus duomenis matyti, jog 2021\u20132025 m. laikotarpiu d\u0117l fejerverk\u0173 sukelt\u0173 sprogim\u0173 su\u017ealojimus, apsinuodijimus ir kitus i\u0161orini\u0173 poveiki\u0173 padarinius patyr\u0117 210 asmen\u0173.<\/p>\n<p>Daugiausia su\u017ealojim\u0173 patirta 2025 m. \u2013 59. Da\u017eniausi su\u017ealojimai \u2013 galvos, pe\u010di\u0173 lanko ir rankos. Pra\u0117jusiais metais nustatyti atitinkamai 28 pe\u010di\u0173 lanko ir rankos su\u017ealojimai ir 16 galvos su\u017ealojim\u0173.<\/p>\n<p>Higienos instituto duomenys rodo, jog ma\u017edaug de\u0161imt kart\u0173 da\u017eniau susi\u017ealojo vyrai \u2013 i\u0161 210 u\u017efiksuot\u0173 atvej\u0173, 192 buvo susij\u0119 su vyri\u0161k\u0105ja lytimi. Taip pat da\u017eniausiai susi\u017ealoja jauniausieji (0\u201317 m.) gyventojai, vyresn\u0117se am\u017eiaus grup\u0117se fiksuojamas susi\u017ealojim\u0173 skai\u010dius ma\u017e\u0117ja.<\/p>\n","protected":false},"excerpt":{"rendered":"Po ketveri\u0173 met\u0173 pertraukos sugr\u012f\u017eta tarptautinis fejerverk\u0173 festivalis \u201eFejerija\u201c. Anks\u010diau festivalis vykdavo Vilniuje, ta\u010diau pastar\u0105j\u012f kart\u0105 Vilniaus savivaldybei&hellip;\n","protected":false},"author":2,"featured_media":246388,"comment_status":"","ping_status":"","sticky":false,"template":"","format":"standard","meta":{"footnotes":"","_share_on_mastodon":"0"},"categories":[13],"tags":[25,30,31,34,35,8803,24,1061,4094,32,33,37,39,36,38,40,23,22,28,29,19966,371,26,27],"class_list":["post-246387","post","type-post","status-publish","format-standard","has-post-thumbnail","category-lietuva","tag-antrastes","tag-breaking-news","tag-breakingnews","tag-featured-news","tag-featurednews","tag-fejerverkai","tag-headlines","tag-kaunas","tag-kauno-miesto-savivaldybe","tag-latest-news","tag-latestnews","tag-lietuva","tag-lietuviu","tag-lithuania","tag-lithuanian","tag-lt","tag-naujienos","tag-news","tag-populiariausios-naujienos","tag-populiariausiosnaujienos","tag-rekomenduojame","tag-renginiai","tag-top-stories","tag-topstories"],"share_on_mastodon":{"url":"https:\/\/pubeurope.com\/@lt\/117041733839304686","error":""},"_links":{"self":[{"href":"https:\/\/www.europesays.com\/lt\/wp-json\/wp\/v2\/posts\/246387","targetHints":{"allow":["GET"]}}],"collection":[{"href":"https:\/\/www.europesays.com\/lt\/wp-json\/wp\/v2\/posts"}],"about":[{"href":"https:\/\/www.europesays.com\/lt\/wp-json\/wp\/v2\/types\/post"}],"author":[{"embeddable":true,"href":"https:\/\/www.europesays.com\/lt\/wp-json\/wp\/v2\/users\/2"}],"replies":[{"embeddable":true,"href":"https:\/\/www.europesays.com\/lt\/wp-json\/wp\/v2\/comments?post=246387"}],"version-history":[{"count":0,"href":"https:\/\/www.europesays.com\/lt\/wp-json\/wp\/v2\/posts\/246387\/revisions"}],"wp:featuredmedia":[{"embeddable":true,"href":"https:\/\/www.europesays.com\/lt\/wp-json\/wp\/v2\/media\/246388"}],"wp:attachment":[{"href":"https:\/\/www.europesays.com\/lt\/wp-json\/wp\/v2\/media?parent=246387"}],"wp:term":[{"taxonomy":"category","embeddable":true,"href":"https:\/\/www.europesays.com\/lt\/wp-json\/wp\/v2\/categories?post=246387"},{"taxonomy":"post_tag","embeddable":true,"href":"https:\/\/www.europesays.com\/lt\/wp-json\/wp\/v2\/tags?post=246387"}],"curies":[{"name":"wp","href":"https:\/\/api.w.org\/{rel}","templated":true}]}}