{"id":246819,"date":"2026-08-05T16:08:58","date_gmt":"2026-08-05T16:08:58","guid":{"rendered":"https:\/\/www.europesays.com\/lt\/246819\/"},"modified":"2026-08-05T16:08:58","modified_gmt":"2026-08-05T16:08:58","slug":"vsat-ir-vst-pajegumams-stiprinti-skirs-beveik-30-mln-euru","status":"publish","type":"post","link":"https:\/\/www.europesays.com\/lt\/246819\/","title":{"rendered":"VSAT ir VST paj\u0117gumams stiprinti skirs beveik 30 mln. eur\u0173"},"content":{"rendered":"<p>  <img decoding=\"async\" src=\"https:\/\/www.europesays.com\/lt\/wp-content\/uploads\/2026\/08\/50c601e8-f1bf-47aa-be20-7c404101bf8a.jpg\" loading=\"eager\" fetchpriority=\"high\" alt=\"VSAT: Baltarusijos pasienyje neapgr\u0119\u017eta neteis\u0117t\u0173 migrant\u0173 a\u0161tunt\u0105 par\u0105\"\/> <\/p>\n<p>VSAT: Baltarusijos pasienyje neapgr\u0119\u017eta neteis\u0117t\u0173 migrant\u0173 a\u0161tunt\u0105 par\u0105<\/p>\n<p>FOTO:  Andrius Ufartas | Elta<\/p>\n<p>Centrin\u0117 pirkim\u0173 valdymo agent\u016bra (CPVA) paskelb\u0117 kvietim\u0105, pagal kur\u012f Valstyb\u0117s sienos apsaugos tarnybos (VSAT) ir Vie\u0161ojo saugumo tarnybos (VST) projektams \u012fgyvendinti numatyta skirti beveik 30 mln. eur\u0173 Europos S\u0105jungos (ES) fond\u0173 investicij\u0173, prane\u0161\u0117 Vidaus reikal\u0173 ministerija (VRM).<\/p>\n","protected":false},"excerpt":{"rendered":"VSAT: Baltarusijos pasienyje neapgr\u0119\u017eta neteis\u0117t\u0173 migrant\u0173 a\u0161tunt\u0105 par\u0105 FOTO: Andrius Ufartas | Elta Centrin\u0117 pirkim\u0173 valdymo agent\u016bra (CPVA)&hellip;\n","protected":false},"author":2,"featured_media":246820,"comment_status":"","ping_status":"","sticky":false,"template":"","format":"standard","meta":{"footnotes":"","_share_on_mastodon":"0"},"categories":[13],"tags":[25,30,31,34,35,24,32,33,37,39,36,38,40,23,22,28,29,26,27,549,9740],"class_list":["post-246819","post","type-post","status-publish","format-standard","has-post-thumbnail","category-lietuva","tag-antrastes","tag-breaking-news","tag-breakingnews","tag-featured-news","tag-featurednews","tag-headlines","tag-latest-news","tag-latestnews","tag-lietuva","tag-lietuviu","tag-lithuania","tag-lithuanian","tag-lt","tag-naujienos","tag-news","tag-populiariausios-naujienos","tag-populiariausiosnaujienos","tag-top-stories","tag-topstories","tag-vsat","tag-vst"],"share_on_mastodon":{"url":"https:\/\/pubeurope.com\/@lt\/117043774894727745","error":""},"_links":{"self":[{"href":"https:\/\/www.europesays.com\/lt\/wp-json\/wp\/v2\/posts\/246819","targetHints":{"allow":["GET"]}}],"collection":[{"href":"https:\/\/www.europesays.com\/lt\/wp-json\/wp\/v2\/posts"}],"about":[{"href":"https:\/\/www.europesays.com\/lt\/wp-json\/wp\/v2\/types\/post"}],"author":[{"embeddable":true,"href":"https:\/\/www.europesays.com\/lt\/wp-json\/wp\/v2\/users\/2"}],"replies":[{"embeddable":true,"href":"https:\/\/www.europesays.com\/lt\/wp-json\/wp\/v2\/comments?post=246819"}],"version-history":[{"count":0,"href":"https:\/\/www.europesays.com\/lt\/wp-json\/wp\/v2\/posts\/246819\/revisions"}],"wp:featuredmedia":[{"embeddable":true,"href":"https:\/\/www.europesays.com\/lt\/wp-json\/wp\/v2\/media\/246820"}],"wp:attachment":[{"href":"https:\/\/www.europesays.com\/lt\/wp-json\/wp\/v2\/media?parent=246819"}],"wp:term":[{"taxonomy":"category","embeddable":true,"href":"https:\/\/www.europesays.com\/lt\/wp-json\/wp\/v2\/categories?post=246819"},{"taxonomy":"post_tag","embeddable":true,"href":"https:\/\/www.europesays.com\/lt\/wp-json\/wp\/v2\/tags?post=246819"}],"curies":[{"name":"wp","href":"https:\/\/api.w.org\/{rel}","templated":true}]}}