{"id":246849,"date":"2026-08-05T17:00:19","date_gmt":"2026-08-05T17:00:19","guid":{"rendered":"https:\/\/www.europesays.com\/lt\/246849\/"},"modified":"2026-08-05T17:00:19","modified_gmt":"2026-08-05T17:00:19","slug":"rusai-istikti-soko-kaip-gali-vykti-tokie-dalykai","status":"publish","type":"post","link":"https:\/\/www.europesays.com\/lt\/246849\/","title":{"rendered":"Rusai \u2013 i\u0161tikti \u0161oko: kaip gali vykti tokie dalykai?"},"content":{"rendered":"<p>Ukraina pastaruoju metu intensyvina ilgojo nuotolio sm\u016bgius Rusijos gilumoje, taikomasi \u012f Rusijos bendrov\u0117s \u201eWildberries\u201c logistikos centrus bei \u012f naftos perdirbimo gamyklas. D\u0117l to sutriko kuro tiekimas, nepatogum\u0173 patiriama ir d\u0117l kai kuri\u0173 preki\u0173 tr\u016bkumo.<\/p>\n<p>Kokiomis nuotaikomis gyvena rusai, Baltarusijos leidiniui \u201eZerkalo\u201c papasakojo keli baltarusiai.<\/p>\n<p>    <img decoding=\"async\" src=\"https:\/\/www.europesays.com\/lt\/wp-content\/uploads\/2026\/08\/4fe015f2-8e34-4678-9f99-0c4e07d82817.jpg\" loading=\"lazy\" alt=\"Po dron\u0173 sm\u016bgio \u201eWildberries\u201c sand\u0117lis Rusijoje sk\u0119sta liepsnose.\"\/>      <\/p>\n<p>Nuovargis<\/p>\n<p>Pasak 42 met\u0173 Jelenos, kai Ukraina prad\u0117jo sm\u016bgiuoti naftos perdirbimo gamykloms, Sankt Peterburge ne i\u0161 karto ir ne visur buvo galima \u012ftarti, kad ka\u017ekas vyksta.<\/p>\n<p>\u201eProblemos pirmiausia atsirado \u0161iaurin\u0117je miesto dalyje, o v\u0117liau \u2013 visame mieste. Ta\u010diau jos buvo gana nedidel\u0117s: pavyzd\u017eiui, tik vienoje i\u0161 trij\u0173 degalini\u0173 neb\u016bdavo 95 mark\u0117s benzino. Buvo \u012fvesti pardavimo ribojimai, ta\u010diau eili\u0173 i\u0161 esm\u0117s nebuvo.<\/p>\n<p>Liepos prad\u017eioje va\u017eiavau \u012f Baltarusij\u0105. Dar prie\u0161 i\u0161vykdama stengiausi, kad automobilio bakas visada b\u016bt\u0173 pilnas. Kitaip tariant, jei \u0161iek tiek pava\u017ein\u0117davau po miest\u0105, \u012fsipildavau dar de\u0161imt litr\u0173 \u2013 d\u0117l visa ko. Ir tai nepaisant to, kad vairuoju hibridin\u012f automobil\u012f.<\/p>\n<p>    <img decoding=\"async\" src=\"https:\/\/www.europesays.com\/lt\/wp-content\/uploads\/2026\/08\/37c334d9-532c-4e09-9e4b-324c29bf13e4.jpg\" loading=\"lazy\" alt=\"\u201eWildberries\u201c\"\/>    <\/p>\n<p>Va\u017eiuojant \u012f Baltarusij\u0105 per Leningrado srit\u012f benzino dar buvo, nors galiojo tam tikri apribojimai. U\u017e Lugos (apie 150 km nuo Sankt Peterburgo) daugumoje degalini\u0173 buvo tik dyzelinas arba jos apskritai buvo tu\u0161\u010dios. Tik vienoje vietoje buvo 92 mark\u0117s benzino. Ta\u010diau net ten nebuvo jokios eil\u0117s.<\/p>\n<p>Gr\u012f\u017etant atgal visuose didesniuose miesteliuose jau buvo ir 95 mark\u0117s benzino, o Sankt Peterburge \u2013 visur, kaip \u012fprasta. Atrod\u0117, kad net ir be apribojim\u0173 (tiesa, pati neband\u017eiau piltis degal\u0173, nes pilno bako man jau nebereik\u0117jo)\u201c, \u2013 pasakoja moteris.<\/p>\n<p>       <img decoding=\"async\" src=\"https:\/\/www.europesays.com\/lt\/wp-content\/uploads\/2026\/08\/450b4f7c-d8b4-47ee-9d83-18d2e5cac7dc.jpg\" loading=\"lazy\" alt=\"Degantis \u201eWildberries\u201c sand\u0117lis\"\/>    <\/p>\n<p>Anot jos, visuotinis nuovargis d\u0117l karo prad\u0117jo ry\u0161k\u0117ti dar 2025 met\u0173 gruod\u012f. Tai buvo juntama net be \u017eod\u017ei\u0173 \u2013 tiesiog \u201ed\u0117l beveik visi\u0161kai i\u0161nykusios \u0161ventin\u0117s nuotaikos\u201c.<\/p>\n<p>Apie kar\u0105 nekalbama<\/p>\n<p>Pasak moters, gatv\u0117je, tarp pa\u017e\u012fstam\u0173 ir net tarp draug\u0173 ma\u017edaug nuo 2022 met\u0173 antrosios pus\u0117s apie kar\u0105 apskritai nepriimta kalb\u0117ti. \u0160ios temos tarsi n\u0117ra \u2013 jos negird\u0117ti ir nematyti. <\/p>\n<p>\u201eAi\u0161kintis pa\u0161nekovo pozicij\u0105 (karo klausimu \u2013 red.) laikoma prasto tono \u017eenklu. Anks\u010diau vyro darbe ir draug\u0173 susib\u016brimuose virtuv\u0117se vykdavo kar\u0161ti gin\u010dai. Ta\u010diau jau seniai visi \u0161i\u0105 tem\u0105 tarsi \u201epaki\u0161o po kilimu\u201c. Nera\u0161yta taisykl\u0117, kurios laikosi visi\u201c, \u2013 kalba moteris ir pabr\u0117\u017eia, kad dabar apie kar\u0105 ji pati kalbasi tik su savo vyru. Ir tai \u2013 vos vienu sakiniu. <\/p>\n<p>       <img decoding=\"async\" src=\"https:\/\/www.europesays.com\/lt\/wp-content\/uploads\/2026\/08\/35f3422b-ef93-4dca-93a9-c5ecc0021483.jpg\" loading=\"lazy\" alt=\"Wildberries\"\/>    <\/p>\n<p>\u201eNiekas nenori nei kalb\u0117ti, nei diskutuoti, nei net galvoti apie tai\u201c, \u2013 priduria ji.<\/p>\n<p>Kitas \u201eZerkalo\u201c pa\u0161nekovas 41 met\u0173 Jegoras sako, kad \u017emon\u0117s Rusijoje yra i\u0161tikti \u0161oko ir tiesiog nesupranta, kaip j\u0173 \u0161alyje gali vykti tokie dalykai.<\/p>\n<p>    <img decoding=\"async\" src=\"https:\/\/www.europesays.com\/lt\/wp-content\/uploads\/2026\/08\/13eb583a-cee0-4d9c-92d2-b95d3530f21d.jpg\" loading=\"lazy\" alt=\"Po Ukrainos sm\u016bgio u\u017esiliepsnojo dar vienas \u201eWildberries\u201c sand\u0117lis\"\/>    <\/p>\n<p>\u201eRusijoje a\u0161tuonerius metus dirbau pamainin\u012f darb\u0105 aukso telkinyje Magadano srityje ir u\u017edirbdavau labai didelius pinigus. Prasid\u0117jus karui nusprend\u017eiau, kad nebegaliu likti \u0161ioje \u0161alyje, tod\u0117l darbdavys mane perk\u0117l\u0117 dirbti \u012f vien\u0105 i\u0161 Vakar\u0173 Europos valstybi\u0173. <\/p>\n<p>Nuo to laiko palaikau ry\u0161\u012f su kai kuriais buvusiais kolegomis, kurie \u012f tai, kas vyksta, \u017ei\u016bri blaiviai. Dirbau vienoje did\u017eiausi\u0173 Rusijos aukso gavybos \u012fmoni\u0173. 2022 metais visiems atrod\u0117 (taip mus \u012ftikin\u0117jo ir vadovyb\u0117), kad tai truks vos por\u0105 m\u0117nesi\u0173 \u2013 es\u0105 tai net ne karas, o daugiausia trumpalaikis konfliktas. Mano vadovautame padalinyje dirbo trys vaikinai, kuri\u0173 jau neb\u0117ra tarp gyv\u0173j\u0173: vienas buvo mobilizuotas, antras i\u0161\u0117jo kaip savanoris, o tre\u010dias \u2013 d\u0117l pinig\u0173\u201c, \u2013 pasakoja jis.<\/p>\n<p>Remdamasis buvusi\u0173 koleg\u0173 pasakojimais jis daro i\u0161vad\u0105, kad Magadano srityje pad\u0117tis labai sunki: n\u0117ra kam dirbti, o kvalifikuot\u0173 specialist\u0173 \u0161ioje siauroje srityje labai tr\u016bksta. <\/p>\n<p>\u201eSankcijos smarkiai apribojo galimybes naudotis Vakar\u0173 \u012franga, tod\u0117l bet koks remontas virto sud\u0117tingu projektu, kaip apeiti ribojimus. Taigi technologin\u0117s sankcijos veikia\u201c, \u2013 t\u0119sia jis.<\/p>\n<p>    <img decoding=\"async\" src=\"https:\/\/www.europesays.com\/lt\/wp-content\/uploads\/2026\/08\/09eb972c-1067-4fd5-a6d7-7df9e7c1725a.jpg\" loading=\"lazy\" alt=\"Gaisras \u201eWildberries\u201c\"\/>    <\/p>\n<p>Painiava \u017emoni\u0173 galvose<\/p>\n<p>\u201eNeseniai su buvusiais kolegomis aptar\u0117me naujausius sm\u016bgius naftos perdirbimo gamykloms ir \u201eWildberries\u201c sand\u0117liams. \u017dmon\u0117s, be abejo, yra i\u0161tikti \u0161oko ir nesupranta, kaip j\u0173 \u0161alyje apskritai gali vykti tokie dalykai. Pastebiu, kad tarp j\u0173 vis labiau stipr\u0117ja nerimas net d\u0117l kelioni\u0173 po pa\u010di\u0105 Rusij\u0105. Pabr\u0117\u0161iu, kad bendrauju tik su tais \u017emon\u0117mis, kurie nuo pat prad\u017ei\u0173 suprato situacij\u0105 ir suvok\u0117 viso to, kas vyksta, siaub\u0105\u201c, \u2013 kalba i\u0161 Rusijos dabar jau i\u0161vyk\u0119s Jegoras.<\/p>\n<p>Tuo metu 41 met\u0173 Igoris vis dar dirba Rusijoje. Pasak jo, kai 2022 metais Rusija prad\u0117jo plataus masto invazij\u0105 \u012f Ukrain\u0105, dauguma rus\u0173 buvo sutrik\u0119 \u2013 jie nesuprato, kas vyksta. Ta\u010diau es\u0105 tik\u0117josi, kad tai truks neilgai. <\/p>\n<p>    <img decoding=\"async\" src=\"https:\/\/www.europesays.com\/lt\/wp-content\/uploads\/2026\/08\/8347111e-caf6-4ab3-a8f6-5ea9e7fe1e80.jpg\" loading=\"lazy\" alt=\"Ukraina smog\u0117 \u201eWildberries\u201c logistikos centrams\"\/>    <\/p>\n<p>\u201eBuvo ir toki\u0173, kurie su d\u017eiaugsmu klijavo Z raides ant automobili\u0173 ir vilk\u0117jo mar\u0161kin\u0117lius su \u0161iuo simboliu. Su tokiais \u017emon\u0117mis daugiau nebebendrauju.<\/p>\n<p>Dabar, pra\u0117jus ketveriems su puse met\u0173 nuo karo prad\u017eios ir prasid\u0117jus tolimojo nuotolio sm\u016bgiams prie\u0161 naftos perdirbimo gamyklas bei logistikos centrus, visi, su kuriais palaikau ry\u0161\u012f, jau pasisako prie\u0161 kar\u0105. Tai, kad Ukraina bombarduoja Rusijos teritorij\u0105, ir visa istorija su degal\u0173 tr\u016bkumu j\u0173 priimama gana rezervuotai. Jie, \u017einoma, nesid\u017eiaugia bombardavimais, bet ir nerei\u0161kia d\u0117l j\u0173 nepasitenkinimo\u201c, \u2013 kalba Igoris ir taip pat pabr\u0117\u017eia, kad darbe politika niekada neaptarin\u0117jama. <\/p>\n<p>Visgi, pasak jo, netgi ir nepritarian\u010di\u0173 karui \u017emoni\u0173 galvose vyrauja painiava \u2013 imperin\u0117s ambicijos, nostalgija Soviet\u0173 S\u0105jungai ir kartu noras gyventi demokratin\u0117je valstyb\u0117je. <\/p>\n<p>    <img decoding=\"async\" src=\"https:\/\/www.europesays.com\/lt\/wp-content\/uploads\/2026\/08\/f5242f97-97a5-4904-8dc6-481de0c0b166.jpg\" loading=\"lazy\" alt=\"Ukraina smog\u0117 \u201eWildberries\u201c logistikos centrams\"\/>    <\/p>\n<p>Ukraina sm\u016bgiuoti \u012f Rusijos mil\u017ein\u0117s \u201eWildberries\u201c logistikos centrus prad\u0117jo liepos viduryje. Nuo tada nukent\u0117jo daugiau kaip de\u0161imt objekt\u0173 \u2013 nuo pietin\u0117s Rusijos iki Uralo. Per atakas \u017euvo keli \u017emon\u0117s, dar kelios de\u0161imtys buvo su\u017eeisti. Rusijos \u017einiasklaidos vertinimais, paremtais ekspert\u0173 analize, \u201eWildberries\u201c neteko ma\u017eiausiai 17 proc. sand\u0117liavimo paj\u0117gum\u0173, o platformoje prekiaujantys pardav\u0117jai patyr\u0117 beveik 280 mlrd. rubli\u0173 (apie 3,5 mlrd. JAV doleri\u0173) nuostoli\u0173. \u012e \u0161i\u0105 sum\u0105 ne\u012ftraukti pa\u010dios prekyviet\u0117s patirti nuostoliai.<\/p>\n","protected":false},"excerpt":{"rendered":"Ukraina pastaruoju metu intensyvina ilgojo nuotolio sm\u016bgius Rusijos gilumoje, taikomasi \u012f Rusijos bendrov\u0117s \u201eWildberries\u201c logistikos centrus bei \u012f&hellip;\n","protected":false},"author":2,"featured_media":246850,"comment_status":"","ping_status":"","sticky":false,"template":"","format":"standard","meta":{"footnotes":"","_share_on_mastodon":"0"},"categories":[15],"tags":[25,30,31,34,35,24,121,32,33,37,39,36,38,40,23,22,44,28,29,119,26,27,35123,74,75,76],"class_list":["post-246849","post","type-post","status-publish","format-standard","has-post-thumbnail","category-pasaulis","tag-antrastes","tag-breaking-news","tag-breakingnews","tag-featured-news","tag-featurednews","tag-headlines","tag-karas-ukrainoje","tag-latest-news","tag-latestnews","tag-lietuva","tag-lietuviu","tag-lithuania","tag-lithuanian","tag-lt","tag-naujienos","tag-news","tag-pasaulis","tag-populiariausios-naujienos","tag-populiariausiosnaujienos","tag-rusija","tag-top-stories","tag-topstories","tag-wildberries","tag-world","tag-world-news","tag-worldnews"],"share_on_mastodon":{"url":"https:\/\/pubeurope.com\/@lt\/117043975299394977","error":""},"_links":{"self":[{"href":"https:\/\/www.europesays.com\/lt\/wp-json\/wp\/v2\/posts\/246849","targetHints":{"allow":["GET"]}}],"collection":[{"href":"https:\/\/www.europesays.com\/lt\/wp-json\/wp\/v2\/posts"}],"about":[{"href":"https:\/\/www.europesays.com\/lt\/wp-json\/wp\/v2\/types\/post"}],"author":[{"embeddable":true,"href":"https:\/\/www.europesays.com\/lt\/wp-json\/wp\/v2\/users\/2"}],"replies":[{"embeddable":true,"href":"https:\/\/www.europesays.com\/lt\/wp-json\/wp\/v2\/comments?post=246849"}],"version-history":[{"count":0,"href":"https:\/\/www.europesays.com\/lt\/wp-json\/wp\/v2\/posts\/246849\/revisions"}],"wp:featuredmedia":[{"embeddable":true,"href":"https:\/\/www.europesays.com\/lt\/wp-json\/wp\/v2\/media\/246850"}],"wp:attachment":[{"href":"https:\/\/www.europesays.com\/lt\/wp-json\/wp\/v2\/media?parent=246849"}],"wp:term":[{"taxonomy":"category","embeddable":true,"href":"https:\/\/www.europesays.com\/lt\/wp-json\/wp\/v2\/categories?post=246849"},{"taxonomy":"post_tag","embeddable":true,"href":"https:\/\/www.europesays.com\/lt\/wp-json\/wp\/v2\/tags?post=246849"}],"curies":[{"name":"wp","href":"https:\/\/api.w.org\/{rel}","templated":true}]}}