{"id":246867,"date":"2026-08-05T17:15:30","date_gmt":"2026-08-05T17:15:30","guid":{"rendered":"https:\/\/www.europesays.com\/lt\/246867\/"},"modified":"2026-08-05T17:15:30","modified_gmt":"2026-08-05T17:15:30","slug":"pasaulis-privalo-tai-pamatyti-chersone-rusijos-dronas-medzioja-gatveje-prekiaujanti-vyra","status":"publish","type":"post","link":"https:\/\/www.europesays.com\/lt\/246867\/","title":{"rendered":"Pasaulis privalo tai pamatyti: Chersone Rusijos dronas med\u017eioja gatv\u0117je prekiaujant\u012f vyr\u0105"},"content":{"rendered":"<p>\u201ePasaulis privalo tai pamatyti. Jis privalo pamatyti kiekvien\u0105 \u012frodym\u0105, kad Rusija i\u0161prot\u0117jo ir kad jos kariai m\u0117gaujasi \u017eudydami ir kankindami civilius.Nesant spaudimo Rusijai, nesunaikinus jos agresijos paj\u0117gum\u0173 ir nesuteikus reali\u0173 saugumo garantij\u0173, tiesiog ne\u012fmanoma \u012fsivaizduoti, kad pasaulis gal\u0117t\u0173 sugyventi su \u0161iuo blogiu. Turime likti ry\u017etingi gindami gyvyb\u0119. Turime veikti ir remti gyvyb\u0119 taip, kad priverstume Rusij\u0105 rimtai galvoti apie taik\u0105, o ne apie savo dron\u0173 veikimo spindulio i\u0161pl\u0117tim\u0105\u201c, \u2013 prane\u0161ime sak\u0117 Zelenskis.<\/p>\n","protected":false},"excerpt":{"rendered":"\u201ePasaulis privalo tai pamatyti. Jis privalo pamatyti kiekvien\u0105 \u012frodym\u0105, kad Rusija i\u0161prot\u0117jo ir kad jos kariai m\u0117gaujasi \u017eudydami&hellip;\n","protected":false},"author":2,"featured_media":246868,"comment_status":"","ping_status":"","sticky":false,"template":"","format":"standard","meta":{"footnotes":"","_share_on_mastodon":"0"},"categories":[15],"tags":[25,30,31,16407,92,34,35,24,32,33,37,39,36,38,40,23,22,44,28,29,26,27,971,74,75,76],"class_list":["post-246867","post","type-post","status-publish","format-standard","has-post-thumbnail","category-pasaulis","tag-antrastes","tag-breaking-news","tag-breakingnews","tag-chersonas","tag-dronas","tag-featured-news","tag-featurednews","tag-headlines","tag-latest-news","tag-latestnews","tag-lietuva","tag-lietuviu","tag-lithuania","tag-lithuanian","tag-lt","tag-naujienos","tag-news","tag-pasaulis","tag-populiariausios-naujienos","tag-populiariausiosnaujienos","tag-top-stories","tag-topstories","tag-volodymyras-zelenskis","tag-world","tag-world-news","tag-worldnews"],"share_on_mastodon":{"url":"https:\/\/pubeurope.com\/@lt\/117044034119444993","error":""},"_links":{"self":[{"href":"https:\/\/www.europesays.com\/lt\/wp-json\/wp\/v2\/posts\/246867","targetHints":{"allow":["GET"]}}],"collection":[{"href":"https:\/\/www.europesays.com\/lt\/wp-json\/wp\/v2\/posts"}],"about":[{"href":"https:\/\/www.europesays.com\/lt\/wp-json\/wp\/v2\/types\/post"}],"author":[{"embeddable":true,"href":"https:\/\/www.europesays.com\/lt\/wp-json\/wp\/v2\/users\/2"}],"replies":[{"embeddable":true,"href":"https:\/\/www.europesays.com\/lt\/wp-json\/wp\/v2\/comments?post=246867"}],"version-history":[{"count":0,"href":"https:\/\/www.europesays.com\/lt\/wp-json\/wp\/v2\/posts\/246867\/revisions"}],"wp:featuredmedia":[{"embeddable":true,"href":"https:\/\/www.europesays.com\/lt\/wp-json\/wp\/v2\/media\/246868"}],"wp:attachment":[{"href":"https:\/\/www.europesays.com\/lt\/wp-json\/wp\/v2\/media?parent=246867"}],"wp:term":[{"taxonomy":"category","embeddable":true,"href":"https:\/\/www.europesays.com\/lt\/wp-json\/wp\/v2\/categories?post=246867"},{"taxonomy":"post_tag","embeddable":true,"href":"https:\/\/www.europesays.com\/lt\/wp-json\/wp\/v2\/tags?post=246867"}],"curies":[{"name":"wp","href":"https:\/\/api.w.org\/{rel}","templated":true}]}}