{"id":246933,"date":"2026-08-05T18:59:36","date_gmt":"2026-08-05T18:59:36","guid":{"rendered":"https:\/\/www.europesays.com\/lt\/246933\/"},"modified":"2026-08-05T18:59:36","modified_gmt":"2026-08-05T18:59:36","slug":"demokratu-pirmininkas-apie-nutraukta-tyrima-del-irasancio-rasiklio-pasitikejimas-samoskaite-yra-pazeistas-respublika-lt","status":"publish","type":"post","link":"https:\/\/www.europesays.com\/lt\/246933\/","title":{"rendered":"Demokrat\u0173 pirmininkas apie nutraukt\u0105 tyrim\u0105 d\u0117l \u012fra\u0161an\u010dio ra\u0161iklio: pasitik\u0117jimas Samo\u0161kaite yra pa\u017eeistas &#8211; Respublika.lt"},"content":{"rendered":"<p><img loading=\"lazy\" decoding=\"async\" src=\"https:\/\/www.respublika.lt\/lt\/naujienos\/lietuva\/kitos-lietuvos-zinios\/demokratu-pirmininkas-apie-nutraukta-tyrima-del-irasancio-rasiklio-pasitikejimas-samoskaite-yra-pazeistas\/images\/ico_camera_white.gif\" class=\"camera\" width=\"22\" height=\"15\" alt=\"nuotr.\" style=\"position:relative; top:-2px; right:2px;\"\/> 2 nuotr.<\/p>\n<p>Virginijus Sinkevi\u010dius. Eltos nuotr.<\/p>\n<p style=\"text-align: justify;\" class=\"desktop_banner\">\u00a0<\/p>\n<p style=\"text-align: justify;\">Anot demokrat\u0173 lyderio, po \u0161ios \u017einios tampa ai\u0161ku, jog pasitik\u0117jimas min\u0117ta \u017eurnaliste yra pa\u017eeistas.<\/p>\n<p style=\"text-align: justify;\">V. Sinkevi\u010dius tre\u010diadien\u012f \u201e\u017dini\u0173 radijui\u201c teig\u0117, kad politikai turi teis\u0119 tartis jiems svarbiais klausimais u\u017e u\u017edar\u0173 dur\u0173. Tokiais atvejais, anot demokrat\u0173 lyderio, privatumas turi b\u016bti u\u017etikrintas.\u00a0<\/p>\n<p style=\"text-align: justify;\">Pasak jo, LSDP tarybos pos\u0117dyje radus slapta \u012fra\u0161ant\u012f \u012frengin\u012f, privatumas buvo pa\u017eeistas.\u00a0<\/p>\n<p style=\"text-align: justify;\">\u201eMan labai gaila, nes, man atrodo, tas santykis tarp \u017eurnalisto ir politiko visuomet turi b\u016bti paremtas pagarba. Ir, jeigu bendruomen\u0117 sako, kad mes norime u\u017e u\u017edar\u0173 dur\u0173 pasitarti, ypatingai klausimais, kurie lie\u010dia m\u016bs\u0173 bendruomen\u0117s vid\u0173, reik\u0117t\u0173 gerbti t\u0105 privatum\u0105. \u0160iuo atveju labai gaila, kad taip buvo pasielgta. Man atrodo, kad t\u0105 pagarb\u0105 ir pasitik\u0117jim\u0105 tai griauna. Nelabai suprantu motyv\u0173, kod\u0117l taip reik\u0117jo daryti. Ar i\u0161 ties\u0173 ten ka\u017ek\u0105 kriti\u0161kesnio b\u016bt\u0173 galima su\u017einoti? \u0160iuo atveju niekaip nematau galimybi\u0173 pateisinti to\u201c, \u2013 komentavo V. Sinkevi\u010dius.<\/p>\n<p style=\"text-align: justify;\">Demokrat\u0173 s\u0105jungos \u201eVardan Lietuvos\u201c lyderis nesl\u0117p\u0117 manantis, kad pasitik\u0117jimas LRT \u017eurnaliste E. Samo\u0161kaite, kuri buvo apklausta tyrime d\u0117l \u012fra\u0161an\u010dio \u012frenginio, yra pa\u017eeistas.<\/p>\n<p style=\"text-align: justify;\">\u201ePasitik\u0117jimas \u0161iuo atveju, kalbant apie Egl\u0119 (Samo\u0161kait\u0119 \u2013 ELTA) ir jos t\u0105 veiksm\u0105, jis yra pa\u017eeistas ir to ne\u012fmanoma kitaip \u012fvardinti\u201c, \u2013 ai\u0161kino V. Sinkevi\u010dius.\u00a0<\/p>\n<p style=\"text-align: justify;\">ELTA primena, kad prokurat\u016bra nutrauk\u0117 ikiteismin\u012f tyrim\u0105 d\u0117l per LSDP tarybos pos\u0117d\u012f rasto slapta \u012fra\u0161in\u0117jan\u010dio \u012frenginio, tai yra ra\u0161iklio.\u00a0Toks sprendimas priimtas konstatavus, kad nebuvo padaryta veika, turinti nusikaltimo ar baud\u017eiamojo nusi\u017eengimo po\u017eymi\u0173.\u00a0<\/p>\n<p style=\"text-align: justify;\">Nustatyta, kad min\u0117tas ra\u0161iklis priklauso LRT \u017eurnalistei E. Samo\u0161kaitei.\u00a0<\/p>\n<p style=\"text-align: justify;\">Po prokurat\u016bros \u017einios \u017eurnalist\u0117 teig\u0117, kad \u012fra\u0161in\u0117jan\u010dio ra\u0161iklio LSDP tarybos pos\u0117dyje nepaliko. Ji tikino tik v\u0117liau pasteb\u0117jus, jog ra\u0161ikl\u012f prarado.\u00a0<\/p>\n<p style=\"text-align: justify;\">LRT savo ruo\u017etu prane\u0161\u0117, kad d\u0117l E. Samo\u0161kait\u0117s galimo darbo pareig\u0173 pa\u017eeidimo inicijuojamas tarnybinis patikrinimas. Po prokurat\u016bros prane\u0161imo apie nutraukt\u0105 ikiteismin\u012f tyrim\u0105 \u017durnalist\u0173 profesional\u0173 asociacija (\u017dPA) prane\u0161\u0117 nusprendusi i\u0161 savo nari\u0173 pa\u0161alinti E. Samo\u0161kait\u0119. \u017dPA nurod\u0117, kad anks\u010diau \u017eurnalist\u0117 vie\u0161ai ir asociacijos nariams teiktuose paai\u0161kinimuose tvirtino, kad LSDP taryboje rasta \u012fra\u0161ymo priemon\u0117 jai nepriklauso.<\/p>\n<p style=\"text-align: justify;\">Baland\u017eio viduryje socialdemokratai prane\u0161\u0117 u\u017edarame partijos tarybos pos\u0117dyje rad\u0119 slapta gars\u0105 \u012fra\u0161in\u0117jant\u012f ra\u0161ikl\u012f, kurio savinink\u0117, kaip jie \u012ftar\u0117, gal\u0117jo b\u016bti visuomeninio transliuotojo \u017eurnalist\u0117 E. Samo\u0161kait\u0117. Partija d\u0117l \u0161io incidento kreip\u0117si \u012f policij\u0105.<\/p>\n","protected":false},"excerpt":{"rendered":"2 nuotr. Virginijus Sinkevi\u010dius. Eltos nuotr. \u00a0 Anot demokrat\u0173 lyderio, po \u0161ios \u017einios tampa ai\u0161ku, jog pasitik\u0117jimas min\u0117ta&hellip;\n","protected":false},"author":2,"featured_media":246934,"comment_status":"","ping_status":"","sticky":false,"template":"","format":"standard","meta":{"footnotes":"","_share_on_mastodon":"0"},"categories":[6],"tags":[25,30,31,34,35,24,32,33,37,39,36,38,4281,40,23,22,28,29,26117,2937,26,27,2171],"class_list":["post-246933","post","type-post","status-publish","format-standard","has-post-thumbnail","category-antrastes","tag-antrastes","tag-breaking-news","tag-breakingnews","tag-featured-news","tag-featurednews","tag-headlines","tag-latest-news","tag-latestnews","tag-lietuva","tag-lietuviu","tag-lithuania","tag-lithuanian","tag-lsdp","tag-lt","tag-naujienos","tag-news","tag-populiariausios-naujienos","tag-populiariausiosnaujienos","tag-samoskaite","tag-sinkevicius","tag-top-stories","tag-topstories","tag-tyrimas"],"share_on_mastodon":{"url":"https:\/\/pubeurope.com\/@lt\/117044443315723509","error":""},"_links":{"self":[{"href":"https:\/\/www.europesays.com\/lt\/wp-json\/wp\/v2\/posts\/246933","targetHints":{"allow":["GET"]}}],"collection":[{"href":"https:\/\/www.europesays.com\/lt\/wp-json\/wp\/v2\/posts"}],"about":[{"href":"https:\/\/www.europesays.com\/lt\/wp-json\/wp\/v2\/types\/post"}],"author":[{"embeddable":true,"href":"https:\/\/www.europesays.com\/lt\/wp-json\/wp\/v2\/users\/2"}],"replies":[{"embeddable":true,"href":"https:\/\/www.europesays.com\/lt\/wp-json\/wp\/v2\/comments?post=246933"}],"version-history":[{"count":0,"href":"https:\/\/www.europesays.com\/lt\/wp-json\/wp\/v2\/posts\/246933\/revisions"}],"wp:featuredmedia":[{"embeddable":true,"href":"https:\/\/www.europesays.com\/lt\/wp-json\/wp\/v2\/media\/246934"}],"wp:attachment":[{"href":"https:\/\/www.europesays.com\/lt\/wp-json\/wp\/v2\/media?parent=246933"}],"wp:term":[{"taxonomy":"category","embeddable":true,"href":"https:\/\/www.europesays.com\/lt\/wp-json\/wp\/v2\/categories?post=246933"},{"taxonomy":"post_tag","embeddable":true,"href":"https:\/\/www.europesays.com\/lt\/wp-json\/wp\/v2\/tags?post=246933"}],"curies":[{"name":"wp","href":"https:\/\/api.w.org\/{rel}","templated":true}]}}