{"id":247357,"date":"2026-08-06T09:49:57","date_gmt":"2026-08-06T09:49:57","guid":{"rendered":"https:\/\/www.europesays.com\/lt\/247357\/"},"modified":"2026-08-06T09:49:57","modified_gmt":"2026-08-06T09:49:57","slug":"air-india-lektuvas-pateko-i-stipria-turbulencija","status":"publish","type":"post","link":"https:\/\/www.europesays.com\/lt\/247357\/","title":{"rendered":"\u201eAir India\u201c l\u0117ktuvas pateko \u012f stipri\u0105 turbulencij\u0105"},"content":{"rendered":"<p>Rugpj\u016b\u010dio 4 d. i\u0161 Puketo (Tailandas) \u012f Nauj\u0105j\u012f Del\u012f vykusio skryd\u017eio metu l\u0117ktuvas, anot oro linij\u0173 bendrov\u0117s, staigiai prarado auk\u0161t\u012f. Po incidento orlaivis t\u0119s\u0117 skryd\u012f ir saugiai nusileido Delyje, socialiniame tinkle X paskelbtame prane\u0161ime nurod\u0117 \u201eAir India\u201c atstovas spaudai.<\/p>\n<p>L\u0117ktuvu skrido 137 keleiviai ir a\u0161tuoni \u012fgulos nariai. Kaip prane\u0161\u0117 oro linij\u0173 bendrov\u0117, 13 keleivi\u0173 ir keturi \u012fgulos nariai patyr\u0117 su\u017ealojim\u0173 ir buvo nugabenti \u012f ligonines medicininei ap\u017ei\u016brai.<\/p>\n<p>\u201eThe Times of India\u201c informavo, kad turbulencijos metu l\u0117ktuvas trumpam prarado apie 90 metr\u0173 auk\u0161\u010dio.<\/p>\n<p>\u201eRimti turbulencijos incidentai yra labai ne\u012fprasti, ta\u010diau visgi ne reti\u201c, \u2013 \u201eFox News\u201c sak\u0117 Teksase gyvenantis kelioni\u0173 pramon\u0117s ekspertas ir tinklara\u0161\u010dio \u201eView From the Wing\u201c autorius Gary Leffas.<\/p>\n<p>\u201eTikimyb\u0117, kad turbulencijos metu kas nors bus su\u017eeistas, yra ma\u017edaug viena per 1,2 milijono skryd\u017ei\u0173\u201c, \u2013 prid\u016br\u0117 jis.<\/p>\n<p>G. Leffas patar\u0117 keliautojams visada imtis atsargumo priemoni\u0173. \u201eS\u0117d\u0117dami l\u0117ktuve vis tiek tur\u0117tum\u0117te u\u017esisegti saugos dir\u017eus\u201c, \u2013 sak\u0117 jis.<\/p>\n<p>\u201eKeturios i\u0161 \u0161e\u0161i\u0173 \u0161io skryd\u017eio palydovi\u0173 buvo su\u017eeistos, \u2013 atkreip\u0117 d\u0117mes\u012f ekspertas. \u2013 Jie vaik\u0161to tarp eili\u0173, dirba, tod\u0117l da\u017eniausiai neturi galimyb\u0117s s\u0117d\u0117ti u\u017esiseg\u0119 saugos dir\u017eus. Taip skristi pavojingiau.\u201c<\/p>\n<p>D\u0117l stiprios turbulencijos salone matyti pa\u017eeidim\u0173.<\/p>\n<p>Kaip prane\u0161a naujien\u0173 agent\u016bra \u201eViral Press\u201c, buvo apgadintos vir\u0161 s\u0117dyni\u0173 \u012frengtos lentynos baga\u017eui laikyti \u2013 j\u0173 dang\u010diai buvo nupl\u0117\u0161ti ir m\u0117t\u0117si ant salono grind\u0173 kartu su keleivi\u0173 daiktais.<\/p>\n<p>K\u0105 sako liudininkai<\/p>\n<p>L\u0117ktuve kilus chaosui, vieno i\u0161 keleivi\u0173 padarytame vaizdo \u012fra\u0161e girdima skryd\u017ei\u0173 palydov\u0117, sakanti: \u201eNepanikuokite. Nepanikuokite. Atsis\u0117skite. Atsis\u0117skite. Atsis\u0117skite.\u201c<\/p>\n<p>V\u0117liau keleiviai prisimin\u0117 siaubingas akimirkas, kai \u017emon\u0117s buvo i\u0161sviesti i\u0161 savo s\u0117dyni\u0173 ir trenk\u0117si \u012f lubas.<\/p>\n<p>\u201eTai buvo traumuojanti patirtis. \u0160alia man\u0119s s\u0117d\u0117jo mano t\u0117vas, ir kai patekome \u012f turbulencij\u0105, jo galva trenk\u0117si \u012f lubas, \u2013 naujien\u0173 agent\u016brai ANI pasakojo Palak Raniwala, vieno i\u0161 su\u017eeist\u0173 keleivi\u0173 dukt\u0117. \u2013 Visi labai i\u0161sigandome.\u201c<\/p>\n<p>P. Raniwala tvirtino, kad tokios turbulencijos jos \u0161eima dar niekada nebuvo patyrusi, ir prisimin\u0117, jog \u012fgulos nari\u0173 balsuose gird\u0117jo panik\u0105.<\/p>\n<p>\u201eSkryd\u017ei\u0173 palydov\u0117s panikavo, pilotas irgi atrod\u0117 sutrik\u0119s \u2013 jo balse buvo girdimas nervingumas, \u2013 ANI sak\u0117 ji. \u2013 Incidentas mus labai i\u0161g\u0105sdino.\u201c<\/p>\n<p>Kita keleiv\u0117, prisista\u010diusi kaip Viviana, naujien\u0173 agent\u016brai atskleid\u0117, kad skrydis vyko \u012fprastai, kai staiga prasid\u0117jo turbulencija.<\/p>\n<p>\u201eL\u0117ktuvas skrido \u012fprastai, bet staiga prasid\u0117jo turbulencija, \u2013 sak\u0117 ji. \u2013 Ma\u010diau, kaip mano seser\u012f i\u0161met\u0117 i\u0161 s\u0117dyn\u0117s \u012f or\u0105. Mano mama susitrenk\u0117 galv\u0105.\u201c<\/p>\n<p>\u201eMan\u0117me, kad mirsime. Buvo tikrai baisu. A\u0161 dreb\u0117jau ir verkiau\u201c, \u2013 prid\u016br\u0117 moteris.<\/p>\n","protected":false},"excerpt":{"rendered":"Rugpj\u016b\u010dio 4 d. i\u0161 Puketo (Tailandas) \u012f Nauj\u0105j\u012f Del\u012f vykusio skryd\u017eio metu l\u0117ktuvas, anot oro linij\u0173 bendrov\u0117s, staigiai&hellip;\n","protected":false},"author":2,"featured_media":247358,"comment_status":"","ping_status":"","sticky":false,"template":"","format":"standard","meta":{"footnotes":"","_share_on_mastodon":"0"},"categories":[15],"tags":[16215,25,30,31,34,35,24,32,33,1144,37,39,36,38,40,23,22,44,28,29,26,27,16126,74,75,76],"class_list":["post-247357","post","type-post","status-publish","format-standard","has-post-thumbnail","category-pasaulis","tag-air-india","tag-antrastes","tag-breaking-news","tag-breakingnews","tag-featured-news","tag-featurednews","tag-headlines","tag-latest-news","tag-latestnews","tag-lektuvas","tag-lietuva","tag-lietuviu","tag-lithuania","tag-lithuanian","tag-lt","tag-naujienos","tag-news","tag-pasaulis","tag-populiariausios-naujienos","tag-populiariausiosnaujienos","tag-top-stories","tag-topstories","tag-turbulencija","tag-world","tag-world-news","tag-worldnews"],"share_on_mastodon":{"url":"https:\/\/pubeurope.com\/@lt\/117047946453679834","error":""},"_links":{"self":[{"href":"https:\/\/www.europesays.com\/lt\/wp-json\/wp\/v2\/posts\/247357","targetHints":{"allow":["GET"]}}],"collection":[{"href":"https:\/\/www.europesays.com\/lt\/wp-json\/wp\/v2\/posts"}],"about":[{"href":"https:\/\/www.europesays.com\/lt\/wp-json\/wp\/v2\/types\/post"}],"author":[{"embeddable":true,"href":"https:\/\/www.europesays.com\/lt\/wp-json\/wp\/v2\/users\/2"}],"replies":[{"embeddable":true,"href":"https:\/\/www.europesays.com\/lt\/wp-json\/wp\/v2\/comments?post=247357"}],"version-history":[{"count":0,"href":"https:\/\/www.europesays.com\/lt\/wp-json\/wp\/v2\/posts\/247357\/revisions"}],"wp:featuredmedia":[{"embeddable":true,"href":"https:\/\/www.europesays.com\/lt\/wp-json\/wp\/v2\/media\/247358"}],"wp:attachment":[{"href":"https:\/\/www.europesays.com\/lt\/wp-json\/wp\/v2\/media?parent=247357"}],"wp:term":[{"taxonomy":"category","embeddable":true,"href":"https:\/\/www.europesays.com\/lt\/wp-json\/wp\/v2\/categories?post=247357"},{"taxonomy":"post_tag","embeddable":true,"href":"https:\/\/www.europesays.com\/lt\/wp-json\/wp\/v2\/tags?post=247357"}],"curies":[{"name":"wp","href":"https:\/\/api.w.org\/{rel}","templated":true}]}}