{"id":247694,"date":"2026-08-06T16:02:56","date_gmt":"2026-08-06T16:02:56","guid":{"rendered":"https:\/\/www.europesays.com\/lt\/247694\/"},"modified":"2026-08-06T16:02:56","modified_gmt":"2026-08-06T16:02:56","slug":"conres-atskleidzia-sudetingu-nt-projektu-statybos-uzkulisius","status":"publish","type":"post","link":"https:\/\/www.europesays.com\/lt\/247694\/","title":{"rendered":"\u201eConres\u201c atskleid\u017eia sud\u0117ting\u0173 NT projekt\u0173 statybos u\u017ekulisius"},"content":{"rendered":"<p>Vienas toki\u0173 pavyzd\u017ei\u0173 \u2013 verslo centras \u201eS\u0105var\u017e\u0117l\u0117\u201c Vilniaus centriniame verslo rajone, \u012f kur\u012f investuota daugiau kaip 80 mln. eur\u0173. Generalin\u0117s rangov\u0117s \u201eConres\u201c komandai tai buvo projektas, kuriame architekt\u016briniai ir konstrukciniai sumanymai pareikalavo itin glaudaus architekt\u0173, projektuotoj\u0173, rangov\u0173 ir u\u017esakovo bendradarbiavimo.<\/p>\n<p>Pasak \u201eConres\u201c direktoriaus Ernesto \u0160e\u017eenio, tokio masto projektuose svarbiausias darbas da\u017enai prasideda gerokai anks\u010diau nei statyb\u0173 aik\u0161tel\u0117je.<\/p>\n<p>\u201eKiekvienas projektas prasideda nuo labai ai\u0161kaus pasirengimo. M\u016bs\u0173 tikslas yra ne tik tiksliai \u012fgyvendinti architekt\u0173 vizij\u0105, bet ir u\u017etikrinti, kad visas procesas b\u016bt\u0173 valdomas nuosekliai, o u\u017esakovas gal\u0117t\u0173 b\u016bti ramus d\u0117l termino, kokyb\u0117s ir galutinio rezultato. Tam reikalingas nuolatinis dialogas tarp vis\u0173 projekto dalyvi\u0173 ir geb\u0117jimas priimti sprendimus dar ankstyvuose etapuose\u201c, \u2013 sako E. \u0160e\u017eenis.<\/p>\n<p>Atsisakyti kolon\u0173 leidusios konstrukcijos<\/p>\n<p>21 t\u016bkst. kv. m ploto verslo centro \u201eS\u0105var\u017e\u0117l\u0117\u201c statyboms panaudota daugiau nei 1,5 t\u016bkst. ton\u0173 metalo konstrukcij\u0173, vir\u0161 9 t\u016bkst. ton\u0173 surenkamojo gel\u017ebetonio gamini\u0173 ir daugiau kaip 6 000 kub. m monolitinio gel\u017ebetonio. Viso karkaso \u012frengimas truko apie 17 m\u0117nesi\u0173, i\u0161 kuri\u0173 vien metalinio karkaso montavimas u\u017e\u0117m\u0117 8 m\u0117nesius.<\/p>\n<p>Vienas svarbiausi\u0173 projekto konstrukcini\u0173 sprendim\u0173 buvo plienini\u0173 konstrukcij\u0173 sistema, leidusi biur\u0173 auk\u0161tuose atsisakyti tradicini\u0173 gel\u017ebetonini\u0173 kolon\u0173.<\/p>\n<p>\u201eTai suteik\u0117 daugiau galimybi\u0173 planuojant erdves. Toks sprendimas leido lanks\u010diau pritaikyti patalpas skirtingiems nuominink\u0173 poreikiams ir leido u\u017etikrinti daugiau galimybi\u0173 ateityje\u201c, \u2013 teigia E. \u0160e\u017eenis.<\/p>\n<p>Sprendimai tikrinami dar prie\u0161 montavim\u0105<\/p>\n<p>Dalis konstrukcini\u0173 ir fasado element\u0173 prie\u0161 montavim\u0105 buvo tikrinami specialiai pagamintuose bandomuosiuose fragmentuose (angl. k. \u201emock-up\u201c). Tod\u0117l realiomis s\u0105lygomis buvo galima \u012fvertinti galutin\u012f rezultat\u0105 ir dar iki montavimo patikrinti pasirinkt\u0173 technini\u0173 sprendim\u0173 veikim\u0105.<\/p>\n<p>\u201eBandomieji fragmentai u\u017etikrino techninius sprendimus ir suma\u017eino neapibr\u0117\u017etum\u0105 v\u0117lesniuose etapuose. Tai suteik\u0117 daugiau ai\u0161kumo tiek u\u017esakovui, tiek projektavimo komandai\u201c, \u2013 sako E. \u0160e\u017eenis.<\/p>\n<p>Miesto centre \u2013 keli procesai vienu metu<\/p>\n<p>Statyb\u0173 metu buvo vykdomi metalo konstrukcij\u0173 montavimo, monolitiniai, perdang\u0173, fasado ir vidaus \u012frengimo darbai. J\u0173 koordinavimui naudoti skaitmeniniai statyb\u0173 valdymo \u012frankiai.<\/p>\n<p>\u201eTam tikrais etapais vietoj dviej\u0173 projekte numatyt\u0173 kran\u0173 naudojome penkis. Tai leido vienu metu vykdyti kelis svarbius darbus ir i\u0161laikyti numatyt\u0105 statyb\u0173 temp\u0105\u201c, \u2013 pasakoja E. \u0160e\u017eenis.<\/p>\n<p>Anot jo, b\u016btent tokiuose projektuose geriausiai atsiskleid\u017eia pasirengimo ir planavimo svarba.<\/p>\n<p>\u201eKuo daugiau projektuose b\u016bna nestandartini\u0173 element\u0173, tuo svarbesnis tampa pasirengimas, planavimas ir bendras darbas su u\u017esakovu bei projektavimo komanda. Didelio masto projektuose b\u016btent darb\u0173 koordinavimas ir lemia, kaip architekt\u016briniai sprendimai \u012fgyvendinami realiame objekte\u201c, \u2013 teigia E. \u0160e\u017eenis.<\/p>\n<p>Jo teigimu, \u012fgyvendinant projektus svarbus ir vis\u0173 dalyvi\u0173 geb\u0117jimas dirbti kaip viena komanda. <\/p>\n<p>\u201eRezultat\u0105 lemia ne vien technologijos ar konstrukcijos. Ne ma\u017eiau svarbu, kaip efektyviai bendradarbiauja u\u017esakovas, projektuotojai ir rangovai. B\u016btent partneri\u0161kas darbas leid\u017eia laiku priimti sprendimus ir u\u017etikrinti skland\u017ei\u0105 projekto eig\u0105\u201c, \u2013 sako jis.<\/p>\n<p>Ar\u010diau objekto: \u201eConres\u201c ple\u010dia veikl\u0105 regionuose<\/p>\n<p>Pasak E. \u0160e\u017eenio, pana\u0161ios tendencijos matomos ne tik sostin\u0117je. Daug\u0117jant investicij\u0173 \u012f komercin\u0117s, gyvenamosios, logistikos, pramon\u0117s ir energetikos paskirties projektus, vis svarbesnis tampa operatyvus sprendim\u0173 pri\u0117mimas ir projekt\u0173 valdymas ar\u010diau pa\u010di\u0173 objekt\u0173.<\/p>\n<p>Reaguodama \u012f \u0161iuos poky\u010dius, \u0161iemet \u201eConres\u201c prad\u0117jo veiklos pl\u0117tr\u0105 Kaune ir Klaip\u0117doje. Po bendru prek\u0117s \u017eenklu veiks vietin\u0117s komandos, kurios dirbs su regionuose vystomais projektais ir u\u017etikrins glaudesn\u012f bendradarbiavim\u0105 su u\u017esakovais.<\/p>\n<p>\u201eMatome, kad visoje Lietuvoje daug\u0117ja investicij\u0173 \u012f \u012fvairios paskirties projektus. Siekdami b\u016bti ar\u010diau klient\u0173 ir pa\u010di\u0173 projekt\u0173, stipriname veikl\u0105 regionuose kartu su vietin\u0117mis komandomis Kaune ir Klaip\u0117doje. Tai leid\u017eia grei\u010diau priimti sprendimus bei u\u017etikrinti vienodus projekt\u0173 valdymo standartus visuose regionuose\u201c, \u2013 sako E. \u0160e\u017eenis.<\/p>\n<p>Anot jo, nuoseklus proces\u0173 valdymas ir atsakomyb\u0117s prisi\u0117mimas visuose etapuose u\u017etikrina kokybi\u0161k\u0105 rezultat\u0105 nepriklausomai nuo projekto sud\u0117tingumo.<\/p>\n<p>Per daugiau nei 17 veiklos met\u0173 \u201eConres\u201c i\u0161augo \u012f vien\u0105 did\u017eiausi\u0173 generalin\u0117s rangos \u012fmoni\u0173 Lietuvoje. \u0160iuo metu po \u201eConres\u201c prek\u0117s \u017eenklu veikia keturios bendrov\u0117s \u2013 \u201eConres LT\u201c, \u201eConres Sprendimai\u201c, \u201eConres Kaunas\u201c ir \u201eConres Klaip\u0117da\u201c, jose dirba daugiau nei 200 darbuotoj\u0173. Konsoliduotos 2025 m. \u201eConres\u201c pajamos Lietuvoje siek\u0117 129,5 mln. Eur, grynasis pelnas \u2013 2,2 mln. Eur. <\/p>\n<p>\u201eConres\u201c \u012fgyvendina komercin\u0117s, pramonin\u0117s, infrastrukt\u016bros, vie\u0161osios ir gyvenamosios paskirties projektus visoje Lietuvoje. 2026 m. \u201eConres\u201c planuoja toliau didinti veiklos apimtis ir stiprinti pozicijas regionuose.<\/p>\n","protected":false},"excerpt":{"rendered":"Vienas toki\u0173 pavyzd\u017ei\u0173 \u2013 verslo centras \u201eS\u0105var\u017e\u0117l\u0117\u201c Vilniaus centriniame verslo rajone, \u012f kur\u012f investuota daugiau kaip 80 mln.&hellip;\n","protected":false},"author":2,"featured_media":247695,"comment_status":"","ping_status":"","sticky":false,"template":"","format":"standard","meta":{"footnotes":"","_share_on_mastodon":"0"},"categories":[17],"tags":[81,559,37,39,560,36,38,40,23,561,85,46],"class_list":["post-247694","post","type-post","status-publish","format-standard","has-post-thumbnail","category-verslas","tag-business","tag-it","tag-lietuva","tag-lietuviu","tag-lietuvoje","tag-lithuania","tag-lithuanian","tag-lt","tag-naujienos","tag-patarimai","tag-uzsienyje","tag-verslas"],"share_on_mastodon":{"url":"https:\/\/pubeurope.com\/@lt\/117049413124898555","error":""},"_links":{"self":[{"href":"https:\/\/www.europesays.com\/lt\/wp-json\/wp\/v2\/posts\/247694","targetHints":{"allow":["GET"]}}],"collection":[{"href":"https:\/\/www.europesays.com\/lt\/wp-json\/wp\/v2\/posts"}],"about":[{"href":"https:\/\/www.europesays.com\/lt\/wp-json\/wp\/v2\/types\/post"}],"author":[{"embeddable":true,"href":"https:\/\/www.europesays.com\/lt\/wp-json\/wp\/v2\/users\/2"}],"replies":[{"embeddable":true,"href":"https:\/\/www.europesays.com\/lt\/wp-json\/wp\/v2\/comments?post=247694"}],"version-history":[{"count":0,"href":"https:\/\/www.europesays.com\/lt\/wp-json\/wp\/v2\/posts\/247694\/revisions"}],"wp:featuredmedia":[{"embeddable":true,"href":"https:\/\/www.europesays.com\/lt\/wp-json\/wp\/v2\/media\/247695"}],"wp:attachment":[{"href":"https:\/\/www.europesays.com\/lt\/wp-json\/wp\/v2\/media?parent=247694"}],"wp:term":[{"taxonomy":"category","embeddable":true,"href":"https:\/\/www.europesays.com\/lt\/wp-json\/wp\/v2\/categories?post=247694"},{"taxonomy":"post_tag","embeddable":true,"href":"https:\/\/www.europesays.com\/lt\/wp-json\/wp\/v2\/tags?post=247694"}],"curies":[{"name":"wp","href":"https:\/\/api.w.org\/{rel}","templated":true}]}}