{"id":247712,"date":"2026-08-06T16:15:11","date_gmt":"2026-08-06T16:15:11","guid":{"rendered":"https:\/\/www.europesays.com\/lt\/247712\/"},"modified":"2026-08-06T16:15:11","modified_gmt":"2026-08-06T16:15:11","slug":"lomazas-paneige-neptuno-versija-pasiulymas-buvo-juokingai-mazas","status":"publish","type":"post","link":"https:\/\/www.europesays.com\/lt\/247712\/","title":{"rendered":"Loma\u017eas paneig\u0117 \u201eNept\u016bno\u201c versij\u0105: pasi\u016blymas buvo juokingai ma\u017eas"},"content":{"rendered":"<p class=\"isSelectedEnd\">Latvijos rinktin\u0117s kapitonas portalui \u201eSportazinas.com\u201c paneig\u0117 \u201eNept\u016bno\u201c sporto direktoriaus Branko Mirkovi\u010diaus versij\u0105, kad \u0161i\u0105 vasar\u0105 lauk\u0117 galimyb\u0117s sugr\u012f\u017eti \u012f Eurolyg\u0105. Gyn\u0117jas taip pat nesl\u0117p\u0117 nusivylimo finansiniu Klaip\u0117dos klubo pasi\u016blymu.<\/p>\n<p class=\"isSelectedEnd\">B. Mirkovi\u010dius anks\u010diau \u201eBasketNews\u201c teig\u0117, kad abiej\u0173 pusi\u0173 l\u016bkes\u010diai i\u0161siskyr\u0117: R. Loma\u017eas nor\u0117jo sugr\u012f\u017eti \u012f Eurolyg\u0105, o \u201eNept\u016bnas\u201c negal\u0117jo ilgai laukti ir tur\u0117jo t\u0119sti komandos komplektacij\u0105.<\/p>\n<p class=\"isSelectedEnd\">Pats krep\u0161ininkas toki\u0105 situacijos versij\u0105 pakoregavo.<\/p>\n<p class=\"isSelectedEnd\">\u201eA\u0161 tik paprie\u0161taravau jo \u017eod\u017eiams, kad noriu sugr\u012f\u017eti \u012f Eurolyg\u0105 \u2013 tokio pokalbio mes netur\u0117jome. Galb\u016bt jie patys to tik\u0117josi, nes mat\u0117, kad sezono metu gavau Eurolygos klubo pasi\u016blym\u0105 ir buvau arti i\u0161vykimo.<\/p>\n<p class=\"isSelectedEnd\">Gal tai buvo labiau paties \u201eNept\u016bno\u201c noras, o gal Branko tiesiog netiksliai i\u0161sirei\u0161k\u0117. Nemanau, kad jis tur\u0117jo blog\u0173 ketinim\u0173. Papras\u010diausiai nor\u0117jau i\u0161sklaidyti nesusipratim\u0105, kad visiems b\u016bt\u0173 ai\u0161ku ir a\u0161 v\u0117l nelik\u010diau bloguoju\u201c, \u2013 juok\u0117si R. Loma\u017eas.<\/p>\n<p class=\"isSelectedEnd\">Latvis patvirtino, kad sezono metu i\u0161 ties\u0173 gal\u0117jo palikti Klaip\u0117d\u0105 ir persikelti \u012f Eurolyg\u0105. Tiesa, \u017eaid\u0117jo netenkino si\u016blomo kontrakto trukm\u0117.<\/p>\n<p class=\"isSelectedEnd\">\u201eMan si\u016bl\u0117 sutart\u012f tik likusiai sezono daliai, o mes nor\u0117jome pusantr\u0173 met\u0173 kontrakto. I\u0161 prad\u017ei\u0173 lyg ir buvome su tuo susitaik\u0119, bet galiausiai sandoris ne\u012fvyko, nes pats nenor\u0117jau i\u0161vykti tokiomis s\u0105lygomis\u201c, \u2013 paai\u0161kino gyn\u0117jas.<\/p>\n<p class=\"isSelectedEnd\">R. Loma\u017eas prid\u016br\u0117, kad su prie \u201eNept\u016bno\u201c vadovyb\u0117s tik sezono pabaigoje prisijungusiu B. Mirkovi\u010diumi daug nebendravo. Did\u017eioji dalis latvio komunikacijos vyko su klubo vadovu Martynu Ma\u017eeika ir vyriausiuoju treneriu Gediminu Petrausku.<\/p>\n<p class=\"isSelectedEnd\">\u201eBranko komandoje praleido gal net ma\u017eiau nei m\u0117nes\u012f. Su juo tur\u0117jome i\u0161 esm\u0117s vien\u0105 pokalb\u012f d\u0117l sutarties prat\u0119simo, kuriame dalyvavo ir M. Ma\u017eeika\u201c, \u2013 pasakojo krep\u0161ininkas.<\/p>\n<p class=\"isSelectedEnd\">Nors santykiai su Klaip\u0117dos klubu i\u0161liko geri, R. Loma\u017eas pripa\u017eino, kad \u201eNept\u016bno\u201c pateiktas pasi\u016blymas neprilygo jo l\u016bkes\u010diams. Konkre\u010dios sumos latvis neatskleid\u0117.<\/p>\n<p class=\"isSelectedEnd\">\u201e\u017dinoma, niekada negalima sakyti \u201eniekada\u201c, ta\u010diau nemanau, kad jie finansi\u0161kai gali pateikti rinkoje konkurencing\u0105 pasi\u016blym\u0105. A\u0161 nepra\u0161au nieko neprotingo, tiesiog situacija yra tokia.<\/p>\n<p class=\"isSelectedEnd\">Nor\u0117\u010diau tik\u0117ti, kad klubas padar\u0117 visk\u0105, k\u0105 gal\u0117jo, bet pasi\u016blymas buvo juokingai ma\u017eas, turint omenyje, kok\u012f sezon\u0105 kartu su\u017eaid\u0117me. Vis d\u0117lto jokios nuoskaudos nejau\u010diu \u2013 \u0161is etapas baig\u0117si labai solid\u017eiai. Nepavyko \u0161iemet, galb\u016bt pavyks kitais metais\u201c, \u2013 kalb\u0117jo R. Loma\u017eas.<\/p>\n<p class=\"isSelectedEnd\">Gyn\u0117jas taip pat pabr\u0117\u017e\u0117 nesantis susitelk\u0119s vien \u012f sugr\u012f\u017eim\u0105 \u012f Eurolyg\u0105. Naujoje komandoje jis ie\u0161ko finansini\u0173 s\u0105lyg\u0173 ir svarbaus vaidmens aik\u0161t\u0117je pusiausvyros.<\/p>\n<p class=\"isSelectedEnd\">\u201eNenoriu, kad \u017emon\u0117s galvot\u0173, jog mano vienintelis tikslas yra Eurolyga. A\u0161 ten jau \u017eaid\u017eiau ir tuo pasim\u0117gavau. Dabar papras\u010diausiai noriu \u017eaisti krep\u0161in\u012f.<\/p>\n<p class=\"isSelectedEnd\">Man svarbu, kad s\u0105lygos b\u016bt\u0173 geros tiek finansiniu, tiek \u017eaidimo laiko po\u017ei\u016briu. Nereikia b\u016bti Eurolygoje vien tam, kad gal\u0117\u010diau pasakyti, jog ten esu. \u017dinoma, jeigu sulauk\u010diau didelio pasi\u016blymo, b\u016b\u010diau pasireng\u0119s j\u012f priimti, bet viskas priklauso nuo rinkos\u201c, \u2013 d\u0117st\u0117 latvis.<\/p>\n<p class=\"isSelectedEnd\">R. Loma\u017eas kol kas n\u0117ra susitar\u0119s su jokiu klubu. Pasak jo, susidom\u0117jimo ir pasi\u016blym\u0173 netr\u016bksta, ta\u010diau n\u0117 vienas variantas dar neatitiko vis\u0173 keliam\u0173 reikalavim\u0173.<\/p>\n<p class=\"isSelectedEnd\">\u201eDar miegu ramiai. Gal rugpj\u016b\u010dio 25 dien\u0105 jau reik\u0117s prad\u0117ti nerimauti. Svarbiausia, kad pasibaigus rinktin\u0117s langui b\u016bt\u0173 kur i\u0161vykti. Jeigu tada vis dar netur\u0117siu komandos, situacija bus prastesn\u0117\u201c, \u2013 \u0161maik\u0161tavo krep\u0161ininkas.<\/p>\n<p>Pra\u0117jus\u012f sezon\u0105 R. Loma\u017eas Europos taur\u0117je vidutini\u0161kai peln\u0117 po 18,6 ta\u0161ko, o LKL \u2013 po 16,4 ta\u0161ko. Jo ir Arno Veli\u010dkos vedamas \u201eNept\u016bnas\u201c \u0161alies pirmenyb\u0117se i\u0161kovojo bronzos medalius.<\/p>\n","protected":false},"excerpt":{"rendered":"Latvijos rinktin\u0117s kapitonas portalui \u201eSportazinas.com\u201c paneig\u0117 \u201eNept\u016bno\u201c sporto direktoriaus Branko Mirkovi\u010diaus versij\u0105, kad \u0161i\u0105 vasar\u0105 lauk\u0117 galimyb\u0117s sugr\u012f\u017eti&hellip;\n","protected":false},"author":2,"featured_media":247713,"comment_status":"","ping_status":"","sticky":false,"template":"","format":"standard","meta":{"footnotes":"","_share_on_mastodon":"0"},"categories":[19],"tags":[511,2427,37,39,36,38,40,47,104],"class_list":["post-247712","post","type-post","status-publish","format-standard","has-post-thumbnail","category-sportas","tag-klaipeda","tag-klaipedos-neptunas","tag-lietuva","tag-lietuviu","tag-lithuania","tag-lithuanian","tag-lt","tag-sportas","tag-sports"],"share_on_mastodon":{"url":"https:\/\/pubeurope.com\/@lt\/117049460144536682","error":""},"_links":{"self":[{"href":"https:\/\/www.europesays.com\/lt\/wp-json\/wp\/v2\/posts\/247712","targetHints":{"allow":["GET"]}}],"collection":[{"href":"https:\/\/www.europesays.com\/lt\/wp-json\/wp\/v2\/posts"}],"about":[{"href":"https:\/\/www.europesays.com\/lt\/wp-json\/wp\/v2\/types\/post"}],"author":[{"embeddable":true,"href":"https:\/\/www.europesays.com\/lt\/wp-json\/wp\/v2\/users\/2"}],"replies":[{"embeddable":true,"href":"https:\/\/www.europesays.com\/lt\/wp-json\/wp\/v2\/comments?post=247712"}],"version-history":[{"count":0,"href":"https:\/\/www.europesays.com\/lt\/wp-json\/wp\/v2\/posts\/247712\/revisions"}],"wp:featuredmedia":[{"embeddable":true,"href":"https:\/\/www.europesays.com\/lt\/wp-json\/wp\/v2\/media\/247713"}],"wp:attachment":[{"href":"https:\/\/www.europesays.com\/lt\/wp-json\/wp\/v2\/media?parent=247712"}],"wp:term":[{"taxonomy":"category","embeddable":true,"href":"https:\/\/www.europesays.com\/lt\/wp-json\/wp\/v2\/categories?post=247712"},{"taxonomy":"post_tag","embeddable":true,"href":"https:\/\/www.europesays.com\/lt\/wp-json\/wp\/v2\/tags?post=247712"}],"curies":[{"name":"wp","href":"https:\/\/api.w.org\/{rel}","templated":true}]}}