{"id":24777,"date":"2025-10-24T18:44:28","date_gmt":"2025-10-24T18:44:28","guid":{"rendered":"https:\/\/www.europesays.com\/lt\/24777\/"},"modified":"2025-10-24T18:44:28","modified_gmt":"2025-10-24T18:44:28","slug":"sie-prietaisai-ryja-elektra-net-isjungti-kasdien-jums-kainuoja-brangiau-nei-manote","status":"publish","type":"post","link":"https:\/\/www.europesays.com\/lt\/24777\/","title":{"rendered":"\u0160ie prietaisai \u201eryja\u201c elektr\u0105 net i\u0161jungti \u2013 kasdien jums kainuoja brangiau, nei manote"},"content":{"rendered":"<p>Jei norite suma\u017einti s\u0105skaitas u\u017e elektr\u0105, verta visada i\u0161traukti i\u0161 rozet\u0117s prietaisus, kurie be reikalo eikvoja energij\u0105. Specialistai \u012fvardija kelet\u0105 da\u017eniausi\u0173 kaltinink\u0173.<\/p>\n<p>Televizoriai<\/p>\n<p>Daugelis net ne\u012ftaria, kiek elektros energijos sunaudoja \u0161iuolaikiniai televizoriai bud\u0117jimo re\u017eimu. Nors technologijos tobul\u0117ja ir tampa efektyvesn\u0117s, televizoriai vis tiek i\u0161lieka vienu i\u0161 pagrindini\u0173 nam\u0173 energijos vartotoj\u0173. Ypa\u010d daug sunaudoja i\u0161manieji modeliai \u2013 d\u0117l gausyb\u0117s \u012fmontuot\u0173 funkcij\u0173.<\/p>\n<p>\u017daidim\u0173 konsol\u0117s<\/p>\n<p>Konsoles taip pat verta visi\u0161kai i\u0161jungti, o ne palikti bud\u0117jimo re\u017eimu. Tai ne tik brangina s\u0105skaitas, bet ir trumpina \u012frengini\u0173 tarnavimo laik\u0105. Jei planuojate nauj\u0105 pirkim\u0105, rinkit\u0117s model\u012f, pasi\u017eymint\u012f ma\u017eesn\u0117mis energijos s\u0105naudomis.<\/p>\n<p>Spausdintuvai<\/p>\n<p>Daugelis spausdintuv\u0173 net ir neveikdami toliau naudoja energij\u0105. Lazeriniai modeliai ypa\u010d \u201e\u0117dr\u016bs\u201c, tod\u0117l juos b\u016btina i\u0161jungti, kai nenaudojami. Atrodyt\u0173, nedidel\u0117s i\u0161laidos galiausiai susideda \u012f pastebim\u0105 sum\u0105.<\/p>\n<p>Multimedijos \u012frenginiai<\/p>\n<p>DVD, Blu-ray grotuvai ar \u012fvair\u016bs priedai taip pat gali valand\u0173 valandas veikti bud\u0117jimo re\u017eimu. Net jei atrodo, kad jie \u201emiega\u201c, \u0161ie \u012frenginiai vis tiek naudoja energij\u0105. Ma\u017eiausiai s\u0105naudingas i\u0161 j\u0173 \u2013 mar\u0161rutizatorius, ta\u010diau ir j\u012f pravartu kartais i\u0161jungti.<\/p>\n<p>Ma\u017ei virtuv\u0117s prietaisai<\/p>\n<p>Nors da\u017eniausiai \u012ftariami dideli \u012frenginiai, kaip indaplov\u0117 ar skalbykl\u0117, nema\u017eai elektros sunaudoja ir ma\u017eieji virtuv\u0117s pagalbininkai. Kavos virimo aparatai, virduliai, skrudintuvai \u2013 visus juos verta atjungti nuo elektros tinklo, kai jais nesinaudojate.<\/p>\n","protected":false},"excerpt":{"rendered":"Jei norite suma\u017einti s\u0105skaitas u\u017e elektr\u0105, verta visada i\u0161traukti i\u0161 rozet\u0117s prietaisus, kurie be reikalo eikvoja energij\u0105. Specialistai&hellip;\n","protected":false},"author":2,"featured_media":24778,"comment_status":"","ping_status":"","sticky":false,"template":"","format":"standard","meta":{"footnotes":""},"categories":[13],"tags":[25,30,31,34,35,24,32,33,37,39,36,38,40,23,22,28,29,26,27],"class_list":{"0":"post-24777","1":"post","2":"type-post","3":"status-publish","4":"format-standard","5":"has-post-thumbnail","7":"category-lietuva","8":"tag-antrastes","9":"tag-breaking-news","10":"tag-breakingnews","11":"tag-featured-news","12":"tag-featurednews","13":"tag-headlines","14":"tag-latest-news","15":"tag-latestnews","16":"tag-lietuva","17":"tag-lietuviu","18":"tag-lithuania","19":"tag-lithuanian","20":"tag-lt","21":"tag-naujienos","22":"tag-news","23":"tag-populiariausios-naujienos","24":"tag-populiariausiosnaujienos","25":"tag-top-stories","26":"tag-topstories"},"share_on_mastodon":{"url":"https:\/\/pubeurope.com\/@lt\/115430625338072505","error":""},"_links":{"self":[{"href":"https:\/\/www.europesays.com\/lt\/wp-json\/wp\/v2\/posts\/24777","targetHints":{"allow":["GET"]}}],"collection":[{"href":"https:\/\/www.europesays.com\/lt\/wp-json\/wp\/v2\/posts"}],"about":[{"href":"https:\/\/www.europesays.com\/lt\/wp-json\/wp\/v2\/types\/post"}],"author":[{"embeddable":true,"href":"https:\/\/www.europesays.com\/lt\/wp-json\/wp\/v2\/users\/2"}],"replies":[{"embeddable":true,"href":"https:\/\/www.europesays.com\/lt\/wp-json\/wp\/v2\/comments?post=24777"}],"version-history":[{"count":0,"href":"https:\/\/www.europesays.com\/lt\/wp-json\/wp\/v2\/posts\/24777\/revisions"}],"wp:featuredmedia":[{"embeddable":true,"href":"https:\/\/www.europesays.com\/lt\/wp-json\/wp\/v2\/media\/24778"}],"wp:attachment":[{"href":"https:\/\/www.europesays.com\/lt\/wp-json\/wp\/v2\/media?parent=24777"}],"wp:term":[{"taxonomy":"category","embeddable":true,"href":"https:\/\/www.europesays.com\/lt\/wp-json\/wp\/v2\/categories?post=24777"},{"taxonomy":"post_tag","embeddable":true,"href":"https:\/\/www.europesays.com\/lt\/wp-json\/wp\/v2\/tags?post=24777"}],"curies":[{"name":"wp","href":"https:\/\/api.w.org\/{rel}","templated":true}]}}