{"id":247772,"date":"2026-08-06T17:17:16","date_gmt":"2026-08-06T17:17:16","guid":{"rendered":"https:\/\/www.europesays.com\/lt\/247772\/"},"modified":"2026-08-06T17:17:16","modified_gmt":"2026-08-06T17:17:16","slug":"maxima-visam-laikui-uzdaro-parduotuve-vilniuje-vyks-ispardavimas","status":"publish","type":"post","link":"https:\/\/www.europesays.com\/lt\/247772\/","title":{"rendered":"\u201eMaxima\u201c visam laikui u\u017edaro parduotuv\u0119 Vilniuje: vyks i\u0161pardavimas"},"content":{"rendered":"<p class=\"wp-block-paragraph\">Lietuvi\u0161kas prekybos tinklas \u201e<a style=\"font-weight:bold;\" href=\"https:\/\/madeinvilnius.lt\/tema\/maxima\/\" target=\"_blank\" rel=\"nofollow noopener\">Maxima<\/a>\u201c informuoja Vilniaus \u017dirm\u016bn\u0173 mikrorajono gyventojus \u2013 visam laikui u\u017ev\u0117rus Minties g. 58 vieno X duris, pirk\u0117jai apsipirkti artimiausioje \u201eMaximoje\u201c gal\u0117s adresu Tuskul\u0117n\u0173 g.\u00a066.\u00a0U\u017edaromoje parduotuv\u0117je vyksta preki\u0173 i\u0161pardavimas.<\/p>\n<p class=\"wp-block-paragraph\">\u201e\u0160is sekmadienis bus paskutin\u0117 Vilniuje, adresu Minties g.\u00a058, veikian\u010dios vieno X parduotuv\u0117s darbo diena. J\u0105 visam laikui u\u017everiame d\u0117l ma\u017e\u0117jan\u010dio pirk\u0117j\u0173 srauto, kuris mieliau \u0161iame rajone renkasi vos u\u017e\u00a0350\u00a0metr\u0173\u00a0p\u0117s\u010diomis esan\u010di\u0105 dviej\u0173 X Tuskul\u0117n\u0173 gatv\u0117s \u201eMaxim\u0105\u201c. \u012evertin\u0119 parduotuv\u0117s atnaujinimui reikiam\u0105 investicij\u0105 ir sraut\u0105, nusprend\u0117me j\u0105 nukreipti \u012f kit\u0173 parduotuvi\u0173 atnaujinimus, pl\u0117tr\u0105\u201c, \u2013 informuoja \u201eMaximos\u201c ry\u0161i\u0173 su \u017einiasklaida vadov\u0117 Ernesta Vareikyt\u0117.<\/p>\n<p class=\"wp-block-paragraph\">U\u017edarius Minties gatv\u0117s \u201eMaxim\u0105\u201c beveik visi darbuotojai bus perkelti dirbi \u012f kitas tinklo parduotuves, vienas j\u0173 nusprend\u0117 veiklos \u012fmon\u0117je net\u0119sti. Paskutin\u0119 \u0161ios parduotuv\u0117s darbo savait\u0119 pirk\u0117jai gali pasinaudoti specialiomis i\u0161pardavimo nuolaidomis.<\/p>\n<p class=\"wp-block-paragraph\">E. Vareikyt\u0117 atkreipia d\u0117mes\u012f, kad didesn\u0117 Tuskul\u0117n\u0173 gatv\u0117je esanti tinklo parduotuv\u0117 \u017dirm\u016bn\u0173 mikrorajono gyventojams patogi d\u0117l galimyb\u0117s vienoje vietoje rasti daugiau maisto ir pramon\u0117s preki\u0173 pasirinkimo bei tos pa\u010dios kategorijos produkt\u0173 \u012fvairov\u0119, \u010dia pat veikian\u010di\u0105 vaistin\u0119 ir kt. paslaugas.<\/p>\n<p class=\"wp-block-paragraph\">\u201eTuskul\u0117n\u0173 \u201eMaximoje\u201c pirk\u0117jai randa gausesn\u0119 \u0161vie\u017eio ir \u0161aldyto maisto, ilgo galiojimo produkt\u0173 \u2013 bakal\u0117jos, taip pat ir pramon\u0117s skyriuose esan\u010di\u0173 preki\u0173 \u012fvairov\u0119. Daugeliui svarbi galimyb\u0117 rasti ir daugiau t\u0173 pa\u010di\u0173 preki\u0173 grupi\u0173 produkt\u0173 alternatyv\u0173. Be to, didesn\u0117je parduotuv\u0117je pirk\u0117jams si\u016blomas ir platesnis vegani\u0161ko, specialaus ar pasaulio skoni\u0173 linijos produkt\u0173 pasirinkimas, \u010dia galima rasti ir gausesn\u012f ribotam laikui atve\u017et\u0105, pavyzd\u017eiui, vykstan\u010di\u0173 temini\u0173 m\u0117nesi\u0173 ar mugi\u0173 asortiment\u0105\u201c, \u2013 sako E. Vareikyt\u0117.<\/p>\n<p> <a href=\"https:\/\/google.com\/preferences\/source?q=madeinvilnius.lt\" target=\"_blank\" rel=\"noopener nofollow\" onclick=\"if (!window.__cfRLUnblockHandlers) return false; if(window.gtag){gtag(&#039;event&#039;,&#039;preferred_source_click&#039;,{event_category:&#039;engagement&#039;,event_label:&#039;article_footer&#039;});}\" style=\"display:flex;align-items:center;gap:16px;width:100%;box-sizing:border-box;margin:2.5rem 0 1rem;padding:20px 24px;border:1px solid #e8e6e1;border-radius:14px;background:#fff;text-decoration:none !important;box-shadow:none !important;color:#1a1a1a;\" data-cf-modified-838bb6e40cec5c9f0160a2ac-=\"\">       Skaitykite mus pirmiau \u201eGoogle\u201d Prid\u0117kite madeinvilnius.lt kaip pageidaujam\u0105 \u0161altin\u012f  \u2192 <\/a><\/p>\n","protected":false},"excerpt":{"rendered":"Lietuvi\u0161kas prekybos tinklas \u201eMaxima\u201c informuoja Vilniaus \u017dirm\u016bn\u0173 mikrorajono gyventojus \u2013 visam laikui u\u017ev\u0117rus Minties g. 58 vieno X&hellip;\n","protected":false},"author":2,"featured_media":247773,"comment_status":"","ping_status":"","sticky":false,"template":"","format":"standard","meta":{"footnotes":"","_share_on_mastodon":"0"},"categories":[13],"tags":[25,30,31,34,35,24,32,33,37,39,36,38,40,1349,65,23,22,28,29,26,27],"class_list":["post-247772","post","type-post","status-publish","format-standard","has-post-thumbnail","category-lietuva","tag-antrastes","tag-breaking-news","tag-breakingnews","tag-featured-news","tag-featurednews","tag-headlines","tag-latest-news","tag-latestnews","tag-lietuva","tag-lietuviu","tag-lithuania","tag-lithuanian","tag-lt","tag-maxima","tag-naujiena","tag-naujienos","tag-news","tag-populiariausios-naujienos","tag-populiariausiosnaujienos","tag-top-stories","tag-topstories"],"share_on_mastodon":{"url":"https:\/\/pubeurope.com\/@lt\/117049704185291635","error":""},"_links":{"self":[{"href":"https:\/\/www.europesays.com\/lt\/wp-json\/wp\/v2\/posts\/247772","targetHints":{"allow":["GET"]}}],"collection":[{"href":"https:\/\/www.europesays.com\/lt\/wp-json\/wp\/v2\/posts"}],"about":[{"href":"https:\/\/www.europesays.com\/lt\/wp-json\/wp\/v2\/types\/post"}],"author":[{"embeddable":true,"href":"https:\/\/www.europesays.com\/lt\/wp-json\/wp\/v2\/users\/2"}],"replies":[{"embeddable":true,"href":"https:\/\/www.europesays.com\/lt\/wp-json\/wp\/v2\/comments?post=247772"}],"version-history":[{"count":0,"href":"https:\/\/www.europesays.com\/lt\/wp-json\/wp\/v2\/posts\/247772\/revisions"}],"wp:featuredmedia":[{"embeddable":true,"href":"https:\/\/www.europesays.com\/lt\/wp-json\/wp\/v2\/media\/247773"}],"wp:attachment":[{"href":"https:\/\/www.europesays.com\/lt\/wp-json\/wp\/v2\/media?parent=247772"}],"wp:term":[{"taxonomy":"category","embeddable":true,"href":"https:\/\/www.europesays.com\/lt\/wp-json\/wp\/v2\/categories?post=247772"},{"taxonomy":"post_tag","embeddable":true,"href":"https:\/\/www.europesays.com\/lt\/wp-json\/wp\/v2\/tags?post=247772"}],"curies":[{"name":"wp","href":"https:\/\/api.w.org\/{rel}","templated":true}]}}