{"id":247800,"date":"2026-08-06T17:39:11","date_gmt":"2026-08-06T17:39:11","guid":{"rendered":"https:\/\/www.europesays.com\/lt\/247800\/"},"modified":"2026-08-06T17:39:11","modified_gmt":"2026-08-06T17:39:11","slug":"del-prancuzijos-sprendimo-isiutusi-maskva","status":"publish","type":"post","link":"https:\/\/www.europesays.com\/lt\/247800\/","title":{"rendered":"D\u0117l Pranc\u016bzijos sprendimo \u2013 \u012fsiutusi Maskva"},"content":{"rendered":"<p>45-eri\u0173 K. Fiodorova dirba komentatore keliose Pranc\u016bzijos \u017einiasklaidos priemon\u0117se, priklausan\u010diose konservatyvi\u0173 pa\u017ei\u016br\u0173 milijardieriui Vincentui Bollore. Anks\u010diau ji vadovavo Rusijos transliuotojo RT Pranc\u016bzijos padaliniui, kuris buvo u\u017edraustas Pranc\u016bzijoje, kai Maskva 2022 m. u\u017epuol\u0117 Ukrain\u0105.<\/p>\n<p>Ji atmet\u0117 jai mestus kaltinimus kaip \u201epolitin\u012f spaudim\u0105\u201c ir cenz\u016br\u0105.<\/p>\n<p>    <img decoding=\"async\" src=\"https:\/\/www.europesays.com\/lt\/wp-content\/uploads\/2026\/08\/1786037951_933_b9f61eaa-eda5-40a6-abf7-c040010e5687.jpg\" loading=\"lazy\" alt=\"Buvusi RT padalinio Pranc\u016bzijoje vadov\u0117 Ksenija Fiodorova\"\/>      <\/p>\n<p>\u201eMes nepriimtinu laikome politin\u012f \u017eurnalist\u0173 persekiojim\u0105 pagal sufabrikuotus kaltinimus ir grie\u017etai j\u012f smerkiame\u201c, \u2013 \u017eurnalistams tvirtino Rusijos u\u017esienio reikal\u0173 ministerijos atstov\u0117s spaudai pavaduotojas Aleksejus Fadejevas.<\/p>\n<p>Pary\u017eiaus teismas pirmadien\u012f atmet\u0117 skund\u0105 d\u0117l jos i\u0161siuntimo. Jos advokatas naujien\u0173 agent\u016brai AFP sak\u0117, kad ji buvo u\u017esienyje, kai buvo i\u0161duotas i\u0161siuntimo orderis, ir kad ji negr\u012f\u0161 \u012f Pranc\u016bzij\u0105, kol jis nebus sustabdytas arba panaikintas.<\/p>\n","protected":false},"excerpt":{"rendered":"45-eri\u0173 K. Fiodorova dirba komentatore keliose Pranc\u016bzijos \u017einiasklaidos priemon\u0117se, priklausan\u010diose konservatyvi\u0173 pa\u017ei\u016br\u0173 milijardieriui Vincentui Bollore. Anks\u010diau ji vadovavo&hellip;\n","protected":false},"author":2,"featured_media":247801,"comment_status":"","ping_status":"","sticky":false,"template":"","format":"standard","meta":{"footnotes":"","_share_on_mastodon":"0"},"categories":[15],"tags":[25,30,31,3346,34,35,24,32,33,37,39,36,38,40,23,22,44,28,29,651,2560,119,26,27,74,75,76],"class_list":["post-247800","post","type-post","status-publish","format-standard","has-post-thumbnail","category-pasaulis","tag-antrastes","tag-breaking-news","tag-breakingnews","tag-elta-uzsienio-naujiena","tag-featured-news","tag-featurednews","tag-headlines","tag-latest-news","tag-latestnews","tag-lietuva","tag-lietuviu","tag-lithuania","tag-lithuanian","tag-lt","tag-naujienos","tag-news","tag-pasaulis","tag-populiariausios-naujienos","tag-populiariausiosnaujienos","tag-prancuzija","tag-propaganda","tag-rusija","tag-top-stories","tag-topstories","tag-world","tag-world-news","tag-worldnews"],"share_on_mastodon":{"url":"https:\/\/pubeurope.com\/@lt\/117049791054280905","error":""},"_links":{"self":[{"href":"https:\/\/www.europesays.com\/lt\/wp-json\/wp\/v2\/posts\/247800","targetHints":{"allow":["GET"]}}],"collection":[{"href":"https:\/\/www.europesays.com\/lt\/wp-json\/wp\/v2\/posts"}],"about":[{"href":"https:\/\/www.europesays.com\/lt\/wp-json\/wp\/v2\/types\/post"}],"author":[{"embeddable":true,"href":"https:\/\/www.europesays.com\/lt\/wp-json\/wp\/v2\/users\/2"}],"replies":[{"embeddable":true,"href":"https:\/\/www.europesays.com\/lt\/wp-json\/wp\/v2\/comments?post=247800"}],"version-history":[{"count":0,"href":"https:\/\/www.europesays.com\/lt\/wp-json\/wp\/v2\/posts\/247800\/revisions"}],"wp:featuredmedia":[{"embeddable":true,"href":"https:\/\/www.europesays.com\/lt\/wp-json\/wp\/v2\/media\/247801"}],"wp:attachment":[{"href":"https:\/\/www.europesays.com\/lt\/wp-json\/wp\/v2\/media?parent=247800"}],"wp:term":[{"taxonomy":"category","embeddable":true,"href":"https:\/\/www.europesays.com\/lt\/wp-json\/wp\/v2\/categories?post=247800"},{"taxonomy":"post_tag","embeddable":true,"href":"https:\/\/www.europesays.com\/lt\/wp-json\/wp\/v2\/tags?post=247800"}],"curies":[{"name":"wp","href":"https:\/\/api.w.org\/{rel}","templated":true}]}}