{"id":247874,"date":"2026-08-06T19:28:14","date_gmt":"2026-08-06T19:28:14","guid":{"rendered":"https:\/\/www.europesays.com\/lt\/247874\/"},"modified":"2026-08-06T19:28:14","modified_gmt":"2026-08-06T19:28:14","slug":"surio-svorio-eksperimentas-priverte-sureaguoti-ir-maxima","status":"publish","type":"post","link":"https:\/\/www.europesays.com\/lt\/247874\/","title":{"rendered":"S\u016brio svorio eksperimentas privert\u0117 sureaguoti ir Maxim\u0105"},"content":{"rendered":"<p>Turinio k\u016br\u0117jas Ignotascool Instagram&#8217;e pasidalino vaizdo \u012fra\u0161u, kuriame ap\u017evelg\u0117 kit\u0173 gyventoj\u0173 atradimus, nusprendus savaranki\u0161kai patikrinti \u201eMaximoje\u201c parduodam\u0173 s\u016bri\u0173 svor\u012f. <\/p>\n<p>\u201e\u017dmogus nusipirko s\u016brio \u2013 278 gram\u0173 (ant etiket\u0117s \u2013 \u201eDelfi\u201c), pasv\u0117r\u0117 ir jis tik 120 gram\u0173. \u010cia ma\u017eiau negu dvigubai, tai jis ir sumok\u0117jo dvigubai daugiau negu tur\u0117jo. (&#8230;) Kitas \u017emogus pasv\u0117r\u0117 kitus s\u016brius \u201eMaximoje\u201c, kurie tur\u0117jo b\u016bti 2,5 kg, o i\u0161 viso gavosi 1,19 kg. Kas \u010dia vyksta su s\u016briais?\u201c, \u2013 vaizdo \u012fra\u0161e kalb\u0117jo vaikinas. <\/p>\n<p>\u201eMaxima\u201c: etiket\u0117s buvo suklijuotos neteisingai<\/p>\n<p>\u012e \u0161\u012f \u012fra\u0161\u0105 sureagavo ir pats prekybos tinklas, kurio ry\u0161i\u0173 su \u017einiasklaida vadov\u0117 Ernesta Vareikyt\u0117 nurod\u0117, kad u\u017efiksuota situacija jiems \u017einoma ir i\u0161 ties\u0173 nutiko. <\/p>\n<p>\u201ePaai\u0161k\u0117jo, kad \u0161iuo atveju nebuvo laikomasi \u012fprasto produkto sv\u0117rimo ir \u017eenklinimo proceso\u201c, \u2013 komentare \u201eDelfi\u201c teig\u0117 E. Vareikyt\u0117. <\/p>\n<p>    <img decoding=\"async\" src=\"https:\/\/www.europesays.com\/lt\/wp-content\/uploads\/2026\/08\/fd1c8ec7-4c48-46a9-aa2e-61c9f64d97dd.jpg\" loading=\"lazy\" alt=\"\u201eMaxima\u201c\"\/>    <\/p>\n<p>Ji ai\u0161kino, kad \u012fprastai, pagal nustatyt\u0105 tvark\u0105, kiekvienas s\u016brio gabal\u0117lis turi b\u016bti pasveriamas atskirai ir i\u0161 karto pa\u017eymimas etikete, ta\u010diau t\u0105kart taip nenutiko. <\/p>\n<p>\u201e\u0160\u012f kart\u0105 buvo pasverti visi s\u016brio gabal\u0117liai, atspausdintos etiket\u0117s ir tik v\u0117liau jos suklijuotos ant konkre\u010di\u0173 produkt\u0173, tod\u0117l dalies pakuo\u010di\u0173 svoris neatitiko etiket\u0117je nurodyto svorio\u201c, \u2013 komentavo \u201eMaximos\u201c atstov\u0117. <\/p>\n<p>E. Vareikyt\u0117 patikino, kad prekybos tinklas, gav\u0119s informacij\u0105 apie neatitikim\u0105, \u0117m\u0117si veiksm\u0173 \u2013 parduotuv\u0117je buvo dar kart\u0105 pasverti vitrinoje esantys s\u016briai, o su darbuotojais i\u0161 naujo per\u017ei\u016br\u0117tos darbo proced\u016bros, kad pana\u0161ios situacijos nepasikartot\u0173. <\/p>\n<p>\u201eAtsipra\u0161ome pirk\u0117j\u0173 u\u017e susidariusi\u0105 situacij\u0105 ir d\u0117kojame, kad informavo apie pasteb\u0117t\u0105 neatitikim\u0105\u201c, \u2013 sak\u0117 atstov\u0117, prid\u016brusi, kad su s\u016brio svorio neatitikimu susid\u016br\u0119 ir \u010dek\u012f i\u0161saugoj\u0119 pirk\u0117jai gali pra\u0161yti kompensacijos. <\/p>\n<p>\u201eJei atvykti \u012f parduotuv\u0119 n\u0117ra galimyb\u0117s, pra\u0161ome kreiptis el. pa\u0161tu klientai@maxima.lt, prid\u0117ti pirkimo kvit\u0105 bei A\u010cI\u016a kortel\u0117s numer\u012f \u2013 kompensuosime susidarius\u012f kainos skirtum\u0105\u201c, \u2013 nurod\u0117 E. Varaikyt\u0117.<\/p>\n","protected":false},"excerpt":{"rendered":"Turinio k\u016br\u0117jas Ignotascool Instagram&#8217;e pasidalino vaizdo \u012fra\u0161u, kuriame ap\u017evelg\u0117 kit\u0173 gyventoj\u0173 atradimus, nusprendus savaranki\u0161kai patikrinti \u201eMaximoje\u201c parduodam\u0173 s\u016bri\u0173&hellip;\n","protected":false},"author":2,"featured_media":247875,"comment_status":"","ping_status":"","sticky":false,"template":"","format":"standard","meta":{"footnotes":"","_share_on_mastodon":"0"},"categories":[17],"tags":[81,37,39,36,38,40,1349,9581,46],"class_list":["post-247874","post","type-post","status-publish","format-standard","has-post-thumbnail","category-verslas","tag-business","tag-lietuva","tag-lietuviu","tag-lithuania","tag-lithuanian","tag-lt","tag-maxima","tag-suris","tag-verslas"],"share_on_mastodon":{"url":"https:\/\/pubeurope.com\/@lt\/117050219428533758","error":""},"_links":{"self":[{"href":"https:\/\/www.europesays.com\/lt\/wp-json\/wp\/v2\/posts\/247874","targetHints":{"allow":["GET"]}}],"collection":[{"href":"https:\/\/www.europesays.com\/lt\/wp-json\/wp\/v2\/posts"}],"about":[{"href":"https:\/\/www.europesays.com\/lt\/wp-json\/wp\/v2\/types\/post"}],"author":[{"embeddable":true,"href":"https:\/\/www.europesays.com\/lt\/wp-json\/wp\/v2\/users\/2"}],"replies":[{"embeddable":true,"href":"https:\/\/www.europesays.com\/lt\/wp-json\/wp\/v2\/comments?post=247874"}],"version-history":[{"count":0,"href":"https:\/\/www.europesays.com\/lt\/wp-json\/wp\/v2\/posts\/247874\/revisions"}],"wp:featuredmedia":[{"embeddable":true,"href":"https:\/\/www.europesays.com\/lt\/wp-json\/wp\/v2\/media\/247875"}],"wp:attachment":[{"href":"https:\/\/www.europesays.com\/lt\/wp-json\/wp\/v2\/media?parent=247874"}],"wp:term":[{"taxonomy":"category","embeddable":true,"href":"https:\/\/www.europesays.com\/lt\/wp-json\/wp\/v2\/categories?post=247874"},{"taxonomy":"post_tag","embeddable":true,"href":"https:\/\/www.europesays.com\/lt\/wp-json\/wp\/v2\/tags?post=247874"}],"curies":[{"name":"wp","href":"https:\/\/api.w.org\/{rel}","templated":true}]}}