{"id":248058,"date":"2026-08-07T03:46:38","date_gmt":"2026-08-07T03:46:38","guid":{"rendered":"https:\/\/www.europesays.com\/lt\/248058\/"},"modified":"2026-08-07T03:46:38","modified_gmt":"2026-08-07T03:46:38","slug":"enefit-vadovo-pozicijoje-lietuvoje-pokyciai","status":"publish","type":"post","link":"https:\/\/www.europesays.com\/lt\/248058\/","title":{"rendered":"\u201eEnefit\u201c vadovo pozicijoje Lietuvoje \u2013 poky\u010diai"},"content":{"rendered":"<p>\u201ePusantr\u0173 met\u0173 vadovo pareigose suteik\u0117 galimyb\u0119 d\u017eiaugtis pasiektais rezultatais tiek bendrov\u0117s, tiek valstyb\u0117s mastu. Sugeb\u0117jome i\u0161laikyti ir dar labiau \u012ftvirtinti savo, kaip antro did\u017eiausio elektros tiek\u0117jo, pozicij\u0105 Lietuvoje pagal \u012f rink\u0105 patiekiam\u0105 elektros kiek\u012f. <\/p>\n<p>Taip pat, nuolat besikei\u010dian\u010dioje reguliacin\u0117je aplinkoje s\u0117kmingai ie\u0161kojome netradicini\u0173 sprendim\u0173, siekdami u\u017etikrinti \u012fsipareigojim\u0173 klientams vykdym\u0105, suteikti geriausi\u0105 patirt\u012f\u201c, \u2013 sako V. Fiodorovi\u010d.<\/p>\n<p>Bendrov\u0117s \u201eEnefit O\u00dc\u201c, veikian\u010dios Baltijos \u0161alyse ir Lenkijoje, vadovas Gerrit M\u00e4esalu teigia, kad pasikeitimai Lietuvos vadovo pozicijoje susij\u0119 su organizacijos augimu bei vykstan\u010diais strukt\u016bros poky\u010diais, atspindintys besikei\u010dian\u010dius verslo poreikius.<\/p>\n<p>\u201eNuo \u0161i\u0173 met\u0173 prad\u017eios visas su elektros energija susijusias sritis \u2013 ma\u017emenin\u0119 ir didmenin\u0119 prekyb\u0105, atsinaujinan\u010dios energijos gamyb\u0105, pl\u0117tr\u0105 \u2013 sujung\u0117me \u012f vien\u0105 organizacij\u0105. Tai \u2013 reik\u0161mingas \u017eingsnis stiprinant m\u016bs\u0173 konkurencingum\u0105, gerinant bendradarbiavim\u0105 skirtingose rinkose ir kuriant dar didesn\u0119 vert\u0119 klientams. \u0160i\u0173 pasikeitim\u0173 kontekste, siekdami konkre\u010di\u0173 verslo tiksl\u0173, pritaikome ir vadov\u0173 strukt\u016br\u0105.<\/p>\n<p>Savo vadovavimo laikotarpiu Valdemaras reik\u0161mingai prisid\u0117jo stiprinant \u012fmon\u0117s pozicijas Lietuvoje. D\u0117kojame u\u017e jo profesionalum\u0105 ir atsidavim\u0105 bei linkime s\u0117km\u0117s sekan\u010diose karjeros stotel\u0117se\u201c, \u2013 sako G. M\u00e4esalu.<\/p>\n<p>V. Fiodorovi\u010d \u201eEesti Energia\u201c grup\u0117je dirbo nuo 2021-\u0173j\u0173 prad\u017eios, u\u017e\u0117m\u0119s energijos produkt\u0173 vadovo Lenkijoje pozicij\u0105. Dvejus metus vadovavo Rizik\u0173 valdymo departamentui. Dar metus \u2013 Rinkos tyrim\u0173 ir analitikos skyriui. Nuo 2025 m. sausio 1 d. \u0117jo \u201eEnefit\u201c vadovo pareigas Lietuvoje.<\/p>\n<p>Vadovo pareigose j\u012f nuo rugpj\u016b\u010dio 10 d. laikinai pakeis \u201eEnefit O\u00dc\u201c valdybos narys Donatas Cele\u0161ius, \u0161iuo metu einantis bendrov\u0117s valdybos nario ir pl\u0117tros vadovo Baltijos \u0161alyse ir Lenkijoje pareigas.<\/p>\n","protected":false},"excerpt":{"rendered":"\u201ePusantr\u0173 met\u0173 vadovo pareigose suteik\u0117 galimyb\u0119 d\u017eiaugtis pasiektais rezultatais tiek bendrov\u0117s, tiek valstyb\u0117s mastu. Sugeb\u0117jome i\u0161laikyti ir dar&hellip;\n","protected":false},"author":2,"featured_media":248059,"comment_status":"","ping_status":"","sticky":false,"template":"","format":"standard","meta":{"footnotes":"","_share_on_mastodon":"0"},"categories":[17],"tags":[81,3352,4106,9338,37,39,36,38,40,36491,46],"class_list":["post-248058","post","type-post","status-publish","format-standard","has-post-thumbnail","category-verslas","tag-business","tag-eesti-energia","tag-elektros-tiekimas","tag-enefit","tag-lietuva","tag-lietuviu","tag-lithuania","tag-lithuanian","tag-lt","tag-valdemaras-fiodorovic","tag-verslas"],"share_on_mastodon":{"url":"https:\/\/pubeurope.com\/@lt\/117052177526099125","error":""},"_links":{"self":[{"href":"https:\/\/www.europesays.com\/lt\/wp-json\/wp\/v2\/posts\/248058","targetHints":{"allow":["GET"]}}],"collection":[{"href":"https:\/\/www.europesays.com\/lt\/wp-json\/wp\/v2\/posts"}],"about":[{"href":"https:\/\/www.europesays.com\/lt\/wp-json\/wp\/v2\/types\/post"}],"author":[{"embeddable":true,"href":"https:\/\/www.europesays.com\/lt\/wp-json\/wp\/v2\/users\/2"}],"replies":[{"embeddable":true,"href":"https:\/\/www.europesays.com\/lt\/wp-json\/wp\/v2\/comments?post=248058"}],"version-history":[{"count":0,"href":"https:\/\/www.europesays.com\/lt\/wp-json\/wp\/v2\/posts\/248058\/revisions"}],"wp:featuredmedia":[{"embeddable":true,"href":"https:\/\/www.europesays.com\/lt\/wp-json\/wp\/v2\/media\/248059"}],"wp:attachment":[{"href":"https:\/\/www.europesays.com\/lt\/wp-json\/wp\/v2\/media?parent=248058"}],"wp:term":[{"taxonomy":"category","embeddable":true,"href":"https:\/\/www.europesays.com\/lt\/wp-json\/wp\/v2\/categories?post=248058"},{"taxonomy":"post_tag","embeddable":true,"href":"https:\/\/www.europesays.com\/lt\/wp-json\/wp\/v2\/tags?post=248058"}],"curies":[{"name":"wp","href":"https:\/\/api.w.org\/{rel}","templated":true}]}}