{"id":24833,"date":"2025-10-24T19:56:18","date_gmt":"2025-10-24T19:56:18","guid":{"rendered":"https:\/\/www.europesays.com\/lt\/24833\/"},"modified":"2025-10-24T19:56:18","modified_gmt":"2025-10-24T19:56:18","slug":"arnas-urbanavicius-turkijoje-istrigo-del-rasto-akmens-bagaze","status":"publish","type":"post","link":"https:\/\/www.europesays.com\/lt\/24833\/","title":{"rendered":"Arnas Urbanavi\u010dius Turkijoje \u012fstrigo d\u0117l rasto akmens baga\u017ee"},"content":{"rendered":"<p>Tre\u010diadien\u012f Arnas pasakojo, kad \u0161eima ie\u0161ko teisinink\u0173, kurie gal\u0117t\u0173 rimtai, patikimai apsiimti bylos procesu.<\/p>\n<p>\u201eI\u0161gyvename net ne\u017einau, k\u0105 \u2013 neturiu tam pavadinimo, nes pirm\u0105 kart\u0105 tokie dalykai vyksta. Stresas, esu nevalg\u0119s kelias dienas, i\u0161d\u017ei\u016bv\u0119s, nerandu ramyb\u0117s. Net ne\u017einau, kaip paai\u0161kinti. Dar tuo pa\u010diu dalyvauju susitikimuose. Visapusi\u0161kas i\u0161bandymas\u201c, \u2013 nesl\u0117p\u0117 jis.<\/p>\n<p>Penktadien\u012f Arnas \u201eDelfi\u201c sak\u0117, kad kol kas reik\u0161ming\u0173 naujien\u0173 n\u0117ra.<\/p>\n<p>\u201eSud\u0117liota teisin\u0117 strategija, bus skund\u017eiamas teismo sprendimas nei\u0161vykti i\u0161 \u0161alies. Paraleliai vyksta tyrimas, rezultatai n\u0117ra ai\u0161k\u016bs\u201c, \u2013 teig\u0117 jis.<\/p>\n<p>Akmuo sv\u0117r\u0117 3,4 kg<\/p>\n<p>\u201eDelfi\u201c primena, kad, kaip pasakojo Arno \u017emona Inga, sekmadien\u012f vakare \u0161eima i\u0161 <a rel=\"noopener nofollow\" target=\"_blank\" href=\"https:\/\/www.delfi.lt\/temos\/turkija\" tag-id=\"21801964\">Turkijos<\/a> tur\u0117jo skristi \u012f Vilni\u0173.<\/p>\n<p>\u201eOro uoste per\u0117jome visus patikrinimus, pasus, jau buvome prie savo vart\u0173 ir lauk\u0117me l\u0117ktuvo, kai per garsiakalb\u012f i\u0161girdome savo vardus: mano, vyro ir jauniausio s\u016bnaus. Kelion\u0117je taip pat buvo mano t\u0117vai, vyresnieji s\u016bn\u016bs \u2013 kadangi per agent\u016br\u0105 pirkome bilietus, seneliai buvo pasi\u0117m\u0119 prie sav\u0119s kartu vyresniuosius s\u016bnus, tai jiems viskas gerai, i\u0161keliavo, o mus pakviet\u0117 prie ka\u017ekoki\u0173 vart\u0173.<\/p>\n<p>Nuo j\u0173 darbuotojas mus palyd\u0117jo iki policijos. Nelabai buvo ai\u0161ku, kas \u010dia vyksta, tik informavo, kad yra problem\u0173 su baga\u017eu. Policijos postelyje lauk\u0117me <a rel=\"noopener nofollow\" target=\"_blank\" href=\"https:\/\/www.delfi.lt\/temos\/muitine\" tag-id=\"39196787\">muitin\u0117s<\/a>, kuri mus nusive\u017e\u0117 \u012f savo darbo viet\u0105 oro uoste. Mano vyras klaus\u0117, kas vyksta, ar galime ka\u017ek\u0105 su\u017einoti. Jie pasak\u0117, jog nieko ne\u017eino, laukia muitin\u0117s darbuotoj\u0173. Galiausiai at\u0117jo darbuotojai, vyr\u0105 i\u0161sived\u0117, o mus su s\u016bnumi paliko laukti kambar\u0117lyje. \u0160iaip tikrai labai maloniai pri\u0117m\u0117, klaus\u0117, ar norime valgyti, atsigerti, vaikui, kuriam 4 metai, \u012fjung\u0117 filmuk\u0173 per televizori\u0173. Buvo labai paslaug\u016bs darbuotojai\u201c, \u2013 kalba Inga.<\/p>\n<p>Anot Ingos, galiausiai \u0161eima buvo informuota, kad jos <a rel=\"noopener nofollow\" target=\"_blank\" href=\"https:\/\/www.delfi.lt\/temos\/bagazas\" tag-id=\"39131453\">baga\u017ee<\/a> rastas, darbuotoj\u0173 vertinimu, vertingas akmuo, tod\u0117l jie negali i\u0161skristi, nes reikia \u012fvertinti situacij\u0105.<\/p>\n<p>URM \u201eDelfi\u201c patvirtino, kad Lietuvos Respublikos ambasada Turkijoje \u0161. m. spalio 21 d. gavo pilie\u010dio Arno Urbanavi\u010diaus lai\u0161k\u0105 apie jo sulaikym\u0105 Antalijos oro uoste d\u0117l Turkijos muitin\u0117s pareig\u016bn\u0173 rast\u0173 galimai draud\u017eiam\u0173 i\u0161ve\u017eti akmen\u0173.<\/p>\n<p>\u201ePilie\u010dio \u0161eimos nariams leista i\u0161vykti i\u0161 Turkijos, ta\u010diau Arnui Urbanavi\u010diui buvo paskirta teismin\u0117 kontrol\u0117 \u2013 draud\u017eiama i\u0161vykti i\u0161 \u0161alies teritorijos su prievole kart\u0105 per savait\u0119 registruotis policijos nuovadoje iki tyrimo pabaigos.<\/p>\n<p>Teismo sprendimu byla perduota Generalinei prokurat\u016brai tolesniam tyrimui. Pilie\u010diui suteikta teis\u0117 \u0161\u012f teismo sprendim\u0105 per dvi savaites nuo prane\u0161imo dienos apsk\u0173sti Antalijos pirmosios instancijos baud\u017eiamajam teismui pateikiant pra\u0161ym\u0105 teismui.<\/p>\n<p>Pilie\u010diui sulaikymo metu buvo skirtas valstyb\u0117s samdomas advokatas. Ambasadai susisiekus su Arno Urbanavi\u010diaus advokatu, jis paai\u0161kino, kad sulaikyto pilie\u010dio lagamine oro uosto muitin\u0117s pareig\u016bnai rado 3,4 kg sveriant\u012f akmen\u012f, kurio vert\u0119\/kilm\u0119 gal\u0117t\u0173 nustatyti tik archeologijos ekspertai. Ambasada nuo Arno Urbonavi\u010diaus sulaikymo momento palaik\u0117 ry\u0161\u012f su juo, taip pat siekiant i\u0161siai\u0161kinti bylos aplinkybes buvo kreiptasi \u012f Lietuvos garb\u0117s konsul\u0119 Antalijoje.<\/p>\n<p>Norime atkreipti keliaujan\u010di\u0173 Lietuvos pilie\u010di\u0173 d\u0117mes\u012f, kad i\u0161sive\u017eimas i\u0161 Turkijos atminimui akmenuk\u0173, kriaukli\u0173, plyteli\u0173 pagal Turkijos \u012fstatymus yra draud\u017eiamas ir u\u017etraukia atsakomyb\u0119\u201c, \u2013 komentare nurod\u0117 URM.<\/p>\n","protected":false},"excerpt":{"rendered":"Tre\u010diadien\u012f Arnas pasakojo, kad \u0161eima ie\u0161ko teisinink\u0173, kurie gal\u0117t\u0173 rimtai, patikimai apsiimti bylos procesu. \u201eI\u0161gyvename net ne\u017einau, k\u0105&hellip;\n","protected":false},"author":2,"featured_media":23031,"comment_status":"","ping_status":"","sticky":false,"template":"","format":"standard","meta":{"footnotes":""},"categories":[13],"tags":[25,7072,30,31,34,35,24,32,33,37,39,36,38,40,6537,23,22,28,29,26,27,1853],"class_list":{"0":"post-24833","1":"post","2":"type-post","3":"status-publish","4":"format-standard","5":"has-post-thumbnail","7":"category-lietuva","8":"tag-antrastes","9":"tag-bagazas","10":"tag-breaking-news","11":"tag-breakingnews","12":"tag-featured-news","13":"tag-featurednews","14":"tag-headlines","15":"tag-latest-news","16":"tag-latestnews","17":"tag-lietuva","18":"tag-lietuviu","19":"tag-lithuania","20":"tag-lithuanian","21":"tag-lt","22":"tag-muitine","23":"tag-naujienos","24":"tag-news","25":"tag-populiariausios-naujienos","26":"tag-populiariausiosnaujienos","27":"tag-top-stories","28":"tag-topstories","29":"tag-turkija"},"share_on_mastodon":{"url":"https:\/\/pubeurope.com\/@lt\/115430908462229320","error":""},"_links":{"self":[{"href":"https:\/\/www.europesays.com\/lt\/wp-json\/wp\/v2\/posts\/24833","targetHints":{"allow":["GET"]}}],"collection":[{"href":"https:\/\/www.europesays.com\/lt\/wp-json\/wp\/v2\/posts"}],"about":[{"href":"https:\/\/www.europesays.com\/lt\/wp-json\/wp\/v2\/types\/post"}],"author":[{"embeddable":true,"href":"https:\/\/www.europesays.com\/lt\/wp-json\/wp\/v2\/users\/2"}],"replies":[{"embeddable":true,"href":"https:\/\/www.europesays.com\/lt\/wp-json\/wp\/v2\/comments?post=24833"}],"version-history":[{"count":0,"href":"https:\/\/www.europesays.com\/lt\/wp-json\/wp\/v2\/posts\/24833\/revisions"}],"wp:featuredmedia":[{"embeddable":true,"href":"https:\/\/www.europesays.com\/lt\/wp-json\/wp\/v2\/media\/23031"}],"wp:attachment":[{"href":"https:\/\/www.europesays.com\/lt\/wp-json\/wp\/v2\/media?parent=24833"}],"wp:term":[{"taxonomy":"category","embeddable":true,"href":"https:\/\/www.europesays.com\/lt\/wp-json\/wp\/v2\/categories?post=24833"},{"taxonomy":"post_tag","embeddable":true,"href":"https:\/\/www.europesays.com\/lt\/wp-json\/wp\/v2\/tags?post=24833"}],"curies":[{"name":"wp","href":"https:\/\/api.w.org\/{rel}","templated":true}]}}