{"id":24842,"date":"2025-10-24T20:08:14","date_gmt":"2025-10-24T20:08:14","guid":{"rendered":"https:\/\/www.europesays.com\/lt\/24842\/"},"modified":"2025-10-24T20:08:14","modified_gmt":"2025-10-24T20:08:14","slug":"tai-prasiskverbian-is-po-vandenyno-aplink-antarktida","status":"publish","type":"post","link":"https:\/\/www.europesays.com\/lt\/24842\/","title":{"rendered":"tai prasiskverbian i\u0161 po vandenyno aplink Antarktid\u0105"},"content":{"rendered":"<p>Apie tai ra\u0161o CNN.<\/p>\n<p>\u201eDid\u017eiuliai metano kiekiai yra rezervuaruose, kurie susiformavo per t\u016bkstantme\u010dius po j\u016bros dugnu visame pasaulyje.\u00a0<\/p>\n<p>\u0160is nematomas dujas, ter\u0161iantis klimat\u0105, gali i\u0161siskirti \u012f vanden\u012f per \u012ftr\u016bkimus j\u016bros dugne, da\u017enai pasireik\u0161damas burbuliuk\u0173 srautu, kylant\u012f \u012f vandenyno pavir\u0161i\u0173\u201c, \u2013 ai\u0161kinama straipsnyje.<\/p>\n<p>\u0160iuo metu apie \u0161iuos povandeninius \u0161altinius, j\u0173 veikim\u0105, metano kiek\u012f ir t\u016br\u012f, kuris patenka \u012f atmosfer\u0105, palyginti su kiekiu, kur\u012f sugeria po vandenynu gyvenantys mikroorganizmai, \u017einoma gana nedaug.<\/p>\n<p>Ta\u010diau mokslininkai nori juos geriau suprasti, nes \u0161is aplinkai labai \u017ealingas dujas per pirmuosius 20 savo egzistavimo met\u0173 atmosferoje sulaiko 80 kart\u0173 daugiau \u0161ilumos nei anglies dioksidas.<\/p>\n<p>\u201eMetano \u0161altiniai Antarktidoje yra vieni i\u0161 ma\u017eiausiai i\u0161tirt\u0173 planetoje, tod\u0117l tarptautin\u0117 mokslinink\u0173 grup\u0117 nusprend\u0117 juos surasti. Jie naudojo akustini\u0173 tyrim\u0173 i\u0161 laiv\u0173, nuotoliniu b\u016bdu valdom\u0173 aparat\u0173 ir nar\u0173 derin\u012f, kad paimt\u0173 m\u0117ginius i\u0161 \u012fvairi\u0173 viet\u0173 Roso j\u016broje, \u012flankoje Piet\u0173 vandenyne Antarktidoje, 16\u2013790 p\u0117d\u0173 gylyje\u201c, \u2013 pabr\u0117\u017e\u0117 CNN.<\/p>\n<p>Tai, k\u0105 jie rado, juos labai nustebino. Remiantis \u0161\u012f m\u0117nes\u012f \u017eurnale \u201eNature Communications\u201c paskelbtu tyrimu, jie aptiko daugiau nei 40 metano nuot\u0117ki\u0173 sekliose Ross j\u016bros vietose.<\/p>\n<p>Pa\u017eymima, kad daugelis nuot\u0117ki\u0173 buvo aptikti vietose, kurios anks\u010diau buvo ne kart\u0105 tiriamos, o tai rodo j\u0173 naujum\u0105.\u00a0<\/p>\n<p>Remiantis ataskaita, tai gali rodyti \u201efundamentalius poky\u010dius\u201c metano i\u0161siskyrime \u0161iame regione.<\/p>\n<p>Metano \u0161altiniai yra gana paplit\u0119s rei\u0161kinys visame pasaulyje, ta\u010diau anks\u010diau Antarktidoje buvo patvirtintas tik vienas aktyvus nuot\u0117kis, sak\u0117 ataskaitos autor\u0117 ir j\u016br\u0173 mokslinink\u0117 i\u0161 tyrim\u0173 organizacijos \u201eEarth Sciences New Zealand\u201c Sara Sibruk.<\/p>\n<p>\u201eTai, kas anks\u010diau buvo laikoma retu rei\u0161kiniu, dabar, atrodo, tampa \u012fprasta\u201c, \u2013 pabr\u0117\u017e\u0117 ji komentare CNN.<\/p>\n<p>Pasak jos, kiekvienas aptiktas nuot\u0117kis buvo lydimas \u201emomentinio susi\u017eav\u0117jimo\u201c, kuris \u201egreitai virto nerimu ir susir\u016bpinimu\u201c.<\/p>\n<p>\u201eBaiminamasi, kad \u0161ie nuot\u0117kiai gali greitai perkelti metan\u0105 \u012f atmosfer\u0105, paver\u010diant juos tar\u0161os \u0161altiniu, prisidedan\u010diu prie visuotinio at\u0161ilimo, kuris \u0161iuo metu n\u0117ra \u012ftrauktas \u012f prognozes d\u0117l b\u016bsim\u0173 klimato poky\u010di\u0173.\u00a0<\/p>\n<p>Mokslininkai taip pat yra susir\u016bpin\u0119, kad metanas gali tur\u0117ti kaskadin\u012f poveik\u012f j\u016br\u0173 gyvybei\u201c, \u2013 \u012fsp\u0117jo leidinyje.<\/p>\n<p>Atradimas j\u016bros dugne priblo\u0161k\u0117 mokslininkus<\/p>\n<p>Savo ruo\u017etu Kalifornijos universiteto Santa Barbaroje j\u016br\u0173 biologijos profesorius ir tyrimo autorius Andrew Turber pa\u017eym\u0117jo, kad metanas yra \u201etikra ne\u017einoma dydis, jis pakyla \u012f atmosfer\u0105, ir mes ne\u017einome, kod\u0117l\u201c.<\/p>\n<p>Pasak jo, viena i\u0161 rim\u010diausi\u0173 problem\u0173 yra tai, kas vyksta Antarktidoje, kur yra did\u017eiuliai metano telkiniai.\u00a0<\/p>\n<p>Jis \u012fsp\u0117jo, kad jei \u017emon\u0117s toliau \u0161ildys planet\u0105, \u0161ie nuot\u0117kiai gali tapti \u201enat\u016bralia laboratorija pavojaus epicentre\u201c.<\/p>\n<p>\u201eJuos \u012fdomu tirti ir suprasti, bet reikia b\u016bti labai atsargiems, nes jie gali tapti pavojingi, jei bus provokuojami ar nuvertinami\u201c, \u2013 pabr\u0117\u017e\u0117 Turberis.<\/p>\n<p>\u0160altinis: unian.net<\/p>\n","protected":false},"excerpt":{"rendered":"Apie tai ra\u0161o CNN. \u201eDid\u017eiuliai metano kiekiai yra rezervuaruose, kurie susiformavo per t\u016bkstantme\u010dius po j\u016bros dugnu visame pasaulyje.\u00a0&hellip;\n","protected":false},"author":2,"featured_media":24843,"comment_status":"","ping_status":"","sticky":false,"template":"","format":"standard","meta":{"footnotes":""},"categories":[15],"tags":[25,30,31,34,35,24,32,33,37,39,36,38,40,23,22,44,28,29,26,27,74,75,76],"class_list":{"0":"post-24842","1":"post","2":"type-post","3":"status-publish","4":"format-standard","5":"has-post-thumbnail","7":"category-pasaulis","8":"tag-antrastes","9":"tag-breaking-news","10":"tag-breakingnews","11":"tag-featured-news","12":"tag-featurednews","13":"tag-headlines","14":"tag-latest-news","15":"tag-latestnews","16":"tag-lietuva","17":"tag-lietuviu","18":"tag-lithuania","19":"tag-lithuanian","20":"tag-lt","21":"tag-naujienos","22":"tag-news","23":"tag-pasaulis","24":"tag-populiariausios-naujienos","25":"tag-populiariausiosnaujienos","26":"tag-top-stories","27":"tag-topstories","28":"tag-world","29":"tag-world-news","30":"tag-worldnews"},"share_on_mastodon":{"url":"https:\/\/pubeurope.com\/@lt\/115430955609204292","error":""},"_links":{"self":[{"href":"https:\/\/www.europesays.com\/lt\/wp-json\/wp\/v2\/posts\/24842","targetHints":{"allow":["GET"]}}],"collection":[{"href":"https:\/\/www.europesays.com\/lt\/wp-json\/wp\/v2\/posts"}],"about":[{"href":"https:\/\/www.europesays.com\/lt\/wp-json\/wp\/v2\/types\/post"}],"author":[{"embeddable":true,"href":"https:\/\/www.europesays.com\/lt\/wp-json\/wp\/v2\/users\/2"}],"replies":[{"embeddable":true,"href":"https:\/\/www.europesays.com\/lt\/wp-json\/wp\/v2\/comments?post=24842"}],"version-history":[{"count":0,"href":"https:\/\/www.europesays.com\/lt\/wp-json\/wp\/v2\/posts\/24842\/revisions"}],"wp:featuredmedia":[{"embeddable":true,"href":"https:\/\/www.europesays.com\/lt\/wp-json\/wp\/v2\/media\/24843"}],"wp:attachment":[{"href":"https:\/\/www.europesays.com\/lt\/wp-json\/wp\/v2\/media?parent=24842"}],"wp:term":[{"taxonomy":"category","embeddable":true,"href":"https:\/\/www.europesays.com\/lt\/wp-json\/wp\/v2\/categories?post=24842"},{"taxonomy":"post_tag","embeddable":true,"href":"https:\/\/www.europesays.com\/lt\/wp-json\/wp\/v2\/tags?post=24842"}],"curies":[{"name":"wp","href":"https:\/\/api.w.org\/{rel}","templated":true}]}}