{"id":248450,"date":"2026-08-07T12:33:09","date_gmt":"2026-08-07T12:33:09","guid":{"rendered":"https:\/\/www.europesays.com\/lt\/248450\/"},"modified":"2026-08-07T12:33:09","modified_gmt":"2026-08-07T12:33:09","slug":"cmilyte-nielsen-pasisake-apie-nausedos-darba-is-madeiros","status":"publish","type":"post","link":"https:\/\/www.europesays.com\/lt\/248450\/","title":{"rendered":"\u010cmilyt\u0117-Nielsen pasisak\u0117 apie Naus\u0117dos darb\u0105 i\u0161 Madeiros"},"content":{"rendered":"<p>  <img decoding=\"async\" src=\"https:\/\/www.europesays.com\/lt\/wp-content\/uploads\/2026\/08\/1786105989_772_6c909322-443a-4c39-bcaf-c9c9da4709d8.jpg\" loading=\"eager\" fetchpriority=\"high\" alt=\"Viktorija \u010cmilyt\u0117-Nielsen\"\/> <\/p>\n<p>Viktorija \u010cmilyt\u0117-Nielsen<\/p>\n<p>FOTO:  Andrius Ufartas | Elta<\/p>\n<p>Vie\u0161ojoje erdv\u0117je kilus diskusijoms d\u0117l prezidento Gitano Naus\u0117dos darbo nuotoliu i\u0161 Madeiros, Liberal\u0173 s\u0105j\u016bd\u017eio lyder\u0117 Viktorija \u010cmilyt\u0117-Nielsen sako, kad pagrindin\u0117 problema \u2013 ne valstyb\u0117s vadovo poilsis, o pasirinkta komunikacija. Anot politik\u0117s, ai\u0161kus pasakymas, kad prezidentas i\u0161vyksta atostog\u0173, b\u016bt\u0173 pad\u0117j\u0119s i\u0161vengti dalies klausim\u0173 ir interpretacij\u0173.\u00a0<\/p>\n","protected":false},"excerpt":{"rendered":"Viktorija \u010cmilyt\u0117-Nielsen FOTO: Andrius Ufartas | Elta Vie\u0161ojoje erdv\u0117je kilus diskusijoms d\u0117l prezidento Gitano Naus\u0117dos darbo nuotoliu i\u0161&hellip;\n","protected":false},"author":2,"featured_media":248451,"comment_status":"","ping_status":"","sticky":false,"template":"","format":"standard","meta":{"footnotes":"","_share_on_mastodon":"0"},"categories":[13],"tags":[25,30,31,34,35,67,24,32,33,37,39,36,38,40,23,22,28,29,26,27,342],"class_list":["post-248450","post","type-post","status-publish","format-standard","has-post-thumbnail","category-lietuva","tag-antrastes","tag-breaking-news","tag-breakingnews","tag-featured-news","tag-featurednews","tag-gitanas-nauseda","tag-headlines","tag-latest-news","tag-latestnews","tag-lietuva","tag-lietuviu","tag-lithuania","tag-lithuanian","tag-lt","tag-naujienos","tag-news","tag-populiariausios-naujienos","tag-populiariausiosnaujienos","tag-top-stories","tag-topstories","tag-viktorija-cmilyte-nielsen"],"share_on_mastodon":{"url":"https:\/\/pubeurope.com\/@lt\/117054250041613206","error":""},"_links":{"self":[{"href":"https:\/\/www.europesays.com\/lt\/wp-json\/wp\/v2\/posts\/248450","targetHints":{"allow":["GET"]}}],"collection":[{"href":"https:\/\/www.europesays.com\/lt\/wp-json\/wp\/v2\/posts"}],"about":[{"href":"https:\/\/www.europesays.com\/lt\/wp-json\/wp\/v2\/types\/post"}],"author":[{"embeddable":true,"href":"https:\/\/www.europesays.com\/lt\/wp-json\/wp\/v2\/users\/2"}],"replies":[{"embeddable":true,"href":"https:\/\/www.europesays.com\/lt\/wp-json\/wp\/v2\/comments?post=248450"}],"version-history":[{"count":0,"href":"https:\/\/www.europesays.com\/lt\/wp-json\/wp\/v2\/posts\/248450\/revisions"}],"wp:featuredmedia":[{"embeddable":true,"href":"https:\/\/www.europesays.com\/lt\/wp-json\/wp\/v2\/media\/248451"}],"wp:attachment":[{"href":"https:\/\/www.europesays.com\/lt\/wp-json\/wp\/v2\/media?parent=248450"}],"wp:term":[{"taxonomy":"category","embeddable":true,"href":"https:\/\/www.europesays.com\/lt\/wp-json\/wp\/v2\/categories?post=248450"},{"taxonomy":"post_tag","embeddable":true,"href":"https:\/\/www.europesays.com\/lt\/wp-json\/wp\/v2\/tags?post=248450"}],"curies":[{"name":"wp","href":"https:\/\/api.w.org\/{rel}","templated":true}]}}