{"id":248878,"date":"2026-08-07T22:11:33","date_gmt":"2026-08-07T22:11:33","guid":{"rendered":"https:\/\/www.europesays.com\/lt\/248878\/"},"modified":"2026-08-07T22:11:33","modified_gmt":"2026-08-07T22:11:33","slug":"ukrainos-smugiai-sumazino-wildberries-pardavimus","status":"publish","type":"post","link":"https:\/\/www.europesays.com\/lt\/248878\/","title":{"rendered":"Ukrainos sm\u016bgiai suma\u017eino \u201eWildberries\u201c pardavimus"},"content":{"rendered":"<p class=\"isSelectedEnd\">Apie tai prane\u0161a \u201eRBC-Ukraina\u201c, remdamasi \u201eVerstka\u201c atlikta vidini\u0173 \u201eWildberries\u201c pardav\u0117j\u0173 sistemos duomen\u0173 analize.<\/p>\n<p class=\"isSelectedEnd\">Leidinio duomenimis, per tris m\u0117nesius buvo parduota karini\u0173 preki\u0173 u\u017e 1,646 milijardo rubli\u0173. Ta\u010diau Ukrainos ginkluot\u0173j\u0173 paj\u0117g\u0173 sm\u016bgiai visk\u0105 pakeit\u0117. <\/p>\n<p class=\"isSelectedEnd\">\u201eVerstka\u201c teigia, kad po Ukrainos sm\u016bgi\u0173 bendrov\u0117s logistikos objektams \u0161i\u0173 preki\u0173 pardavimai suma\u017e\u0117jo ma\u017edaug 20\u201340 proc.<\/p>\n<p class=\"isSelectedEnd\">Did\u017eiausias kritimas fiksuotas kvadrokopteri\u0173 dron\u0173 pried\u0173 kategorijoje \u2013 per dvi savaites po atak\u0173 u\u017esakym\u0173 suma\u017e\u0117jo 39 proc., o \u012fsigyt\u0173 preki\u0173 \u2013 36 proc. Per pastaruosius tris m\u0117nesius \u0161ios kategorijos pardavimai siek\u0117 apie 118 mln. rubli\u0173.<\/p>\n<p class=\"isSelectedEnd\">\u0160arvin\u0117s aprangos kategorijoje tuo pa\u010diu laikotarpiu u\u017esakym\u0173 suma\u017e\u0117jo 24 proc., o pirkim\u0173 \u2013 net 40 proc. Per tris m\u0117nesius \u0161ios kategorijos preki\u0173 parduota u\u017e ma\u017edaug 472 mln. rubli\u0173.<\/p>\n<p class=\"isSelectedEnd\">\u201eVerstka\u201c nurodo, kad i\u0161 viso analizuotose kategorijose buvo si\u016bloma daugiau kaip 31,5 t\u016bkst. skirting\u0173 preki\u0173.<\/p>\n<p class=\"isSelectedEnd\">Primenama, kad rugpj\u016b\u010dio 7 dien\u0105 dronai atakavo \u201eWildberries\u201c logistikos kompleks\u0105 Jekaterinburge. Miestas yra daugiau kaip 1,7 t\u016bkst. kilometr\u0173 nuo Ukrainos sienos.<\/p>\n<p>Anks\u010diau taip pat skelbta, kad d\u0117l ekonomini\u0173 sunkum\u0173 ir karo poveikio prast\u0117ja did\u017eiausi\u0173 Rusijos bank\u0173 \u2013 \u201eSberbank\u201c ir VTB \u2013 paskol\u0173 portfeli\u0173 kokyb\u0117. Pasak RBC-Ukraina, tarp bendrovi\u0173, kuri\u0173 klientai vis da\u017eniau pra\u0161o restrukt\u016brizuoti skolas, minima ir \u201eWildberries\u201c.<\/p>\n","protected":false},"excerpt":{"rendered":"Apie tai prane\u0161a \u201eRBC-Ukraina\u201c, remdamasi \u201eVerstka\u201c atlikta vidini\u0173 \u201eWildberries\u201c pardav\u0117j\u0173 sistemos duomen\u0173 analize. Leidinio duomenimis, per tris m\u0117nesius&hellip;\n","protected":false},"author":2,"featured_media":248879,"comment_status":"","ping_status":"","sticky":false,"template":"","format":"standard","meta":{"footnotes":"","_share_on_mastodon":"0"},"categories":[15],"tags":[25,30,31,34,35,24,121,32,33,37,39,36,38,40,23,22,44,28,29,119,26,27,35123,74,75,76],"class_list":["post-248878","post","type-post","status-publish","format-standard","has-post-thumbnail","category-pasaulis","tag-antrastes","tag-breaking-news","tag-breakingnews","tag-featured-news","tag-featurednews","tag-headlines","tag-karas-ukrainoje","tag-latest-news","tag-latestnews","tag-lietuva","tag-lietuviu","tag-lithuania","tag-lithuanian","tag-lt","tag-naujienos","tag-news","tag-pasaulis","tag-populiariausios-naujienos","tag-populiariausiosnaujienos","tag-rusija","tag-top-stories","tag-topstories","tag-wildberries","tag-world","tag-world-news","tag-worldnews"],"share_on_mastodon":{"url":"https:\/\/pubeurope.com\/@lt\/117056522291880928","error":""},"_links":{"self":[{"href":"https:\/\/www.europesays.com\/lt\/wp-json\/wp\/v2\/posts\/248878","targetHints":{"allow":["GET"]}}],"collection":[{"href":"https:\/\/www.europesays.com\/lt\/wp-json\/wp\/v2\/posts"}],"about":[{"href":"https:\/\/www.europesays.com\/lt\/wp-json\/wp\/v2\/types\/post"}],"author":[{"embeddable":true,"href":"https:\/\/www.europesays.com\/lt\/wp-json\/wp\/v2\/users\/2"}],"replies":[{"embeddable":true,"href":"https:\/\/www.europesays.com\/lt\/wp-json\/wp\/v2\/comments?post=248878"}],"version-history":[{"count":0,"href":"https:\/\/www.europesays.com\/lt\/wp-json\/wp\/v2\/posts\/248878\/revisions"}],"wp:featuredmedia":[{"embeddable":true,"href":"https:\/\/www.europesays.com\/lt\/wp-json\/wp\/v2\/media\/248879"}],"wp:attachment":[{"href":"https:\/\/www.europesays.com\/lt\/wp-json\/wp\/v2\/media?parent=248878"}],"wp:term":[{"taxonomy":"category","embeddable":true,"href":"https:\/\/www.europesays.com\/lt\/wp-json\/wp\/v2\/categories?post=248878"},{"taxonomy":"post_tag","embeddable":true,"href":"https:\/\/www.europesays.com\/lt\/wp-json\/wp\/v2\/tags?post=248878"}],"curies":[{"name":"wp","href":"https:\/\/api.w.org\/{rel}","templated":true}]}}