{"id":248966,"date":"2026-08-08T05:05:13","date_gmt":"2026-08-08T05:05:13","guid":{"rendered":"https:\/\/www.europesays.com\/lt\/248966\/"},"modified":"2026-08-08T05:05:13","modified_gmt":"2026-08-08T05:05:13","slug":"kokie-orai-laukia-savaitgali-karsciai-atslugs-bet-bus-ramu-ir-silta-delfi","status":"publish","type":"post","link":"https:\/\/www.europesays.com\/lt\/248966\/","title":{"rendered":"Kokie orai laukia savaitgal\u012f: kar\u0161\u010diai atsl\u016bgs, bet bus ramu ir \u0161ilta &#8211; Delfi"},"content":{"rendered":"<ol>\n<li><a href=\"https:\/\/news.google.com\/rss\/articles\/CBMiswFBVV95cUxQa0ZXVW9Bd25QSnVxN3drV2tXRWNOcVB3VDVOT3I4SE5NalkyNHpZYjBUNkdmamFPY2pGeFJkNXBPWHN5YmpuV2VCYUQzbC00NDFscWJLM3FDY2dIQXlEd0lxYkZLaDl4ZGRGVTBFeVdOem5XYTYtaEpOV191Z3VmRmVxckt4MFVQOE56REluajE2M1dWLTFOS1o0NFc5SjV3eUcyYjlaVXFfYjhhaTdrRWN0OA?oc=5\" target=\"_blank\" rel=\"nofollow noopener\">Kokie orai laukia savaitgal\u012f: kar\u0161\u010diai atsl\u016bgs, bet bus ramu ir \u0161ilta<\/a>&nbsp;&nbsp;Delfi<\/li>\n<li><a href=\"https:\/\/news.google.com\/rss\/articles\/CBMisAFBVV95cUxNcTVtUHc5Zm1pQlVkTmhYQmZINy1ITXltZUo5Rks5Q2otLWMycTBXbEx2ZTFEUEV3cy1qZUliOVJVU0dyZ0pEZURDSDRuUDBkUnpPVWdseHlzUkcwdUlmM2F0clBicDcwRS1JcHdlVHo5cE5DR0ZHcGxqeXhXcFpJN3ZlbGM2QXFKYkdHc2owWGc0SlE3ZWxyOXdkdFlVcVZCbFJvaWpiYXgzQ0tVU3BoYQ?oc=5\" target=\"_blank\" rel=\"nofollow noopener\">Sinoptik\u0117 persp\u0117ja: po trumpos gaivos \u2013 nauja banga<\/a>&nbsp;&nbsp;Lrytas<\/li>\n<li><a href=\"https:\/\/news.google.com\/rss\/articles\/CBMivAFBVV95cUxPd2JScWRBR0JIeTZ1TmJGZ0F6NlBSNUhaM1d2b0pyMjdYazRqT2ZEQUExNmdVajdFWHNpdmRBNVp1TnJPMWl2TW1DOHVkckJYSkhGallrQlVob0toMjZlSG5KWWl0bkM4WkZwXzE4QzJ5azRIVW9tXzVDWjlWS3NROVR4aFpGUWJibm5lMUkwSGRHV19oNE9XWFNTSDF4T0dUZ3p2OE5tbDlMSzl2ZUVnMzVmMGRCZ2lub2xzdg?oc=5\" target=\"_blank\" rel=\"nofollow noopener\">Po pra\u016b\u017eusios stichijos Lietuvoje \u2013 naujausia sinoptik\u0173 \u017einia: \u0161tai kas laukia<\/a>&nbsp;&nbsp;tv3.lt<\/li>\n<li><a href=\"https:\/\/news.google.com\/rss\/articles\/CBMitgFBVV95cUxOS1h2TXpWLVlIeHloSE1FbFhLSXJPVk1FVUV1dEVHS3V6XzcydXg1bUVrTnljdUpQOGVicDJvYmJIVThiMzZrTGwzVDRtVjNmdWd2UzNnWTFzUXg1ZDB6VFhRZVFTMVNBYnlDZFFUamJiOHdCU3BCbjlSM01aRXl2ZzV6YTV4RjBxZThoN1lWelpQV1EtdEFsZE9QTDdRcjBWZ3hvYU5NMmNua2lQOXVKdXh3V0NNZw?oc=5\" target=\"_blank\" rel=\"nofollow noopener\">Po visk\u0105 niokojan\u010dios audros \u2013 sinoptiko \u017einia: laukia permainos<\/a>&nbsp;&nbsp;15min.lt<\/li>\n<li><a href=\"https:\/\/news.google.com\/rss\/articles\/CBMiuAFBVV95cUxOd3BZSWdUU2pLN1lWSWlnUlVTT1dUYmJyRFp4aUF3WkhuUkxnTC1zQWNfNnJVNnBIMUt2ZWN0NkpxT3diTmVtcmwzQ0JCV19iZWY2NTJBWTVNTll1dzJDZmZNMWNnS1RDcl9WaTRxUF84NkU5ZTRYdEdwcmxGeGh6cVJ1UmpySS1EV3RkTVktMy1vYVgtejJxSm5FVWY3bDZKWWVySVhvRGRzV0EyMldKU1YtVUFoM0hM?oc=5\" target=\"_blank\" rel=\"nofollow noopener\">Orai: did\u017eiojoje \u0161alies dalyje bus debesuota, saul\u0117s daug\u0117s sekmadien\u012f<\/a>&nbsp;&nbsp;LRT<\/li>\n<\/ol>\n","protected":false},"excerpt":{"rendered":"Kokie orai laukia savaitgal\u012f: kar\u0161\u010diai atsl\u016bgs, bet bus ramu ir \u0161ilta&nbsp;&nbsp;Delfi Sinoptik\u0117 persp\u0117ja: po trumpos gaivos \u2013 nauja&hellip;\n","protected":false},"author":2,"featured_media":248967,"comment_status":"","ping_status":"","sticky":false,"template":"","format":"standard","meta":{"footnotes":"","_share_on_mastodon":"0"},"categories":[13],"tags":[25,30,31,34,35,24,32,33,37,39,36,38,40,23,22,260,28,29,26,27],"class_list":["post-248966","post","type-post","status-publish","format-standard","has-post-thumbnail","category-lietuva","tag-antrastes","tag-breaking-news","tag-breakingnews","tag-featured-news","tag-featurednews","tag-headlines","tag-latest-news","tag-latestnews","tag-lietuva","tag-lietuviu","tag-lithuania","tag-lithuanian","tag-lt","tag-naujienos","tag-news","tag-orai","tag-populiariausios-naujienos","tag-populiariausiosnaujienos","tag-top-stories","tag-topstories"],"share_on_mastodon":{"url":"https:\/\/pubeurope.com\/@lt\/117058150248019992","error":""},"_links":{"self":[{"href":"https:\/\/www.europesays.com\/lt\/wp-json\/wp\/v2\/posts\/248966","targetHints":{"allow":["GET"]}}],"collection":[{"href":"https:\/\/www.europesays.com\/lt\/wp-json\/wp\/v2\/posts"}],"about":[{"href":"https:\/\/www.europesays.com\/lt\/wp-json\/wp\/v2\/types\/post"}],"author":[{"embeddable":true,"href":"https:\/\/www.europesays.com\/lt\/wp-json\/wp\/v2\/users\/2"}],"replies":[{"embeddable":true,"href":"https:\/\/www.europesays.com\/lt\/wp-json\/wp\/v2\/comments?post=248966"}],"version-history":[{"count":0,"href":"https:\/\/www.europesays.com\/lt\/wp-json\/wp\/v2\/posts\/248966\/revisions"}],"wp:featuredmedia":[{"embeddable":true,"href":"https:\/\/www.europesays.com\/lt\/wp-json\/wp\/v2\/media\/248967"}],"wp:attachment":[{"href":"https:\/\/www.europesays.com\/lt\/wp-json\/wp\/v2\/media?parent=248966"}],"wp:term":[{"taxonomy":"category","embeddable":true,"href":"https:\/\/www.europesays.com\/lt\/wp-json\/wp\/v2\/categories?post=248966"},{"taxonomy":"post_tag","embeddable":true,"href":"https:\/\/www.europesays.com\/lt\/wp-json\/wp\/v2\/tags?post=248966"}],"curies":[{"name":"wp","href":"https:\/\/api.w.org\/{rel}","templated":true}]}}