{"id":249296,"date":"2026-08-08T12:59:08","date_gmt":"2026-08-08T12:59:08","guid":{"rendered":"https:\/\/www.europesays.com\/lt\/249296\/"},"modified":"2026-08-08T12:59:08","modified_gmt":"2026-08-08T12:59:08","slug":"del-saugumo-laikinai-uzdaroma-viena-vilniaus-iki-parduotuviu-laukiama-ekspertu-isvadu","status":"publish","type":"post","link":"https:\/\/www.europesays.com\/lt\/249296\/","title":{"rendered":"D\u0117l saugumo laikinai u\u017edaroma viena Vilniaus \u201eIki\u201c parduotuvi\u0173 \u2013 laukiama ekspert\u0173 i\u0161vad\u0173"},"content":{"rendered":"<p>Prekybos tinklas skelbia, jog kartu su pastato valdytoju ai\u0161kinasi situacij\u0105 ir laukia specialist\u0173 vertinimo, o prioritet\u0105 \u0161iuo metu ketinama skirti darbuotoj\u0173 ir pirk\u0117j\u0173 saugumui.<\/p>\n<p>\u201e\u0160iame pastate patalpas nuomojam\u0117s, tod\u0117l apie u\u017efiksuotus techninius nesklandumus nedelsdami informavome pastato valdytoj\u0105\u201c, \u2013 prane\u0161ime cituojama \u201eIki\u201c komunikacijos vadov\u0117 Gintar\u0117 Kitov\u0117.<\/p>\n<p>\u201e\u0160iuo metu atliekamas b\u016bkl\u0117s vertinimas, laukiame ekspert\u0173 i\u0161vad\u0173. Atsi\u017evelgdami \u012f situacij\u0105, pri\u0117m\u0117me sprendim\u0105 laikinai stabdyti veikl\u0105, kol bus u\u017etikrintos visos saugiam darbui ir apsipirkimui b\u016btinos s\u0105lygos\u201c, \u2013 priduria ji.<\/p>\n<p>Apie prekybos atnaujinim\u0105 bendrov\u0117 \u017eada prane\u0161ti papildomai, kai bus gauta daugiau informacijos apie technini\u0173 problem\u0173 sprendimo eig\u0105 ir galimus darb\u0173 terminus.<\/p>\n","protected":false},"excerpt":{"rendered":"Prekybos tinklas skelbia, jog kartu su pastato valdytoju ai\u0161kinasi situacij\u0105 ir laukia specialist\u0173 vertinimo, o prioritet\u0105 \u0161iuo metu&hellip;\n","protected":false},"author":2,"featured_media":249297,"comment_status":"","ping_status":"","sticky":false,"template":"","format":"standard","meta":{"footnotes":"","_share_on_mastodon":"0"},"categories":[13],"tags":[25,30,31,34,35,24,2742,32,33,37,39,36,38,40,23,22,28,29,21763,26,27,626],"class_list":["post-249296","post","type-post","status-publish","format-standard","has-post-thumbnail","category-lietuva","tag-antrastes","tag-breaking-news","tag-breakingnews","tag-featured-news","tag-featurednews","tag-headlines","tag-iki","tag-latest-news","tag-latestnews","tag-lietuva","tag-lietuviu","tag-lithuania","tag-lithuanian","tag-lt","tag-naujienos","tag-news","tag-populiariausios-naujienos","tag-populiariausiosnaujienos","tag-seskine","tag-top-stories","tag-topstories","tag-vilnius"],"share_on_mastodon":{"url":"https:\/\/pubeurope.com\/@lt\/117060014346076066","error":""},"_links":{"self":[{"href":"https:\/\/www.europesays.com\/lt\/wp-json\/wp\/v2\/posts\/249296","targetHints":{"allow":["GET"]}}],"collection":[{"href":"https:\/\/www.europesays.com\/lt\/wp-json\/wp\/v2\/posts"}],"about":[{"href":"https:\/\/www.europesays.com\/lt\/wp-json\/wp\/v2\/types\/post"}],"author":[{"embeddable":true,"href":"https:\/\/www.europesays.com\/lt\/wp-json\/wp\/v2\/users\/2"}],"replies":[{"embeddable":true,"href":"https:\/\/www.europesays.com\/lt\/wp-json\/wp\/v2\/comments?post=249296"}],"version-history":[{"count":0,"href":"https:\/\/www.europesays.com\/lt\/wp-json\/wp\/v2\/posts\/249296\/revisions"}],"wp:featuredmedia":[{"embeddable":true,"href":"https:\/\/www.europesays.com\/lt\/wp-json\/wp\/v2\/media\/249297"}],"wp:attachment":[{"href":"https:\/\/www.europesays.com\/lt\/wp-json\/wp\/v2\/media?parent=249296"}],"wp:term":[{"taxonomy":"category","embeddable":true,"href":"https:\/\/www.europesays.com\/lt\/wp-json\/wp\/v2\/categories?post=249296"},{"taxonomy":"post_tag","embeddable":true,"href":"https:\/\/www.europesays.com\/lt\/wp-json\/wp\/v2\/tags?post=249296"}],"curies":[{"name":"wp","href":"https:\/\/api.w.org\/{rel}","templated":true}]}}