{"id":249646,"date":"2026-08-09T05:19:31","date_gmt":"2026-08-09T05:19:31","guid":{"rendered":"https:\/\/www.europesays.com\/lt\/249646\/"},"modified":"2026-08-09T05:19:31","modified_gmt":"2026-08-09T05:19:31","slug":"ministerija-bulgarijoje-sproges-dronas-ukrainos-kariuomenes-respublika-lt","status":"publish","type":"post","link":"https:\/\/www.europesays.com\/lt\/249646\/","title":{"rendered":"Ministerija: Bulgarijoje sprog\u0119s dronas \u2013 Ukrainos kariuomen\u0117s &#8211; Respublika.lt"},"content":{"rendered":"<p><img loading=\"lazy\" decoding=\"async\" src=\"https:\/\/www.respublika.lt\/lt\/naujienos\/pasaulis\/kitos_pasaulio_naujienos\/bulgarija-nustate-kad-jos-teritorijoje-suduzes-dronas-buvo-ukrainos-issikviete-ambasadoriu\/images\/ico_camera_white.gif\" class=\"camera\" width=\"22\" height=\"15\" alt=\"nuotr.\" style=\"position:relative; top:-2px; right:2px;\"\/> 1 nuotr.<\/p>\n<p>Asociatyvi EPA-Eltos nuotr.<\/p>\n<p style=\"text-align: justify;\" class=\"desktop_banner\">\u00a0<\/p>\n<p style=\"text-align: left;\">\u0160e\u0161tadien\u012f vakare Bulgarija prane\u0161\u0117 d\u0117l \u0161io incidento i\u0161sikvietusi Ukrainos ambasadori\u0173.<\/p>\n<p style=\"text-align: left;\">Bulgarijos gynybos ministerija vietos \u017einiasklaidai prane\u0161\u0117 apie rezultatus \u201epirmin\u0117s analiz\u0117s\u201c, atliktos d\u0117l drono, kuris \u0161e\u0161tadien\u012f anksti ryte sprogo \u0161alyje, liekan\u0173.<\/p>\n<p style=\"text-align: left;\">Ministerijos teigimu, \u201elabiausiai tik\u0117tina\u201c, kad dronas buvo \u201eMaya\u201c tipo klaidinantysis dronas, kur\u012f pla\u010diai naudoja Ukrainos ginkluotosios paj\u0117gos.<\/p>\n<p style=\"text-align: left;\">\u201e\u0160iuo metu n\u0117ra pagrindo manyti, kad incidentas buvo ty\u010dinis\u201c, \u2013 teig\u0117 Bulgarijos gynybos ministerija.<\/p>\n<p style=\"text-align: left;\">Ukraina \u0161e\u0161tadien\u012f tvirtino, kad ji nesitaik\u0117 \u012f Bulgarij\u0105, ir pa\u017ead\u0117jo paai\u0161kinti incidento aplinkybes.<\/p>\n<p style=\"text-align: left;\">\u201eMes palaikome glaud\u017eius ry\u0161ius su Bulgarija, siekdami i\u0161siai\u0161kinti aplinkybes. Galime tvirtai teigti, kad Ukrainos ginkluotosios paj\u0117gos s\u0105moningai nenukreip\u0117 joki\u0173 paj\u0117g\u0173 \u012f Bulgarij\u0105\u201c, \u2013 sak\u0117 u\u017esienio reikal\u0173 ministerijos atstovas spaudai Georgijus Tychyjus.<\/p>\n<p style=\"text-align: left;\">Bulgarijos u\u017esienio reikal\u0173 ministr\u0117 Velislava Petrova-Chamova \u0161e\u0161tadien\u012f i\u0161kviet\u0117 Ukrainos ambasadori\u0173.<\/p>\n<p style=\"text-align: left;\">Pasak ministr\u0117s biuro, susitikimas \u012fvyks pirmadien\u012f.<\/p>\n<p style=\"text-align: left;\">Tuo metu gynybos ministras Dimitaras Stojanovas teig\u0117, kad ministerija jau stiprina saugumo priemones \u0161ioje teritorijoje, vis\u0173 pirma pasitelkdama elektronin\u0117s kovos sistemas bei \u017eem\u0117s-oro raket\u0173 sistemas.<\/p>\n<p style=\"text-align: left;\">\u201eIki liepos 31 dienos \u0161i\u0105 teritorij\u0105 saugojo \u201eMiG-29\u201c naikintuvai. Nuo liepos 31 dienos 9 valandos ryto, atsi\u017evelgiant \u012f \u012fvykius Rumunijoje, sustiprinome oro erdv\u0117s steb\u0117jim\u0105, dislokuodami papildomas paj\u0117gas ir i\u0161teklius \u2013 ten buvo perkeltos oro gynybos sistemos, \u201eCougar\u201c sraigtasparniai ir \u201eSu-25\u201c l\u0117ktuvai. Taip pat atitinkamuose radaro postuose buvo dislokuotos papildomos radaro stotys\u201c, \u2013 sak\u0117 D. Stojanovas.<\/p>\n<p style=\"text-align: left;\">Kaip skelbta, \u0161e\u0161tadienio, rugpj\u016b\u010dio 8 d., ryte i\u0161 Rumunijos pus\u0117s \u012f Bulgarijos oro erdv\u0119 \u012fskrido dronas, kuris sprogo ma\u017edaug u\u017e 100 metr\u0173 nuo sienos.<\/p>\n","protected":false},"excerpt":{"rendered":"1 nuotr. Asociatyvi EPA-Eltos nuotr. \u00a0 \u0160e\u0161tadien\u012f vakare Bulgarija prane\u0161\u0117 d\u0117l \u0161io incidento i\u0161sikvietusi Ukrainos ambasadori\u0173. Bulgarijos gynybos&hellip;\n","protected":false},"author":2,"featured_media":249647,"comment_status":"","ping_status":"","sticky":false,"template":"","format":"standard","meta":{"footnotes":"","_share_on_mastodon":"0"},"categories":[6],"tags":[25,30,31,9509,92,34,35,24,32,33,37,39,36,38,40,23,22,28,29,36661,26,27,360],"class_list":["post-249646","post","type-post","status-publish","format-standard","has-post-thumbnail","category-antrastes","tag-antrastes","tag-breaking-news","tag-breakingnews","tag-bulgarija","tag-dronas","tag-featured-news","tag-featurednews","tag-headlines","tag-latest-news","tag-latestnews","tag-lietuva","tag-lietuviu","tag-lithuania","tag-lithuanian","tag-lt","tag-naujienos","tag-news","tag-populiariausios-naujienos","tag-populiariausiosnaujienos","tag-sprogo","tag-top-stories","tag-topstories","tag-ukraina"],"share_on_mastodon":{"url":"https:\/\/pubeurope.com\/@lt\/117063867936053035","error":""},"_links":{"self":[{"href":"https:\/\/www.europesays.com\/lt\/wp-json\/wp\/v2\/posts\/249646","targetHints":{"allow":["GET"]}}],"collection":[{"href":"https:\/\/www.europesays.com\/lt\/wp-json\/wp\/v2\/posts"}],"about":[{"href":"https:\/\/www.europesays.com\/lt\/wp-json\/wp\/v2\/types\/post"}],"author":[{"embeddable":true,"href":"https:\/\/www.europesays.com\/lt\/wp-json\/wp\/v2\/users\/2"}],"replies":[{"embeddable":true,"href":"https:\/\/www.europesays.com\/lt\/wp-json\/wp\/v2\/comments?post=249646"}],"version-history":[{"count":0,"href":"https:\/\/www.europesays.com\/lt\/wp-json\/wp\/v2\/posts\/249646\/revisions"}],"wp:featuredmedia":[{"embeddable":true,"href":"https:\/\/www.europesays.com\/lt\/wp-json\/wp\/v2\/media\/249647"}],"wp:attachment":[{"href":"https:\/\/www.europesays.com\/lt\/wp-json\/wp\/v2\/media?parent=249646"}],"wp:term":[{"taxonomy":"category","embeddable":true,"href":"https:\/\/www.europesays.com\/lt\/wp-json\/wp\/v2\/categories?post=249646"},{"taxonomy":"post_tag","embeddable":true,"href":"https:\/\/www.europesays.com\/lt\/wp-json\/wp\/v2\/tags?post=249646"}],"curies":[{"name":"wp","href":"https:\/\/api.w.org\/{rel}","templated":true}]}}