{"id":249650,"date":"2026-08-09T05:30:59","date_gmt":"2026-08-09T05:30:59","guid":{"rendered":"https:\/\/www.europesays.com\/lt\/249650\/"},"modified":"2026-08-09T05:30:59","modified_gmt":"2026-08-09T05:30:59","slug":"algimantas-rusteika-is-voru-gyvenimo-savaitgalio-pasislykstejimas-respublika-lt","status":"publish","type":"post","link":"https:\/\/www.europesays.com\/lt\/249650\/","title":{"rendered":"Algimantas RUSTEIKA: I\u0161 vor\u0173 gyvenimo (Savaitgalio pasi\u0161lyk\u0161t\u0117jimas) &#8211; Respublika.lt"},"content":{"rendered":"<p><img loading=\"lazy\" decoding=\"async\" src=\"https:\/\/www.respublika.lt\/lt\/naujienos\/nuomones_ir_komentarai\/isklausyk-respublika\/algimantas-rusteika-is-voru-gyvenimo-savaitgalio-pasislykstejimas\/images\/ico_camera_white.gif\" class=\"camera\" width=\"22\" height=\"15\" alt=\"nuotr.\" style=\"position:relative; top:-2px; right:2px;\"\/> 1 nuotr.<\/p>\n<p>Asociatyvi Dirbtinio intelekto sugeneruota nuotrauka<\/p>\n<p style=\"text-align: justify;\" class=\"desktop_banner\">\u00a0<\/p>\n<p>Yra i\u0161did\u017ei\u0173 dr\u0105suoli\u0173, kurie net prie karsto pirmiausia pasitikrina, \u012f kuri\u0105 pus\u0119 pu\u010dia v\u0117jas.<\/p>\n<p>Kovoti su mirusiais &#8211; vienintelis dalykas, kur\u012f tikrai sugebat. Vienas &#8211; i\u0161vyk\u0119s atostog\u0173, nors atostogos jam nepriklauso. Kitas &#8211; apsimet\u0119s negyvu. Nors gal toks jau ir yra.<\/p>\n<p>Ker\u0161yti mirusiajam &#8211; ma\u017edaug tas pats, kas laim\u0117ti \u0161achmat\u0173 partij\u0105 prie\u0161 tu\u0161\u010di\u0105 lent\u0105 ir did\u017eiuotis pergale, ar ne, \u0161achmatininke? Ar jau dugnas? Ar dar kas nors pabels i\u0161 apa\u010dios?<\/p>\n<p>\u012e laidotuves neateini tod\u0117l, kad mirusioji buvo per daug svarbi. Tau atrodo, kad neat\u0117j\u0119s dar kart\u0105 j\u0105 nubausi ir pa\u017eeminsi. Vis\u0105 gyvenim\u0105 laukei tos dienos, kai pagaliau pasijusi nugal\u0117j\u0119s.<\/p>\n<p>Bet mirtis neturi nei pergali\u0173, nei pralaim\u0117toj\u0173,  tik labai tiksliai parodo, kas vis\u0105 gyvenim\u0105 buvo laisvas, o kas s\u0117d\u0117jo savo pavydo narve.<\/p>\n<p>Pavydas &#8211; svarbiausias tavo apgail\u0117tino gyvenimo darbas, kur\u012f dirbi be i\u0161eigini\u0173, alg\u0105 moki pats, o naudos gauna tie, ant kuri\u0173 \u0161virk\u0161ti savo nuodus.<\/p>\n<p>Kape guli ne tik \u017emogus. Ten guli visi tavo prasimanymai, visos paskleistos paskalos, visi kruop\u0161\u010diai lipdyti \u0161mei\u017etai. Kaip gaila &#8211; j\u0173 nebegal\u0117si papildyti naujomis serijomis. Nes neb\u0117ra kam atsikirsti, neb\u0117ra kam gintis. Lieki tik tu su savo voro s\u0105\u017eine. Ir bandai pasl\u0117pti kalt\u0119 po dar didesne neapykanta.<\/p>\n<p>Baisiausia, kad melavai sau. Pripa\u017einti, kad daugel\u012f met\u0173 s\u0105moningai darkei kito \u017emogaus vard\u0105, b\u016bt\u0173 tas pats, kas pripa\u017einti, kad didel\u0117 tavo gyvenimo dalis buvo skirta griauti. Tod\u0117l kiekvienas geras \u017eodis apie mirus\u012fj\u012f tau skamba kaip kaltinimas. Kiekviena nuo\u0161irdi u\u017euojauta &#8211; kaip liudytoj\u0173 parodymai Tikrojo Teismo byloje, kurios tikiesi niekada nesulaukti. Bet sulauksi jau greit.<\/p>\n<p>J\u016bs neken\u010diat mirusiojo net labiau negu \u0161iam gyvam esant. Gyvas \u017emogus gal\u0117jo paneigti mel\u0105, o mirusiojo vard\u0105 jau gina atmintis, su kuria bylin\u0117tis gerokai sunkiau. Tod\u0117l  renkiesi vienintel\u012f tau likus\u012f keli\u0105 &#8211; neateiti. Nes vengi akimirkos, kai pirm\u0105 kart\u0105 gyvenime tekt\u0173 susitikti su pa\u010diu savimi.<\/p>\n<p>O juk b\u016bt\u0173 u\u017etek\u0119 ateiti. Tyliai atsistoti tarp kit\u0173, nulenkti galv\u0105 ir bent kart\u0105 gyvenime nieko nebevaidinti. T\u0105 akimirk\u0105 b\u016btum ne pa\u017eemintas, o pakeltas ir \u017emoni\u0173, ir Dievo akyse. Nes atleidimo vertas tas, kuris i\u0161dr\u012fso pripa\u017einti savo nuod\u0117m\u0119. Ji seniai yra tau atleidusi.<\/p>\n<p>K\u0105 gavai? Tu\u0161\u010di\u0105 k\u0117d\u0119 laidotuv\u0117se, dar vien\u0105 mel\u0105 sau ir paskutin\u0119 pergal\u0119 prie\u0161 \u017emog\u0173, kuris jau nebegal\u0117jo paspausti i\u0161tiestos rankos? Kaip ir visos tavo pergal\u0117s &#8211; nugal\u0117tasis i\u0161\u0117jo laisvas, o \u201enugal\u0117tojas&#8221; liko p\u016bti savo neapykantos i\u0161skyr\u0173 dvoke.<\/p>\n<p>Did\u017eiausias pralaim\u0117tojas ne tas \u017emogus, kur\u012f palaidojom. Tie, kurie i\u0161eina, i\u0161sine\u0161a visk\u0105. Ir galimyb\u0119 susitaikyti. Ir paskutin\u0119 prog\u0105 tau bent kart\u0105 gyvenime pasakyti: \u201eA\u0161 klydau, atleiskit.&#8221;<\/p>\n<p>Tod\u0117l tau atleidimo taip pat nebus. Niekada.<\/p>\n","protected":false},"excerpt":{"rendered":"1 nuotr. Asociatyvi Dirbtinio intelekto sugeneruota nuotrauka \u00a0 Yra i\u0161did\u017ei\u0173 dr\u0105suoli\u0173, kurie net prie karsto pirmiausia pasitikrina, \u012f&hellip;\n","protected":false},"author":2,"featured_media":249651,"comment_status":"","ping_status":"","sticky":false,"template":"","format":"standard","meta":{"footnotes":"","_share_on_mastodon":"0"},"categories":[6],"tags":[25,30,31,34,35,48,24,1124,32,33,37,39,36,38,40,23,22,36663,28,29,955,4084,26,27,36662],"class_list":["post-249650","post","type-post","status-publish","format-standard","has-post-thumbnail","category-antrastes","tag-antrastes","tag-breaking-news","tag-breakingnews","tag-featured-news","tag-featurednews","tag-gyvenimas","tag-headlines","tag-laidotuves","tag-latest-news","tag-latestnews","tag-lietuva","tag-lietuviu","tag-lithuania","tag-lithuanian","tag-lt","tag-naujienos","tag-news","tag-pasislykstejimas","tag-populiariausios-naujienos","tag-populiariausiosnaujienos","tag-rusteika","tag-savaitgalio","tag-top-stories","tag-topstories","tag-voru"],"share_on_mastodon":{"url":"https:\/\/pubeurope.com\/@lt\/117063915463256599","error":""},"_links":{"self":[{"href":"https:\/\/www.europesays.com\/lt\/wp-json\/wp\/v2\/posts\/249650","targetHints":{"allow":["GET"]}}],"collection":[{"href":"https:\/\/www.europesays.com\/lt\/wp-json\/wp\/v2\/posts"}],"about":[{"href":"https:\/\/www.europesays.com\/lt\/wp-json\/wp\/v2\/types\/post"}],"author":[{"embeddable":true,"href":"https:\/\/www.europesays.com\/lt\/wp-json\/wp\/v2\/users\/2"}],"replies":[{"embeddable":true,"href":"https:\/\/www.europesays.com\/lt\/wp-json\/wp\/v2\/comments?post=249650"}],"version-history":[{"count":0,"href":"https:\/\/www.europesays.com\/lt\/wp-json\/wp\/v2\/posts\/249650\/revisions"}],"wp:featuredmedia":[{"embeddable":true,"href":"https:\/\/www.europesays.com\/lt\/wp-json\/wp\/v2\/media\/249651"}],"wp:attachment":[{"href":"https:\/\/www.europesays.com\/lt\/wp-json\/wp\/v2\/media?parent=249650"}],"wp:term":[{"taxonomy":"category","embeddable":true,"href":"https:\/\/www.europesays.com\/lt\/wp-json\/wp\/v2\/categories?post=249650"},{"taxonomy":"post_tag","embeddable":true,"href":"https:\/\/www.europesays.com\/lt\/wp-json\/wp\/v2\/tags?post=249650"}],"curies":[{"name":"wp","href":"https:\/\/api.w.org\/{rel}","templated":true}]}}