{"id":249688,"date":"2026-08-09T06:31:49","date_gmt":"2026-08-09T06:31:49","guid":{"rendered":"https:\/\/www.europesays.com\/lt\/249688\/"},"modified":"2026-08-09T06:31:49","modified_gmt":"2026-08-09T06:31:49","slug":"sinoptikai-pasake-kiek-tesis-grazesni-ir-siltesni-orai","status":"publish","type":"post","link":"https:\/\/www.europesays.com\/lt\/249688\/","title":{"rendered":"Sinoptikai pasak\u0117, kiek t\u0119sis gra\u017eesni ir \u0161iltesni orai"},"content":{"rendered":"<p>Rytas daug kur i\u0161au\u0161 ma\u017eai debesuotas, o \u012fdienojus debes\u0173 \u0161iek tiek padaug\u0117s \u0161iaurin\u0117je \u0161alies dalyje, Lietuvos pietuose vis\u0105 dien\u0105 i\u0161liks ma\u017eai debesuoti orai. Lietaus nenumatoma. P\u016bs palyginti silpnas, nepastovios krypties v\u0117jas. <\/p>\n<p>\u012e m\u016bs\u0173 \u0161al\u012f ims skverbtis \u0161iltesnio oro mas\u0117, tod\u0117l temperat\u016bra popiet\u0119 pakils iki 21-26 laipsni\u0173 \u0161ilumos.<\/p>\n<p>Pirmadienio nakt\u012f orai ma\u017eai keisis. Dangus bus giedras ar ma\u017eai debesuotas, lyti nebus i\u0161 ko. Pap\u016bs nestiprus piet\u0173 v\u0117jas. Ryt\u0105 temperat\u016bra pa\u017eem\u0117s iki 11-16 laipsni\u0173 \u0161ilumos.<\/p>\n<p>Pirmadienio dien\u0105 iki piet\u0173 vyraus ma\u017eai debesuoti ir sausi orai. Popiet\u0119 i\u0161 vakar\u0173 priart\u0117s atmosferos frontas, kuris atne\u0161 tankesnius debesis, o \u012f vakarin\u0119 \u0161alies dal\u012f vietomis ir trumpalaik\u012f liet\u0173, kai kur ir su perk\u016bnija. V\u0117jas daugiausia p\u016bs i\u0161 piet\u0173, vidutiniu stiprumu. Su piet\u0173 v\u0117ju \u012f \u0161al\u012f pl\u016bstel\u0117s dar didesn\u0117 \u0161iluma, temperat\u016bra \u012fdienojus pakils iki 24-29 laipsni\u0173 \u0161ilumos.<\/p>\n<p>Antradienio nakt\u012f per \u0161al\u012f praslinks \u0161altasis atmosferos frontas, tod\u0117l bus debesuoti su pragiedruliais orai, daugelyje rajon\u0173 palis, kai kur su perk\u016bnija. V\u0117jas suksis i\u0161 pietvakari\u0173, vakar\u0173, p\u016bs vidutiniu stiprumu. Temperat\u016bra pa\u017eem\u0117s iki 12-17 laipsni\u0173 \u0161ilumos.<\/p>\n<p>Antradienio dien\u0105 m\u016bs\u0173 \u0161alies orus lems \u017eemesnio sl\u0117gio laukas. Debesuotumas bus nepastovus, per daugel\u012f rajon\u0173 slinks trumpalaikiai liet\u016bs, kai kur pagr\u016bmos perk\u016bnija. P\u016bs stiprokas vakar\u0173, \u0161iaur\u0117s vakar\u0173 v\u0117jas, g\u016bsiai kai kur sieks 15-18 m\/s. Atpl\u016bs v\u0117sesnio oro mas\u0117, tod\u0117l temperat\u016bra nekils auk\u0161\u010diau 18-23 laipsni\u0173 \u0161ilumos.<\/p>\n<p>Tre\u010diadien\u012f lietaus bus nedaug, v\u0117jas \u0161iek tiek aprims. Naktis bus v\u0117si, o dien\u0105 bus truput\u012f \u0161il\u010diau nei antradien\u012f.<\/p>\n","protected":false},"excerpt":{"rendered":"Rytas daug kur i\u0161au\u0161 ma\u017eai debesuotas, o \u012fdienojus debes\u0173 \u0161iek tiek padaug\u0117s \u0161iaurin\u0117je \u0161alies dalyje, Lietuvos pietuose vis\u0105&hellip;\n","protected":false},"author":2,"featured_media":249689,"comment_status":"","ping_status":"","sticky":false,"template":"","format":"standard","meta":{"footnotes":"","_share_on_mastodon":"0"},"categories":[6],"tags":[25,30,31,34,35,24,32,33,37,39,36,38,40,23,22,260,28,29,26,27],"class_list":["post-249688","post","type-post","status-publish","format-standard","has-post-thumbnail","category-antrastes","tag-antrastes","tag-breaking-news","tag-breakingnews","tag-featured-news","tag-featurednews","tag-headlines","tag-latest-news","tag-latestnews","tag-lietuva","tag-lietuviu","tag-lithuania","tag-lithuanian","tag-lt","tag-naujienos","tag-news","tag-orai","tag-populiariausios-naujienos","tag-populiariausiosnaujienos","tag-top-stories","tag-topstories"],"share_on_mastodon":{"url":"https:\/\/pubeurope.com\/@lt\/117064154858811394","error":""},"_links":{"self":[{"href":"https:\/\/www.europesays.com\/lt\/wp-json\/wp\/v2\/posts\/249688","targetHints":{"allow":["GET"]}}],"collection":[{"href":"https:\/\/www.europesays.com\/lt\/wp-json\/wp\/v2\/posts"}],"about":[{"href":"https:\/\/www.europesays.com\/lt\/wp-json\/wp\/v2\/types\/post"}],"author":[{"embeddable":true,"href":"https:\/\/www.europesays.com\/lt\/wp-json\/wp\/v2\/users\/2"}],"replies":[{"embeddable":true,"href":"https:\/\/www.europesays.com\/lt\/wp-json\/wp\/v2\/comments?post=249688"}],"version-history":[{"count":0,"href":"https:\/\/www.europesays.com\/lt\/wp-json\/wp\/v2\/posts\/249688\/revisions"}],"wp:featuredmedia":[{"embeddable":true,"href":"https:\/\/www.europesays.com\/lt\/wp-json\/wp\/v2\/media\/249689"}],"wp:attachment":[{"href":"https:\/\/www.europesays.com\/lt\/wp-json\/wp\/v2\/media?parent=249688"}],"wp:term":[{"taxonomy":"category","embeddable":true,"href":"https:\/\/www.europesays.com\/lt\/wp-json\/wp\/v2\/categories?post=249688"},{"taxonomy":"post_tag","embeddable":true,"href":"https:\/\/www.europesays.com\/lt\/wp-json\/wp\/v2\/tags?post=249688"}],"curies":[{"name":"wp","href":"https:\/\/api.w.org\/{rel}","templated":true}]}}