{"id":249810,"date":"2026-08-09T09:53:42","date_gmt":"2026-08-09T09:53:42","guid":{"rendered":"https:\/\/www.europesays.com\/lt\/249810\/"},"modified":"2026-08-09T09:53:42","modified_gmt":"2026-08-09T09:53:42","slug":"rusija-teigia-smogusi-ukrainos-ginkluotes-gamintojai-fire-point-respublika-lt","status":"publish","type":"post","link":"https:\/\/www.europesays.com\/lt\/249810\/","title":{"rendered":"Rusija teigia smogusi Ukrainos ginkluot\u0117s gamintojai \u201eFire Point\u201c &#8211; Respublika.lt"},"content":{"rendered":"<p><img loading=\"lazy\" decoding=\"async\" src=\"https:\/\/www.respublika.lt\/lt\/naujienos\/pasaulis\/kitos_pasaulio_naujienos\/rusija-teigia-smogusi-ukrainos-ginkluotes-gamintojai-fire-point\/images\/ico_camera_white.gif\" class=\"camera\" width=\"22\" height=\"15\" alt=\"nuotr.\" style=\"position:relative; top:-2px; right:2px;\"\/> 1 nuotr.<\/p>\n<p>EPA &#8211; Eltos nuotr.<\/p>\n<p style=\"text-align: left;\">Rusijos paj\u0117gos parei\u0161k\u0117 per naktin\u0119 atak\u0105 prie\u0161 Kijev\u0105 smogusios Ukrainos ginkluot\u0117s gamintojai \u201eFire Point\u201c. Gynybos ministerija Maskvoje prane\u0161\u0117, kad pataikyta \u012f \u012fmon\u0119, gaminan\u010di\u0105 sudedam\u0105sias dalis ir kovines galvutes Ukrainos sparnuotosioms raketoms \u201eFP-5 Flamingo\u201c. Taip pat es\u0105 sunaikintas degal\u0173 sand\u0117lis, apr\u016bpinantis Ukrainos kariuomen\u0119.<\/p>\n<p style=\"text-align: justify;\" class=\"desktop_banner\">\u00a0<\/p>\n<p style=\"text-align: left;\">\u00a0<\/p>\n<p style=\"text-align: left;\">Rusija to \u012frodym\u0173 nepateik\u0117. Kijevo meras Vitalijus Kly\u010dko tinkle \u201eTelegram\u201c ra\u0161\u0117, jog yra prane\u0161im\u0173 apie degan\u010dius naftos rezervuarus Obolono rajone. Ukrainos duomenimis, pagrindinis naktini\u0173 atak\u0173 taikinys, kaip jau ketvirtadien\u012f, buvo Brovar\u0173 priemiestis ir jo logistikos centrai.<\/p>\n<p style=\"text-align: left;\">Per atakas, institucij\u0173 duomenimis, \u017euvo trys \u017emon\u0117s, ta\u010diau ne Brovaruose, o Puchivkos kaime, kur dronas pataik\u0117 \u012f \u0161eimos nam\u0105.<\/p>\n<p style=\"text-align: left;\">\u201eFire Point\u201c be sparnuot\u0173j\u0173 raket\u0173 \u201eFlamingo\u201c dar gamina tolimojo nuotolio dronus \u201eFP-1\u201c ir vidutinio nuotolio dronus \u201eFP-2\u201c. Ji yra viena svarbiausi\u0173 vietini\u0173 ginkluot\u0117s tiek\u0117j\u0173 Ukrainos kariuomenei.<\/p>\n<p style=\"text-align: left;\">\u00a0<\/p>\n<p>Naujausios \u017einios<\/p>\n<p><\/p>\n<p>        <a href=\"https:\/\/www.respublika.lt\/lt\/naujienos\/lietuva\/kitos-lietuvos-zinios\/kirgizijos-kalnuose-dingo-alpinistas-is-lietuvos\/\" rel=\"nofollow noopener\" target=\"_blank\"><img decoding=\"async\" oncontextmenu=\"return false\" class=\"block_item_newest_photo\" src=\"https:\/\/www.respublika.lt\/lt\/naujienos\/pasaulis\/kitos_pasaulio_naujienos\/rusija-teigia-smogusi-ukrainos-ginkluotes-gamintojai-fire-point\/uploads\/img\/catalog\/1\/photo_for_homepage_1_57012270.jpg\" alt=\"\" width=\"240\" height=\"154.45\"\/><\/a><\/p>\n<p>        <a href=\"https:\/\/www.respublika.lt\/lt\/naujienos\/pasaulis\/pasaulio_politika\/iranas-iskele-salygas-hormuzo-sasiauriui-atverti\/\" rel=\"nofollow noopener\" target=\"_blank\"><img decoding=\"async\" oncontextmenu=\"return false\" class=\"block_item_newest_photo\" src=\"https:\/\/www.respublika.lt\/lt\/naujienos\/pasaulis\/kitos_pasaulio_naujienos\/rusija-teigia-smogusi-ukrainos-ginkluotes-gamintojai-fire-point\/uploads\/img\/catalog\/1\/photo_for_homepage_1_91933841.jpg\" alt=\"\" width=\"240\" height=\"154.45\"\/><\/a><\/p>\n<p>Patiko straipsnis? Leisk mums apie tai su\u017einoti. Nepamir\u0161k pasidalinti Facebook! <\/p>\n<p><img loading=\"lazy\" decoding=\"async\" class=\"p2_social_circle_icon\" src=\"https:\/\/www.respublika.lt\/images\/thumbs_up.svg\" width=\"21\" height=\"22\" alt=\"L\"\/><\/p>\n<p><img loading=\"lazy\" decoding=\"async\" class=\"p2_social_circle_icon\" src=\"https:\/\/www.respublika.lt\/images\/facebook.svg\" alt=\"F\" width=\"22\" height=\"22\" style=\"filter: invert(37%) sepia(55%) saturate(2351%) hue-rotate(187deg) brightness(102%) contrast(106%);\"\/><\/p>\n<p>&#13;<br \/>\n\tNesutinkate &#8211; diskutuokime!<br \/>&#13;<br \/>\n\tNepykite komentatoriai, bet komentarai su keiksma\u017eod\u017eiais bus \u0161alinami automati\u0161kai, be atsipra\u0161ymo.\n    <\/p>\n<p>&#13;<br \/>\n              Respublika.lt pasilieka teis\u0119 pa\u0161alinti nekult\u016bringus, keiksma\u017eod\u017eiais pagardintus, su tema nesusijusius, kito asmens vardu pasira\u0161ytus, \u012fstatymus pa\u017eeid\u017eian\u010dius, \u0161lam\u0161t\u0105 reklamuojan\u010dius ar nusikalsti kurstan\u010dius komentarus. Jei kurstysite smurt\u0105, rasin\u0119, tautin\u0119, religin\u0119 ar kitokio pob\u016bd\u017eio neapykant\u0105, \u017evirbliu i\u0161skrid\u0119 j\u016bs\u0173 \u017eod\u017eiai gr\u012f\u017edami gali virsti ton\u0105 sverian\u010diu jau\u010diu &#8211; specialiosioms Lietuvos tarnyboms pareikalavus suteiksime j\u016bs\u0173 duomenis.\n            <\/p>\n","protected":false},"excerpt":{"rendered":"1 nuotr. EPA &#8211; Eltos nuotr. Rusijos paj\u0117gos parei\u0161k\u0117 per naktin\u0119 atak\u0105 prie\u0161 Kijev\u0105 smogusios Ukrainos ginkluot\u0117s gamintojai&hellip;\n","protected":false},"author":2,"featured_media":249811,"comment_status":"","ping_status":"","sticky":false,"template":"","format":"standard","meta":{"footnotes":"","_share_on_mastodon":"0"},"categories":[15],"tags":[25,4443,30,31,34,35,24,32,33,37,39,36,38,40,23,22,44,28,29,119,26,27,360,74,75,76],"class_list":["post-249810","post","type-post","status-publish","format-standard","has-post-thumbnail","category-pasaulis","tag-antrastes","tag-ataka","tag-breaking-news","tag-breakingnews","tag-featured-news","tag-featurednews","tag-headlines","tag-latest-news","tag-latestnews","tag-lietuva","tag-lietuviu","tag-lithuania","tag-lithuanian","tag-lt","tag-naujienos","tag-news","tag-pasaulis","tag-populiariausios-naujienos","tag-populiariausiosnaujienos","tag-rusija","tag-top-stories","tag-topstories","tag-ukraina","tag-world","tag-world-news","tag-worldnews"],"share_on_mastodon":{"url":"https:\/\/pubeurope.com\/@lt\/117064945659814459","error":""},"_links":{"self":[{"href":"https:\/\/www.europesays.com\/lt\/wp-json\/wp\/v2\/posts\/249810","targetHints":{"allow":["GET"]}}],"collection":[{"href":"https:\/\/www.europesays.com\/lt\/wp-json\/wp\/v2\/posts"}],"about":[{"href":"https:\/\/www.europesays.com\/lt\/wp-json\/wp\/v2\/types\/post"}],"author":[{"embeddable":true,"href":"https:\/\/www.europesays.com\/lt\/wp-json\/wp\/v2\/users\/2"}],"replies":[{"embeddable":true,"href":"https:\/\/www.europesays.com\/lt\/wp-json\/wp\/v2\/comments?post=249810"}],"version-history":[{"count":0,"href":"https:\/\/www.europesays.com\/lt\/wp-json\/wp\/v2\/posts\/249810\/revisions"}],"wp:featuredmedia":[{"embeddable":true,"href":"https:\/\/www.europesays.com\/lt\/wp-json\/wp\/v2\/media\/249811"}],"wp:attachment":[{"href":"https:\/\/www.europesays.com\/lt\/wp-json\/wp\/v2\/media?parent=249810"}],"wp:term":[{"taxonomy":"category","embeddable":true,"href":"https:\/\/www.europesays.com\/lt\/wp-json\/wp\/v2\/categories?post=249810"},{"taxonomy":"post_tag","embeddable":true,"href":"https:\/\/www.europesays.com\/lt\/wp-json\/wp\/v2\/tags?post=249810"}],"curies":[{"name":"wp","href":"https:\/\/api.w.org\/{rel}","templated":true}]}}