{"id":25011,"date":"2025-10-25T07:38:25","date_gmt":"2025-10-25T07:38:25","guid":{"rendered":"https:\/\/www.europesays.com\/lt\/25011\/"},"modified":"2025-10-25T07:38:25","modified_gmt":"2025-10-25T07:38:25","slug":"rusija-liko-be-europietisku-tualetu-putinas-sureagavo-grasinimu","status":"publish","type":"post","link":"https:\/\/www.europesays.com\/lt\/25011\/","title":{"rendered":"Rusija liko be europieti\u0161k\u0173 tualet\u0173: Putinas sureagavo grasinimu"},"content":{"rendered":"<p>Remiantis ES oficialiajame leidinyje paskelbtais dokumentais, ES, pri\u0117musi 19-\u0105j\u012f sankcij\u0173 Rusijai paket\u0105, u\u017edraud\u0117 eksport\u0105 \u012f Rusij\u0105: vonias, du\u0161us, praustuvus, bid\u0117, tualetus, s\u0117dynes ir dang\u010dius, vandens nuleidimo bakus ir pana\u0161ius sanitarinius gaminius i\u0161 plastiko.<\/p>\n<p class=\"western\">Tuo pa\u010diu metu Vakar\u0173 \u017einiasklaida anks\u010diau prane\u0161\u0117, kad Europos S\u0105junga dar 2022 m. u\u017edraud\u0117 keramini\u0173 tualet\u0173 eksport\u0105 \u012f Rusij\u0105.<\/p>\n<p class=\"western\">Kremliaus vadovas band\u0117 pajuokauti reaguodamas \u012f tokias ES priemones, ta\u010diau, matyt, buvo prastai informuotas.<\/p>\n<p class=\"western\">\u201eTai, kad m\u016bs\u0173 tualet\u0173 pirkimas buvo at\u0161auktas, jiems kainuos brangiai. Man atrodo, kad jiems j\u0173 prireikt\u0173 \u0161iandienin\u0117je situacijoje\u201c, \u2013 sak\u0117 V. Putinas.<\/p>\n<p class=\"western\">Primenama, kad ketvirtadien\u012f ES patvirtino 19-\u0105j\u012f sankcij\u0173 Rusijai paket\u0105, susijus\u012f su plataus masto karu prie\u0161 Ukrain\u0105.<\/p>\n<p class=\"western\">\u012e sankcij\u0173 s\u0105ra\u0161\u0105 \u012ftrauktos 45 \u012fmon\u0117s, remian\u010dios Rusijos karin\u012f ir pramonin\u012f kompleks\u0105, \u012fskaitant \u012fmones i\u0161 tre\u010di\u0173j\u0173 \u0161ali\u0173, kurios padeda apeiti eksporto apribojimus ir \u012fsigyti dvejopo naudojimo technologij\u0173. Numatomi suskystint\u0173 duj\u0173 importo draudimai, sandoriai su pagrindin\u0117mis Rusijos naftos kompanijomis ir kt.<\/p>\n<p class=\"western\">Sankcijos taikomos finans\u0173 sektoriui ir kriptovaliut\u0173 paslaugoms: draud\u017eiami sandoriai su Rusijos bankais, prisijungimas prie SPFS, Mir ir FPS sistem\u0173, taip pat kriptovaliut\u0173 naudojimas sankcijoms apeiti.<\/p>\n<p class=\"western\">Rusijos lyderis V. Putinas jau sp\u0117jo reaguoti \u012f tokias sankcijas. Jis fantazavo, kad apribojimai netur\u0117s rimto poveikio Rusijos ekonomikai.<\/p>\n","protected":false},"excerpt":{"rendered":"Remiantis ES oficialiajame leidinyje paskelbtais dokumentais, ES, pri\u0117musi 19-\u0105j\u012f sankcij\u0173 Rusijai paket\u0105, u\u017edraud\u0117 eksport\u0105 \u012f Rusij\u0105: vonias, du\u0161us,&hellip;\n","protected":false},"author":2,"featured_media":25012,"comment_status":"","ping_status":"","sticky":false,"template":"","format":"standard","meta":{"footnotes":""},"categories":[15],"tags":[25,30,31,1068,34,35,24,32,33,37,39,36,38,40,23,22,44,28,29,119,26,27,7648,74,75,76],"class_list":{"0":"post-25011","1":"post","2":"type-post","3":"status-publish","4":"format-standard","5":"has-post-thumbnail","7":"category-pasaulis","8":"tag-antrastes","9":"tag-breaking-news","10":"tag-breakingnews","11":"tag-europos-sajunga","12":"tag-featured-news","13":"tag-featurednews","14":"tag-headlines","15":"tag-latest-news","16":"tag-latestnews","17":"tag-lietuva","18":"tag-lietuviu","19":"tag-lithuania","20":"tag-lithuanian","21":"tag-lt","22":"tag-naujienos","23":"tag-news","24":"tag-pasaulis","25":"tag-populiariausios-naujienos","26":"tag-populiariausiosnaujienos","27":"tag-rusija","28":"tag-top-stories","29":"tag-topstories","30":"tag-tualetas","31":"tag-world","32":"tag-world-news","33":"tag-worldnews"},"share_on_mastodon":{"url":"https:\/\/pubeurope.com\/@lt\/115433668967592558","error":""},"_links":{"self":[{"href":"https:\/\/www.europesays.com\/lt\/wp-json\/wp\/v2\/posts\/25011","targetHints":{"allow":["GET"]}}],"collection":[{"href":"https:\/\/www.europesays.com\/lt\/wp-json\/wp\/v2\/posts"}],"about":[{"href":"https:\/\/www.europesays.com\/lt\/wp-json\/wp\/v2\/types\/post"}],"author":[{"embeddable":true,"href":"https:\/\/www.europesays.com\/lt\/wp-json\/wp\/v2\/users\/2"}],"replies":[{"embeddable":true,"href":"https:\/\/www.europesays.com\/lt\/wp-json\/wp\/v2\/comments?post=25011"}],"version-history":[{"count":0,"href":"https:\/\/www.europesays.com\/lt\/wp-json\/wp\/v2\/posts\/25011\/revisions"}],"wp:featuredmedia":[{"embeddable":true,"href":"https:\/\/www.europesays.com\/lt\/wp-json\/wp\/v2\/media\/25012"}],"wp:attachment":[{"href":"https:\/\/www.europesays.com\/lt\/wp-json\/wp\/v2\/media?parent=25011"}],"wp:term":[{"taxonomy":"category","embeddable":true,"href":"https:\/\/www.europesays.com\/lt\/wp-json\/wp\/v2\/categories?post=25011"},{"taxonomy":"post_tag","embeddable":true,"href":"https:\/\/www.europesays.com\/lt\/wp-json\/wp\/v2\/tags?post=25011"}],"curies":[{"name":"wp","href":"https:\/\/api.w.org\/{rel}","templated":true}]}}