{"id":25020,"date":"2025-10-25T07:50:07","date_gmt":"2025-10-25T07:50:07","guid":{"rendered":"https:\/\/www.europesays.com\/lt\/25020\/"},"modified":"2025-10-25T07:50:07","modified_gmt":"2025-10-25T07:50:07","slug":"vaiku-akivaizdoje-graikijoje-ziauriai-sumusta-lietuve-kritines-bukles","status":"publish","type":"post","link":"https:\/\/www.europesays.com\/lt\/25020\/","title":{"rendered":"Vaik\u0173 akivaizdoje Graikijoje \u017eiauriai sumu\u0161ta lietuv\u0117 \u2013 kritin\u0117s b\u016bkl\u0117s"},"content":{"rendered":"<p>Graikijoje, Koropi mieste, \u012fvyko \u0161okiruojantis smurto \u0161eimoje atvejis, \u012f kur\u012f buvo \u012ftraukta 40-met\u0117 moteris lietuvi\u0173 kilm\u0117s ir jos 50-metis vyras. Smurtinis incidentas \u012fvyko ketvirtadien\u012f, spalio 23 d., poros namuose, j\u0173 dviej\u0173 nepilname\u010di\u0173 vaik\u0173 akivaizdoje.<\/p>\n<p>Pagal prane\u0161imus, vyras i\u0161 prad\u017ei\u0173 i\u0161kviet\u0117 policij\u0105, teigdamas, kad namuose rado kraujuojan\u010di\u0105 savo partner\u0119. Ta\u010diau pareig\u016bnai pasteb\u0117jo neatitikimus jo parodymuose ir \u012ftar\u0117 jo keist\u0105 elges\u012f, tod\u0117l nusprend\u0117 atlikti tolesn\u012f tyrim\u0105.<\/p>\n<p>Prane\u0161ama, kad i\u0161puolis \u012fvyko ketvirtadien\u012f apie 16 val. poros namuose Agios Nektarios gatv\u0117je. 50-metis vyras tariamai kelis kartus smog\u0117 savo partnerei, d\u0117l ko ji prarado s\u0105mon\u0119.<\/p>\n<p>Policija patvirtino, kad moteris buvo u\u017epulta poros vaik\u0173 akivaizdoje. Vyras kreip\u0117si \u012f greitosios pagalbos tarnyb\u0105, teigdamas, kad rado j\u0105 su\u017ealot\u0105, ta\u010diau jo versija prie\u0161tarauja liudytoj\u0173, tarp j\u0173 ir jo paties vaiko, parodymams.<\/p>\n<p>Pagrindiniai\u00a0parodymai \u2013 i\u0161 4 met\u0173 vaiko<\/p>\n<p>Policija patvirtino savo \u012ftarimus, kai poros vyresnysis vaikas, ketveri\u0173 met\u0173 am\u017eiaus, savo \u017eod\u017eiais apib\u016bdino \u012fvykius, kurie ved\u0117 prie smurtinio i\u0161puolio.<\/p>\n<p>Du vaikai, 4 met\u0173 ir 3,5 m\u0117nesi\u0173 am\u017eiaus, buvo paimti i\u0161 nam\u0173 ir dabar yra socialini\u0173 darbuotoj\u0173 globoje. Nepilname\u010di\u0173 prokurat\u016bra buvo informuota, kad u\u017etikrint\u0173 j\u0173 apsaug\u0105 ir gerov\u0119.<\/p>\n<p>Vyras suimtas<\/p>\n<p>50-metis vyras yra sulaikytas ir jam pateikti sunk\u016bs kaltinimai d\u0117l smurto artimoje aplinkoje. Prane\u0161imai rodo, kad jis buvo anks\u010diau are\u0161tuotas 2023 m. u\u017e pana\u0161\u0173 incident\u0105, susijus\u012f su ta pa\u010dia auka, taip pat j\u0173 vaiko akivaizdoje.<\/p>\n<p>Greitosios pagalbos tarnybos moter\u012f nugabeno \u012f \u201eRaudonojo Kry\u017eiaus\u201c ligonin\u0119, kur ji teb\u0117ra intubuota intensyviosios terapijos skyriuje ir kovoja u\u017e savo gyvyb\u0119.<\/p>\n<p>\u0160altiniai apib\u016bdina jos su\u017ealojimus kaip itin sunkius, patirtus d\u0117l pakartotini\u0173 sm\u016bgi\u0173 ir spyri\u0173 \u012f galv\u0105 bei k\u016bn\u0105.<\/p>\n","protected":false},"excerpt":{"rendered":"Graikijoje, Koropi mieste, \u012fvyko \u0161okiruojantis smurto \u0161eimoje atvejis, \u012f kur\u012f buvo \u012ftraukta 40-met\u0117 moteris lietuvi\u0173 kilm\u0117s ir jos&hellip;\n","protected":false},"author":2,"featured_media":25021,"comment_status":"","ping_status":"","sticky":false,"template":"","format":"standard","meta":{"footnotes":""},"categories":[15],"tags":[25,30,31,34,35,24,32,33,37,39,36,38,40,23,22,44,28,29,26,27,74,75,76],"class_list":{"0":"post-25020","1":"post","2":"type-post","3":"status-publish","4":"format-standard","5":"has-post-thumbnail","7":"category-pasaulis","8":"tag-antrastes","9":"tag-breaking-news","10":"tag-breakingnews","11":"tag-featured-news","12":"tag-featurednews","13":"tag-headlines","14":"tag-latest-news","15":"tag-latestnews","16":"tag-lietuva","17":"tag-lietuviu","18":"tag-lithuania","19":"tag-lithuanian","20":"tag-lt","21":"tag-naujienos","22":"tag-news","23":"tag-pasaulis","24":"tag-populiariausios-naujienos","25":"tag-populiariausiosnaujienos","26":"tag-top-stories","27":"tag-topstories","28":"tag-world","29":"tag-world-news","30":"tag-worldnews"},"share_on_mastodon":{"url":"https:\/\/pubeurope.com\/@lt\/115433715941054213","error":""},"_links":{"self":[{"href":"https:\/\/www.europesays.com\/lt\/wp-json\/wp\/v2\/posts\/25020","targetHints":{"allow":["GET"]}}],"collection":[{"href":"https:\/\/www.europesays.com\/lt\/wp-json\/wp\/v2\/posts"}],"about":[{"href":"https:\/\/www.europesays.com\/lt\/wp-json\/wp\/v2\/types\/post"}],"author":[{"embeddable":true,"href":"https:\/\/www.europesays.com\/lt\/wp-json\/wp\/v2\/users\/2"}],"replies":[{"embeddable":true,"href":"https:\/\/www.europesays.com\/lt\/wp-json\/wp\/v2\/comments?post=25020"}],"version-history":[{"count":0,"href":"https:\/\/www.europesays.com\/lt\/wp-json\/wp\/v2\/posts\/25020\/revisions"}],"wp:featuredmedia":[{"embeddable":true,"href":"https:\/\/www.europesays.com\/lt\/wp-json\/wp\/v2\/media\/25021"}],"wp:attachment":[{"href":"https:\/\/www.europesays.com\/lt\/wp-json\/wp\/v2\/media?parent=25020"}],"wp:term":[{"taxonomy":"category","embeddable":true,"href":"https:\/\/www.europesays.com\/lt\/wp-json\/wp\/v2\/categories?post=25020"},{"taxonomy":"post_tag","embeddable":true,"href":"https:\/\/www.europesays.com\/lt\/wp-json\/wp\/v2\/tags?post=25020"}],"curies":[{"name":"wp","href":"https:\/\/api.w.org\/{rel}","templated":true}]}}