{"id":25025,"date":"2025-10-25T07:59:08","date_gmt":"2025-10-25T07:59:08","guid":{"rendered":"https:\/\/www.europesays.com\/lt\/25025\/"},"modified":"2025-10-25T07:59:08","modified_gmt":"2025-10-25T07:59:08","slug":"virs-rasos-barauskaites-ir-petro-daunio-kaupiasi-juodi-debesys-paduoti-i-teisma-del-iskeldinimo-is-nuomojamo-buto","status":"publish","type":"post","link":"https:\/\/www.europesays.com\/lt\/25025\/","title":{"rendered":"Vir\u0161 Rasos Barauskait\u0117s ir Petro Daunio kaupiasi juodi debesys: paduoti \u012f teism\u0105 d\u0117l i\u0161keldinimo i\u0161 nuomojamo buto"},"content":{"rendered":"<p>Kaip prane\u0161a Alfa.lt, Vilniaus miesto apylink\u0117s teisme nagrin\u0117jama civilin\u0117 byla, kurioje NT broker\u0117 siekia P. Daun\u012f ir R. Barauskait\u0119 i\u0161keldinti i\u0161 buto, kur\u012f pora yra u\u017e\u0117musi, ir prisiteisti skol\u0105, kuri pra\u0117jus\u012f pavasar\u012f, kai ie\u0161kinys pasiek\u0117 teism\u0105, gal\u0117jo siekti ma\u017edaug 2,2 t\u016bkst. eur\u0173, o \u0161iuo metu gali b\u016bti dar gerokai i\u0161augusi.<\/p>\n<p>\u201eCivilinis ie\u0161kinys teismui buvo pateiktas po to, kai \u017einoma pora, portalo duomenimis, nustojo mok\u0117ti u\u017e but\u0105, kuriame apsigyveno. Turimais duomenimis, spalio viduryje \u0161ioje byloje jau \u012fvyko parengiamasis pos\u0117dis, kuriame \u017einoma pora nepasirod\u0117\u201c, \u2013 ra\u0161oma min\u0117tame portale.<\/p>\n<p>Anot Alfa.lt naujien\u0173 portalo, susisiekus su P. Dauniu, jis patikino, kad R. Barauskait\u0117 su \u0161ia byla nesusijusi, ta\u010diau nesl\u0117p\u0117, kad tokia byla yra. <\/p>\n<p>\u201eYra situacija abipus\u0117 \u2013 a\u0161 j\u0105 padav\u0119s \u012f teism\u0105, ji mane. Mes i\u0161siai\u0161kinsime. \u017dinai, a\u0161 dabar \u010dia tau asmenini\u0173 dalyk\u0173, d\u0117l ko viskas \u012fvyko ir pana\u0161iai, nepasakosiu tikrai.  B\u016bna, gyvenime dalykai nutinka, eini, i\u0161sisprendi \u012f teism\u0105. I\u0161keldins, nei\u0161keldins \u2013 viskas bus sutvarkyta. J\u016bs ma\u017eiausiai pergyvenkite d\u0117l man\u0119s\u201c, \u2013 pasakojo atlik\u0117jas apie NT broker\u0119, padavusi\u0105 j\u012f \u012f teism\u0105.<\/p>\n","protected":false},"excerpt":{"rendered":"Kaip prane\u0161a Alfa.lt, Vilniaus miesto apylink\u0117s teisme nagrin\u0117jama civilin\u0117 byla, kurioje NT broker\u0117 siekia P. Daun\u012f ir R.&hellip;\n","protected":false},"author":2,"featured_media":25026,"comment_status":"","ping_status":"","sticky":false,"template":"","format":"standard","meta":{"footnotes":""},"categories":[21],"tags":[7650,113,37,39,36,38,40,7649,114],"class_list":{"0":"post-25025","1":"post","2":"type-post","3":"status-publish","4":"format-standard","5":"has-post-thumbnail","7":"category-pramogos","8":"tag-alfa-lt","9":"tag-entertainment","10":"tag-lietuva","11":"tag-lietuviu","12":"tag-lithuania","13":"tag-lithuanian","14":"tag-lt","15":"tag-petras-daunys","16":"tag-pramogos"},"share_on_mastodon":{"url":"https:\/\/pubeurope.com\/@lt\/115433751341792685","error":""},"_links":{"self":[{"href":"https:\/\/www.europesays.com\/lt\/wp-json\/wp\/v2\/posts\/25025","targetHints":{"allow":["GET"]}}],"collection":[{"href":"https:\/\/www.europesays.com\/lt\/wp-json\/wp\/v2\/posts"}],"about":[{"href":"https:\/\/www.europesays.com\/lt\/wp-json\/wp\/v2\/types\/post"}],"author":[{"embeddable":true,"href":"https:\/\/www.europesays.com\/lt\/wp-json\/wp\/v2\/users\/2"}],"replies":[{"embeddable":true,"href":"https:\/\/www.europesays.com\/lt\/wp-json\/wp\/v2\/comments?post=25025"}],"version-history":[{"count":0,"href":"https:\/\/www.europesays.com\/lt\/wp-json\/wp\/v2\/posts\/25025\/revisions"}],"wp:featuredmedia":[{"embeddable":true,"href":"https:\/\/www.europesays.com\/lt\/wp-json\/wp\/v2\/media\/25026"}],"wp:attachment":[{"href":"https:\/\/www.europesays.com\/lt\/wp-json\/wp\/v2\/media?parent=25025"}],"wp:term":[{"taxonomy":"category","embeddable":true,"href":"https:\/\/www.europesays.com\/lt\/wp-json\/wp\/v2\/categories?post=25025"},{"taxonomy":"post_tag","embeddable":true,"href":"https:\/\/www.europesays.com\/lt\/wp-json\/wp\/v2\/tags?post=25025"}],"curies":[{"name":"wp","href":"https:\/\/api.w.org\/{rel}","templated":true}]}}