{"id":25027,"date":"2025-10-25T08:02:08","date_gmt":"2025-10-25T08:02:08","guid":{"rendered":"https:\/\/www.europesays.com\/lt\/25027\/"},"modified":"2025-10-25T08:02:08","modified_gmt":"2025-10-25T08:02:08","slug":"budama-93-eju-mire-tailando-karaliene-motina-sirikit","status":"publish","type":"post","link":"https:\/\/www.europesays.com\/lt\/25027\/","title":{"rendered":"B\u016bdama 93-ej\u0173 mir\u0117 Tailando karalien\u0117 motina Sirikit"},"content":{"rendered":"<p>Karali\u0161kasis dvaras prane\u0161\u0117 apie \u012fvyksian\u010dias i\u0161kilmingas karali\u0161k\u0105sias laidotuves, o ateinan\u010dius metus paskelb\u0117 gedulo metais.<\/p>\n<p>Sirikit buvo i\u0161tek\u0117jusi u\u017e karaliaus Bhumibolo Adulyadejo, kuris mir\u0117 2016 m., soste praleid\u0119s septynis de\u0161imtme\u010dius, ir yra j\u0173 vienintelio s\u016bnaus karaliaus Maha Vajiralongkorno motina. Pastaraisiais metais j\u0105 vargino daugyb\u0117 lig\u0173 ir vie\u0161umoje ji pasirodydavo retai.<\/p>\n<p>Sirikit yra garbinama kaip tautos motina, o per jos gimtadien\u012f rugpj\u016b\u010dio 12 d. \u0161alyje \u0161ven\u010diama Tailando Motinos diena.<\/p>\n<p>Jaunyst\u0117je Sirikit gars\u0117jo savo gro\u017eiu, \u017eav\u0117jusiu tiek vis\u0105 pasaul\u012f, tiek ir jos sutuoktin\u012f Bhumibol\u0105 Adulyadej\u0105, ilgainiui tapus\u012f galingiausiu pra\u0117jusio am\u017eiaus Tailando \u017emogumi.<\/p>\n<p>Metais, kai formavosi jos asmenyb\u0117, ji nuolat dalyvaudavo kasdien\u0117je karali\u0161kojoje naujien\u0173 televizijos programoje, kurioje buvo rodomi jos darbai ir projektai \u2013 nuo veiklos aplinkosaugos srityje iki pagalbos kaimo gyventojams ir ypatingo susidom\u0117jimo Tailando \u0161ilku.<\/p>\n<p>Ta\u010diau po to, kai 2012 m. patyr\u0117 insult\u0105, vie\u0161umoje Sirikit pasirodydavo retai.<\/p>\n<p>2017 m. ji buvo pasteb\u0117ta per i\u0161taigingas Bhumibolo Adulyadejo laidotuves, kuri\u0173 metu laidotuvi\u0173 procesijoje mojavo kitiems ged\u0117tojams ir atrod\u0117 trapi.<\/p>\n<p>I\u0161 karali\u0161kosios \u0161eimos, bet ne tiesiogiai i\u0161 karaliaus kilusi Sirikit gim\u0117 Bankoke 1932 m. rugpj\u016b\u010dio 12 d. \u2013 tais pa\u010diais metais, kai Tailande absoliutin\u0117 monarchija buvo pakeista konstitucine.<\/p>\n","protected":false},"excerpt":{"rendered":"Karali\u0161kasis dvaras prane\u0161\u0117 apie \u012fvyksian\u010dias i\u0161kilmingas karali\u0161k\u0105sias laidotuves, o ateinan\u010dius metus paskelb\u0117 gedulo metais. Sirikit buvo i\u0161tek\u0117jusi u\u017e&hellip;\n","protected":false},"author":2,"featured_media":25028,"comment_status":"","ping_status":"","sticky":false,"template":"","format":"standard","meta":{"footnotes":""},"categories":[15],"tags":[25,30,31,3346,34,35,24,32,33,37,39,36,38,40,23,22,44,28,29,1312,26,27,74,75,76],"class_list":{"0":"post-25027","1":"post","2":"type-post","3":"status-publish","4":"format-standard","5":"has-post-thumbnail","7":"category-pasaulis","8":"tag-antrastes","9":"tag-breaking-news","10":"tag-breakingnews","11":"tag-elta-uzsienio-naujiena","12":"tag-featured-news","13":"tag-featurednews","14":"tag-headlines","15":"tag-latest-news","16":"tag-latestnews","17":"tag-lietuva","18":"tag-lietuviu","19":"tag-lithuania","20":"tag-lithuanian","21":"tag-lt","22":"tag-naujienos","23":"tag-news","24":"tag-pasaulis","25":"tag-populiariausios-naujienos","26":"tag-populiariausiosnaujienos","27":"tag-tailandas","28":"tag-top-stories","29":"tag-topstories","30":"tag-world","31":"tag-world-news","32":"tag-worldnews"},"share_on_mastodon":{"url":"https:\/\/pubeurope.com\/@lt\/115433763177855465","error":""},"_links":{"self":[{"href":"https:\/\/www.europesays.com\/lt\/wp-json\/wp\/v2\/posts\/25027","targetHints":{"allow":["GET"]}}],"collection":[{"href":"https:\/\/www.europesays.com\/lt\/wp-json\/wp\/v2\/posts"}],"about":[{"href":"https:\/\/www.europesays.com\/lt\/wp-json\/wp\/v2\/types\/post"}],"author":[{"embeddable":true,"href":"https:\/\/www.europesays.com\/lt\/wp-json\/wp\/v2\/users\/2"}],"replies":[{"embeddable":true,"href":"https:\/\/www.europesays.com\/lt\/wp-json\/wp\/v2\/comments?post=25027"}],"version-history":[{"count":0,"href":"https:\/\/www.europesays.com\/lt\/wp-json\/wp\/v2\/posts\/25027\/revisions"}],"wp:featuredmedia":[{"embeddable":true,"href":"https:\/\/www.europesays.com\/lt\/wp-json\/wp\/v2\/media\/25028"}],"wp:attachment":[{"href":"https:\/\/www.europesays.com\/lt\/wp-json\/wp\/v2\/media?parent=25027"}],"wp:term":[{"taxonomy":"category","embeddable":true,"href":"https:\/\/www.europesays.com\/lt\/wp-json\/wp\/v2\/categories?post=25027"},{"taxonomy":"post_tag","embeddable":true,"href":"https:\/\/www.europesays.com\/lt\/wp-json\/wp\/v2\/tags?post=25027"}],"curies":[{"name":"wp","href":"https:\/\/api.w.org\/{rel}","templated":true}]}}