{"id":25031,"date":"2025-10-25T08:08:43","date_gmt":"2025-10-25T08:08:43","guid":{"rendered":"https:\/\/www.europesays.com\/lt\/25031\/"},"modified":"2025-10-25T08:08:43","modified_gmt":"2025-10-25T08:08:43","slug":"nato-ir-ukraina-isbande-nauja-ginkla-pries-rusijos-bombas","status":"publish","type":"post","link":"https:\/\/www.europesays.com\/lt\/25031\/","title":{"rendered":"NATO ir Ukraina i\u0161band\u0117 nauj\u0105 ginkl\u0105 prie\u0161 Rusijos bombas"},"content":{"rendered":"\n<p>Apie tai prane\u0161\u0117 Ukrainos gynybos ministerija.<\/p>\n<p>Ji pa\u017eymi, kad per bandymus Pranc\u016bzijos poligone k\u016br\u0117j\u0173 grup\u0117s \u012fvertino, kaip sud\u0117tingomis oro s\u0105lygomis veikia visapusi\u0161kas techninis sprendimas, kur\u012f sudaro radaras, dirbtiniu intelektu pagr\u012fsta programin\u0117 \u012franga ir gaudomasis dronas.<\/p>\n<p>Naudodamos radar\u0105 su pa\u017eangia jutikli\u0173 sistema, komandos sugeb\u0117jo nustatyti imituojam\u0105 prie\u0161o taikin\u012f, j\u012f sekti ir u\u017efiksuoti. Tada, naudodamasis dirbtiniu intelektu pagr\u012fsta programine \u012franga, taikin\u012f i\u0161 anksto apskai\u010diuota trajektorija pasiek\u0117 gaudomasis dronas.<\/p>\n<p>\u0160\u012f technologin\u012f sprendim\u0105 kuria <a href=\"https:\/\/www.tv3.lt\/naujiena\/uzsienis\/putino-pasiuntinys-rusija-jav-ir-ukraina-arti-diplomatinio-sprendimo-n1463638\" target=\"_blank\" rel=\"nofollow noopener\">NATO \u0161ali\u0173 nari\u0173 bendrov\u0117s<\/a>, dalyvaujant novatori\u0161ko Ukrainos gynybos sektoriaus atstovams. Param\u0105 \u0161iam projektui taip pat teikia Ukrainos gynybos ministerijos ir ginkluot\u0173j\u0173 paj\u0117g\u0173 ekspertai.<\/p>\n<p>Iniciatyvos autoriai \u2013 JATEC ir S\u0105junginink\u0173 transformacijos vadaviet\u0117.<\/p>\n<p>  <a style=\"height: 63vw;\" itemprop=\"contentUrl\" data-size=\"0x0\" href=\"#gid=115071&amp;pid=1\" data-href=\"https:\/\/static4.inspektorius.lt\/usi\/800x600\/2\/04\/95\/00\/049500c5a2546e2a188514126a7a6a4c.jpg?v=4.2.7.280&amp;t=cr&amp;s=800x600&amp;m=2&amp;f=\/Uploads\/UGallery\/photos\/6c\/59\/47\/55\/6c59475562299f2b0938194b590746f6.jpg\" rel=\"nofollow\" target=\"_blank\"><img decoding=\"async\" style=\"height: 63vw; object-fit: cover;\" itemprop=\"thumbnail\" class=\"newsPhoto300 landscape\" id=\"imgid-115071-2566708\" alt=\"1\" src=\"https:\/\/www.europesays.com\/lt\/wp-content\/uploads\/2025\/10\/1761379689_919_6c59475562299f2b0938194b590746f6.jpg\" title=\"Karas Ukrainoje. 2025-\u0173j\u0173 spalis (nuotr. SCANPIX)\" loading=\"lazy\" \/> <\/a> <\/p>\n<p>Karas Ukrainoje. 2025-\u0173j\u0173 spalis (nuotr. SCANPIX)<\/p>\n<p>  <a itemprop=\"contentUrl\" data-size=\"0x0\" href=\"#gid=115071&amp;pid=2\" data-href=\"https:\/\/static4.inspektorius.lt\/usi\/800x600\/2\/96\/35\/75\/963575056ce200812d9d7d9b4d710f1b.jpg?v=4.2.7.280&amp;t=cr&amp;s=800x600&amp;m=2&amp;f=\/Uploads\/UGallery\/photos\/9d\/cb\/b7\/e2\/9dcbb7e2d2fc41e76cf68feecb93d0bc.jpg\" rel=\"nofollow\" target=\"_blank\"><img decoding=\"async\" itemprop=\"thumbnail\" class=\"newsPhoto300 portrait\" id=\"imgid-115071-2566709\" alt=\"2\" src=\"https:\/\/www.europesays.com\/lt\/wp-content\/uploads\/2025\/10\/1761379690_442_9dcbb7e2d2fc41e76cf68feecb93d0bc.jpg\" title=\"Karas Ukrainoje. 2025-\u0173j\u0173 spalis (nuotr. SCANPIX)\" loading=\"lazy\" \/> <\/a> <\/p>\n<p>Karas Ukrainoje. 2025-\u0173j\u0173 spalis (nuotr. SCANPIX)<\/p>\n<p>  <a itemprop=\"contentUrl\" data-size=\"0x0\" href=\"#gid=115071&amp;pid=3\" data-href=\"https:\/\/static4.inspektorius.lt\/usi\/800x600\/2\/41\/2d\/a6\/412da6d351157692b393d6ecfd1ac8bb.jpg?v=4.2.7.280&amp;t=cr&amp;s=800x600&amp;m=2&amp;f=\/Uploads\/UGallery\/photos\/6f\/3a\/8e\/e0\/6f3a8ee098a877a996e3a09a9109097c.jpg\" rel=\"nofollow\" target=\"_blank\"><img decoding=\"async\" itemprop=\"thumbnail\" class=\"newsPhoto300 portrait\" id=\"imgid-115071-2566711\" alt=\"3\" src=\"https:\/\/www.europesays.com\/lt\/wp-content\/uploads\/2025\/10\/1761379691_108_6f3a8ee098a877a996e3a09a9109097c.jpg\" title=\"Karas Ukrainoje. 2025-\u0173j\u0173 spalis (nuotr. SCANPIX)\" loading=\"lazy\" \/> <\/a> <\/p>\n<p>Karas Ukrainoje. 2025-\u0173j\u0173 spalis (nuotr. SCANPIX)<\/p>\n<p>  <a itemprop=\"contentUrl\" data-size=\"0x0\" href=\"#gid=115071&amp;pid=4\" data-href=\"https:\/\/static4.inspektorius.lt\/usi\/800x600\/2\/55\/a8\/62\/55a8626db6ad50767b913e1961792338.jpg?v=4.2.7.280&amp;t=cr&amp;s=800x600&amp;m=2&amp;f=\/Uploads\/UGallery\/photos\/cd\/32\/d9\/fc\/cd32d9fc612fd033ea3cda623e108b0c.jpg\" rel=\"nofollow\" target=\"_blank\"><img decoding=\"async\" itemprop=\"thumbnail\" class=\"newsPhoto300 portrait\" id=\"imgid-115071-2566712\" alt=\"4\" src=\"https:\/\/www.europesays.com\/lt\/wp-content\/uploads\/2025\/10\/1761379694_951_cd32d9fc612fd033ea3cda623e108b0c.jpg\" title=\"Karas Ukrainoje. 2025-\u0173j\u0173 spalis (nuotr. SCANPIX)\" loading=\"lazy\" \/> <\/a> <\/p>\n<p>Karas Ukrainoje. 2025-\u0173j\u0173 spalis (nuotr. SCANPIX)<\/p>\n<p>  <a itemprop=\"contentUrl\" data-size=\"0x0\" href=\"#gid=115071&amp;pid=5\" data-href=\"https:\/\/static4.inspektorius.lt\/usi\/800x600\/2\/f5\/a5\/cd\/f5a5cd244697bfc6ac42980fda796efb.jpg?v=4.2.7.280&amp;t=cr&amp;s=800x600&amp;m=2&amp;f=\/Uploads\/UGallery\/photos\/3d\/d6\/8d\/77\/3dd68d7756c1f58666b2b1448d6b406f.jpg\" rel=\"nofollow\" target=\"_blank\"><img decoding=\"async\" itemprop=\"thumbnail\" class=\"newsPhoto300 portrait\" id=\"imgid-115071-2566713\" alt=\"5\" src=\"https:\/\/www.europesays.com\/lt\/wp-content\/uploads\/2025\/10\/1761379695_168_3dd68d7756c1f58666b2b1448d6b406f.jpg\" title=\"Karas Ukrainoje. 2025-\u0173j\u0173 spalis (nuotr. SCANPIX)\" loading=\"lazy\" \/> <\/a> <\/p>\n<p>Karas Ukrainoje. 2025-\u0173j\u0173 spalis (nuotr. SCANPIX)<\/p>\n<p>  <a itemprop=\"contentUrl\" data-size=\"0x0\" href=\"#gid=115071&amp;pid=6\" data-href=\"https:\/\/static4.inspektorius.lt\/usi\/800x600\/2\/22\/80\/5a\/22805ae033cedb18dd358df112ae140a.jpg?v=4.2.7.280&amp;t=cr&amp;s=800x600&amp;m=2&amp;f=\/Uploads\/UGallery\/photos\/f0\/7c\/b5\/39\/f07cb5391ad303bdce556e424528182a.jpg\" rel=\"nofollow\" target=\"_blank\"><img decoding=\"async\" itemprop=\"thumbnail\" class=\"newsPhoto300 portrait\" id=\"imgid-115071-2566714\" alt=\"6\" src=\"https:\/\/www.europesays.com\/lt\/wp-content\/uploads\/2025\/10\/1761379696_145_f07cb5391ad303bdce556e424528182a.jpg\" title=\"Karas Ukrainoje. 2025-\u0173j\u0173 spalis (nuotr. SCANPIX)\" loading=\"lazy\" \/> <\/a> <\/p>\n<p>Karas Ukrainoje. 2025-\u0173j\u0173 spalis (nuotr. SCANPIX)<\/p>\n<p>  <a itemprop=\"contentUrl\" data-size=\"0x0\" href=\"#gid=115071&amp;pid=7\" data-href=\"https:\/\/static4.inspektorius.lt\/usi\/800x600\/2\/b3\/3c\/d3\/b33cd3f9f523f9976b7043e843e5477b.jpg?v=4.2.7.280&amp;t=cr&amp;s=800x600&amp;m=2&amp;f=\/Uploads\/UGallery\/photos\/9e\/7b\/2d\/03\/9e7b2d03e7cf10252081693ce3723906.jpg\" rel=\"nofollow\" target=\"_blank\"><img decoding=\"async\" itemprop=\"thumbnail\" class=\"newsPhoto300 portrait\" id=\"imgid-115071-2566715\" alt=\"7\" src=\"https:\/\/www.europesays.com\/lt\/wp-content\/uploads\/2025\/10\/1761379697_684_9e7b2d03e7cf10252081693ce3723906.jpg\" title=\"Karas Ukrainoje. 2025-\u0173j\u0173 spalis (nuotr. SCANPIX)\" loading=\"lazy\" \/> <\/a> <\/p>\n<p>Karas Ukrainoje. 2025-\u0173j\u0173 spalis (nuotr. SCANPIX)<\/p>\n<p>  <a itemprop=\"contentUrl\" data-size=\"0x0\" href=\"#gid=115071&amp;pid=8\" data-href=\"https:\/\/static4.inspektorius.lt\/usi\/800x600\/2\/62\/22\/d7\/6222d7ed6c557e44976971764859b648.jpg?v=4.2.7.280&amp;t=cr&amp;s=800x600&amp;m=2&amp;f=\/Uploads\/UGallery\/photos\/a2\/3c\/83\/46\/a23c834608630611c5b63ac7ec7b133e.jpg\" rel=\"nofollow\" target=\"_blank\"><img decoding=\"async\" itemprop=\"thumbnail\" class=\"newsPhoto300 portrait\" id=\"imgid-115071-2566716\" alt=\"8\" src=\"https:\/\/www.europesays.com\/lt\/wp-content\/uploads\/2025\/10\/1761379699_171_a23c834608630611c5b63ac7ec7b133e.jpg\" title=\"Karas Ukrainoje. 2025-\u0173j\u0173 spalis (nuotr. SCANPIX)\" loading=\"lazy\" \/> <\/a> <\/p>\n<p>Karas Ukrainoje. 2025-\u0173j\u0173 spalis (nuotr. SCANPIX)<\/p>\n<p>  <a itemprop=\"contentUrl\" data-size=\"0x0\" href=\"#gid=115071&amp;pid=9\" data-href=\"https:\/\/static4.inspektorius.lt\/usi\/800x600\/2\/82\/af\/52\/82af527159c46b1936e90bedfbd4829b.jpg?v=4.2.7.280&amp;t=cr&amp;s=800x600&amp;m=2&amp;f=\/Uploads\/UGallery\/photos\/fc\/50\/79\/1b\/fc50791b2ad7bada7c614451f15cf8ae.jpg\" rel=\"nofollow\" target=\"_blank\"><img decoding=\"async\" itemprop=\"thumbnail\" class=\"newsPhoto300 portrait\" id=\"imgid-115071-2566717\" alt=\"9\" src=\"https:\/\/www.europesays.com\/lt\/wp-content\/uploads\/2025\/10\/1761379700_613_fc50791b2ad7bada7c614451f15cf8ae.jpg\" title=\"Karas Ukrainoje. 2025-\u0173j\u0173 spalis (nuotr. SCANPIX)\" loading=\"lazy\" \/> <\/a> <\/p>\n<p>Karas Ukrainoje. 2025-\u0173j\u0173 spalis (nuotr. SCANPIX)<\/p>\n<p>  <a itemprop=\"contentUrl\" data-size=\"0x0\" href=\"#gid=115071&amp;pid=10\" data-href=\"https:\/\/static4.inspektorius.lt\/usi\/800x600\/2\/fa\/47\/ed\/fa47ed3298f2e3d17e849b93286e10b8.jpg?v=4.2.7.280&amp;t=cr&amp;s=800x600&amp;m=2&amp;f=\/Uploads\/UGallery\/photos\/b9\/ac\/1b\/94\/b9ac1b94cfc02f3ec3d18b5ea480845d.jpg\" rel=\"nofollow\" target=\"_blank\"><img decoding=\"async\" itemprop=\"thumbnail\" class=\"newsPhoto300 portrait\" id=\"imgid-115071-2566718\" alt=\"10\" src=\"https:\/\/www.europesays.com\/lt\/wp-content\/uploads\/2025\/10\/1761379701_248_b9ac1b94cfc02f3ec3d18b5ea480845d.jpg\" title=\"Karas Ukrainoje. 2025-\u0173j\u0173 spalis (nuotr. SCANPIX)\" loading=\"lazy\" \/> <\/a> <\/p>\n<p>Karas Ukrainoje. 2025-\u0173j\u0173 spalis (nuotr. SCANPIX)<\/p>\n<p>  <a itemprop=\"contentUrl\" data-size=\"0x0\" href=\"#gid=115071&amp;pid=11\" data-href=\"https:\/\/static4.inspektorius.lt\/usi\/800x600\/2\/36\/9f\/49\/369f49e7f776bd7559003d948ed1129b.jpg?v=4.2.7.280&amp;t=cr&amp;s=800x600&amp;m=2&amp;f=\/Uploads\/UGallery\/photos\/e0\/ae\/4e\/39\/e0ae4e39bd7afa1d8099a932209511e3.jpg\" rel=\"nofollow\" target=\"_blank\"><img decoding=\"async\" itemprop=\"thumbnail\" class=\"newsPhoto300 portrait\" id=\"imgid-115071-2566719\" alt=\"11\" src=\"https:\/\/www.europesays.com\/lt\/wp-content\/uploads\/2025\/10\/1761379702_682_e0ae4e39bd7afa1d8099a932209511e3.jpg\" title=\"Karas Ukrainoje. 2025-\u0173j\u0173 spalis (nuotr. SCANPIX)\" loading=\"lazy\" \/> <\/a> <\/p>\n<p>Karas Ukrainoje. 2025-\u0173j\u0173 spalis (nuotr. SCANPIX)<\/p>\n<p>  <a itemprop=\"contentUrl\" data-size=\"0x0\" href=\"#gid=115071&amp;pid=12\" data-href=\"https:\/\/static4.inspektorius.lt\/usi\/800x600\/2\/f9\/39\/6f\/f9396f801fdaa403b4caeffe7d81f77e.jpg?v=4.2.7.280&amp;t=cr&amp;s=800x600&amp;m=2&amp;f=\/Uploads\/UGallery\/photos\/42\/b6\/04\/22\/42b604227e6b914a8a6b7942995d5a2a.jpg\" rel=\"nofollow\" target=\"_blank\"><img decoding=\"async\" itemprop=\"thumbnail\" class=\"newsPhoto300 portrait\" id=\"imgid-115071-2566720\" alt=\"12\" src=\"https:\/\/www.europesays.com\/lt\/wp-content\/uploads\/2025\/10\/1761379703_618_42b604227e6b914a8a6b7942995d5a2a.jpg\" title=\"Karas Ukrainoje. 2025-\u0173j\u0173 spalis (nuotr. SCANPIX)\" loading=\"lazy\" \/> <\/a> <\/p>\n<p>Karas Ukrainoje. 2025-\u0173j\u0173 spalis (nuotr. SCANPIX)<\/p>\n<p>  <a itemprop=\"contentUrl\" data-size=\"0x0\" href=\"#gid=115071&amp;pid=13\" data-href=\"https:\/\/static4.inspektorius.lt\/usi\/800x600\/2\/a8\/d9\/86\/a8d986e88f48c4915c6dc7826dcca2a7.jpg?v=4.2.7.280&amp;t=cr&amp;s=800x600&amp;m=2&amp;f=\/Uploads\/UGallery\/photos\/93\/58\/1c\/c7\/93581cc7615d270369056cb509fa4631.jpg\" rel=\"nofollow\" target=\"_blank\"><img decoding=\"async\" itemprop=\"thumbnail\" class=\"newsPhoto300 portrait\" id=\"imgid-115071-2566721\" alt=\"13\" src=\"https:\/\/www.europesays.com\/lt\/wp-content\/uploads\/2025\/10\/1761379705_979_93581cc7615d270369056cb509fa4631.jpg\" title=\"Karas Ukrainoje. 2025-\u0173j\u0173 spalis (nuotr. SCANPIX)\" loading=\"lazy\" \/> <\/a> <\/p>\n<p>Karas Ukrainoje. 2025-\u0173j\u0173 spalis (nuotr. SCANPIX)<\/p>\n<p>  <a itemprop=\"contentUrl\" data-size=\"0x0\" href=\"#gid=115071&amp;pid=14\" data-href=\"https:\/\/static4.inspektorius.lt\/usi\/800x600\/2\/f6\/95\/02\/f695025db3da0d508bf28ece24d672b7.jpg?v=4.2.7.280&amp;t=cr&amp;s=800x600&amp;m=2&amp;f=\/Uploads\/UGallery\/photos\/2d\/65\/a5\/78\/2d65a5783cdbe09b4beefbdf37d689f5.jpg\" rel=\"nofollow\" target=\"_blank\"><img decoding=\"async\" itemprop=\"thumbnail\" class=\"newsPhoto300 portrait\" id=\"imgid-115071-2566722\" alt=\"14\" src=\"https:\/\/www.europesays.com\/lt\/wp-content\/uploads\/2025\/10\/1761379707_384_2d65a5783cdbe09b4beefbdf37d689f5.jpg\" title=\"Karas Ukrainoje. 2025-\u0173j\u0173 spalis (nuotr. SCANPIX)\" loading=\"lazy\" \/> <\/a> <\/p>\n<p>Karas Ukrainoje. 2025-\u0173j\u0173 spalis (nuotr. SCANPIX)<\/p>\n<p>  <a itemprop=\"contentUrl\" data-size=\"0x0\" href=\"#gid=115071&amp;pid=15\" data-href=\"https:\/\/static4.inspektorius.lt\/usi\/800x600\/2\/34\/08\/1a\/34081a3d527b63f64f476370aaaa5360.jpg?v=4.2.7.280&amp;t=cr&amp;s=800x600&amp;m=2&amp;f=\/Uploads\/UGallery\/photos\/c7\/13\/82\/6c\/c713826c8e91424ef108fecd41ff9337.jpg\" rel=\"nofollow\" target=\"_blank\"><img decoding=\"async\" itemprop=\"thumbnail\" class=\"newsPhoto300 portrait\" id=\"imgid-115071-2566723\" alt=\"15\" src=\"https:\/\/www.europesays.com\/lt\/wp-content\/uploads\/2025\/10\/1761379708_988_c713826c8e91424ef108fecd41ff9337.jpg\" title=\"Karas Ukrainoje. 2025-\u0173j\u0173 spalis (nuotr. SCANPIX)\" loading=\"lazy\" \/> <\/a> <\/p>\n<p>Karas Ukrainoje. 2025-\u0173j\u0173 spalis (nuotr. SCANPIX)<\/p>\n<p>  <a itemprop=\"contentUrl\" data-size=\"0x0\" href=\"#gid=115071&amp;pid=16\" data-href=\"https:\/\/static4.inspektorius.lt\/usi\/800x600\/2\/e3\/b2\/5b\/e3b25be2a8ec2047f26596c65ca04679.jpg?v=4.2.7.280&amp;t=cr&amp;s=800x600&amp;m=2&amp;f=\/Uploads\/UGallery\/photos\/58\/dc\/5e\/5c\/58dc5e5c927a7026c399018d80abab6f.jpg\" rel=\"nofollow\" target=\"_blank\"><img decoding=\"async\" itemprop=\"thumbnail\" class=\"newsPhoto300 portrait\" id=\"imgid-115071-2566725\" alt=\"16\" src=\"https:\/\/www.europesays.com\/lt\/wp-content\/uploads\/2025\/10\/1761379709_458_58dc5e5c927a7026c399018d80abab6f.jpg\" title=\"Karas Ukrainoje. 2025-\u0173j\u0173 spalis (nuotr. SCANPIX)\" loading=\"lazy\" \/> <\/a> <\/p>\n<p>Karas Ukrainoje. 2025-\u0173j\u0173 spalis (nuotr. SCANPIX)<\/p>\n<p>  <a itemprop=\"contentUrl\" data-size=\"0x0\" href=\"#gid=115071&amp;pid=17\" data-href=\"https:\/\/static4.inspektorius.lt\/usi\/800x600\/2\/42\/ff\/c8\/42ffc85f0494b1a992f25c9c40b840f5.jpg?v=4.2.7.280&amp;t=cr&amp;s=800x600&amp;m=2&amp;f=\/Uploads\/UGallery\/photos\/e9\/af\/d4\/3d\/e9afd43d1b011e6fa930032d1ba0929d.jpg\" rel=\"nofollow\" target=\"_blank\"><img decoding=\"async\" itemprop=\"thumbnail\" class=\"newsPhoto300 portrait\" id=\"imgid-115071-2566726\" alt=\"17\" src=\"https:\/\/www.europesays.com\/lt\/wp-content\/uploads\/2025\/10\/1761379710_144_e9afd43d1b011e6fa930032d1ba0929d.jpg\" title=\"Karas Ukrainoje. 2025-\u0173j\u0173 spalis (nuotr. SCANPIX)\" loading=\"lazy\" \/> <\/a> <\/p>\n<p>Karas Ukrainoje. 2025-\u0173j\u0173 spalis (nuotr. SCANPIX)<\/p>\n<p>  <a itemprop=\"contentUrl\" data-size=\"0x0\" href=\"#gid=115071&amp;pid=18\" data-href=\"https:\/\/static4.inspektorius.lt\/usi\/800x600\/2\/bd\/e4\/28\/bde42821f23adb7365f4a715511ee176.jpg?v=4.2.7.280&amp;t=cr&amp;s=800x600&amp;m=2&amp;f=\/Uploads\/UGallery\/photos\/46\/54\/10\/fe\/465410fe9330144655e8f86402b21515.jpg\" rel=\"nofollow\" target=\"_blank\"><img decoding=\"async\" itemprop=\"thumbnail\" class=\"newsPhoto300 portrait\" id=\"imgid-115071-2566974\" alt=\"18\" src=\"https:\/\/www.europesays.com\/lt\/wp-content\/uploads\/2025\/10\/1761379712_286_465410fe9330144655e8f86402b21515.jpg\" title=\"Karas Ukrainoje (nuotr. Telegram)\" loading=\"lazy\" \/> <\/a> <\/p>\n<p>Karas Ukrainoje (nuotr. Telegram)<\/p>\n<p>  <a itemprop=\"contentUrl\" data-size=\"0x0\" href=\"#gid=115071&amp;pid=19\" data-href=\"https:\/\/static4.inspektorius.lt\/usi\/800x600\/2\/90\/9f\/4a\/909f4a6bb367d27848208321e1d8d8d6.jpg?v=4.2.7.280&amp;t=cr&amp;s=800x600&amp;m=2&amp;f=\/Uploads\/UGallery\/photos\/36\/c2\/ba\/98\/36c2ba982700c488d3eb3cb4e78f5468.jpg\" rel=\"nofollow\" target=\"_blank\"><img decoding=\"async\" itemprop=\"thumbnail\" class=\"newsPhoto300 portrait\" id=\"imgid-115071-2568913\" alt=\"19\" src=\"https:\/\/www.europesays.com\/lt\/wp-content\/uploads\/2025\/10\/1761379713_840_36c2ba982700c488d3eb3cb4e78f5468.jpg\" title=\"Rus\u0173 ataka Kyjive (nuotr. Telegram)\" loading=\"lazy\" \/> <\/a> <\/p>\n<p>Rus\u0173 ataka Kyjive (nuotr. Telegram)<\/p>\n<p>  <a itemprop=\"contentUrl\" data-size=\"0x0\" href=\"#gid=115071&amp;pid=20\" data-href=\"https:\/\/static4.inspektorius.lt\/usi\/800x600\/2\/43\/8c\/1c\/438c1c8f8bd6bb8283ee59c89c1e868b.jpg?v=4.2.7.280&amp;t=cr&amp;s=800x600&amp;m=2&amp;f=\/Uploads\/UGallery\/photos\/fb\/9d\/4e\/f9\/fb9d4ef95206483076218fee456620ae.jpg\" rel=\"nofollow\" target=\"_blank\"><img decoding=\"async\" itemprop=\"thumbnail\" class=\"newsPhoto300 portrait\" id=\"imgid-115071-2568912\" alt=\"20\" src=\"https:\/\/www.europesays.com\/lt\/wp-content\/uploads\/2025\/10\/1761379714_872_fb9d4ef95206483076218fee456620ae.jpg\" title=\"Rus\u0173 ataka Kyjive (nuotr. Telegram)\" loading=\"lazy\" \/> <\/a> <\/p>\n<p>Rus\u0173 ataka Kyjive (nuotr. Telegram)<\/p>\n<p>  <a itemprop=\"contentUrl\" data-size=\"0x0\" href=\"#gid=115071&amp;pid=21\" data-href=\"https:\/\/static4.inspektorius.lt\/usi\/800x600\/2\/8f\/34\/b9\/8f34b9511640f370272c3e272ac41073.jpg?v=4.2.7.280&amp;t=cr&amp;s=800x600&amp;m=2&amp;f=\/Uploads\/UGallery\/photos\/26\/5b\/b4\/c3\/265bb4c3f4233eae271456690a9a7015.jpg\" rel=\"nofollow\" target=\"_blank\"><img decoding=\"async\" itemprop=\"thumbnail\" class=\"newsPhoto300 portrait\" id=\"imgid-115071-2568911\" alt=\"21\" src=\"https:\/\/www.europesays.com\/lt\/wp-content\/uploads\/2025\/10\/1761379716_712_265bb4c3f4233eae271456690a9a7015.jpg\" title=\"Rus\u0173 ataka Kyjive (nuotr. Telegram)\" loading=\"lazy\" \/> <\/a> <\/p>\n<p>Rus\u0173 ataka Kyjive (nuotr. Telegram)<\/p>\n<p>  <a itemprop=\"contentUrl\" data-size=\"0x0\" href=\"#gid=115071&amp;pid=22\" data-href=\"https:\/\/static4.inspektorius.lt\/usi\/800x600\/2\/62\/01\/34\/620134759f839a9a30592f3c71709e23.jpg?v=4.2.7.280&amp;t=cr&amp;s=800x600&amp;m=2&amp;f=\/Uploads\/UGallery\/photos\/fb\/23\/cf\/eb\/fb23cfeb871c97c246063f14ec508b8e.jpg\" rel=\"nofollow\" target=\"_blank\"><img decoding=\"async\" itemprop=\"thumbnail\" class=\"newsPhoto300 portrait\" id=\"imgid-115071-2568910\" alt=\"22\" src=\"https:\/\/www.europesays.com\/lt\/wp-content\/uploads\/2025\/10\/1761379717_751_fb23cfeb871c97c246063f14ec508b8e.jpg\" title=\"Rus\u0173 ataka Kyjive (nuotr. Telegram)\" loading=\"lazy\" \/> <\/a> <\/p>\n<p>Rus\u0173 ataka Kyjive (nuotr. Telegram)<\/p>\n<p>  <a itemprop=\"contentUrl\" data-size=\"0x0\" href=\"#gid=115071&amp;pid=23\" data-href=\"https:\/\/static4.inspektorius.lt\/usi\/800x600\/2\/ba\/c5\/7d\/bac57d9b941c690ce47a58621fe4130c.jpg?v=4.2.7.280&amp;t=cr&amp;s=800x600&amp;m=2&amp;f=\/Uploads\/UGallery\/photos\/5f\/ac\/0b\/4c\/5fac0b4c45fad9b23f82fbde0e49bd38.jpg\" rel=\"nofollow\" target=\"_blank\"><img decoding=\"async\" itemprop=\"thumbnail\" class=\"newsPhoto300 portrait\" id=\"imgid-115071-2568909\" alt=\"23\" src=\"https:\/\/www.europesays.com\/lt\/wp-content\/uploads\/2025\/10\/1761379718_846_5fac0b4c45fad9b23f82fbde0e49bd38.jpg\" title=\"Rus\u0173 ataka Kyjive (nuotr. Telegram)\" loading=\"lazy\" \/> <\/a> <\/p>\n<p>Rus\u0173 ataka Kyjive (nuotr. Telegram)<\/p>\n<p>  <a itemprop=\"contentUrl\" data-size=\"0x0\" href=\"#gid=115071&amp;pid=24\" data-href=\"https:\/\/static4.inspektorius.lt\/usi\/800x600\/2\/ac\/65\/a9\/ac65a9f69d38f4900558d1c70ddfceb2.jpg?v=4.2.7.280&amp;t=cr&amp;s=800x600&amp;m=2&amp;f=\/Uploads\/UGallery\/photos\/e1\/dc\/85\/3c\/e1dc853cf7c46f791274befc891ac048.jpg\" rel=\"nofollow\" target=\"_blank\"><img decoding=\"async\" itemprop=\"thumbnail\" class=\"newsPhoto300 portrait\" id=\"imgid-115071-2568908\" alt=\"24\" src=\"https:\/\/www.europesays.com\/lt\/wp-content\/uploads\/2025\/10\/1761379719_891_e1dc853cf7c46f791274befc891ac048.jpg\" title=\"Rus\u0173 ataka Kyjive (nuotr. Telegram)\" loading=\"lazy\" \/> <\/a> <\/p>\n<p>Rus\u0173 ataka Kyjive (nuotr. Telegram)<\/p>\n<p>  <a itemprop=\"contentUrl\" data-size=\"0x0\" href=\"#gid=115071&amp;pid=25\" data-href=\"https:\/\/static4.inspektorius.lt\/usi\/800x600\/2\/4e\/f7\/82\/4ef7828a3dd120cd69e763a680cea85c.jpg?v=4.2.7.280&amp;t=cr&amp;s=800x600&amp;m=2&amp;f=\/Uploads\/UGallery\/photos\/d2\/50\/61\/4c\/d250614c1afcf54d0749676d2b4aca8d.jpg\" rel=\"nofollow\" target=\"_blank\"><img decoding=\"async\" itemprop=\"thumbnail\" class=\"newsPhoto300 portrait\" id=\"imgid-115071-2568907\" alt=\"25\" src=\"https:\/\/www.europesays.com\/lt\/wp-content\/uploads\/2025\/10\/1761379720_274_d250614c1afcf54d0749676d2b4aca8d.jpg\" title=\"Rus\u0173 ataka Kyjive (nuotr. Telegram)\" loading=\"lazy\" \/> <\/a> <\/p>\n<p>Rus\u0173 ataka Kyjive (nuotr. Telegram)<\/p>\n<p>  <a itemprop=\"contentUrl\" data-size=\"0x0\" href=\"#gid=115071&amp;pid=26\" data-href=\"https:\/\/static4.inspektorius.lt\/usi\/800x600\/2\/50\/09\/e8\/5009e8f942fb577432001a9de72a0d9e.jpg?v=4.2.7.280&amp;t=cr&amp;s=800x600&amp;m=2&amp;f=\/Uploads\/UGallery\/photos\/84\/10\/51\/27\/841051271e248af30db9e7d073c1c118.jpg\" rel=\"nofollow\" target=\"_blank\"><img decoding=\"async\" itemprop=\"thumbnail\" class=\"newsPhoto300 portrait\" id=\"imgid-115071-2568906\" alt=\"26\" src=\"https:\/\/www.europesays.com\/lt\/wp-content\/uploads\/2025\/10\/1761379722_627_841051271e248af30db9e7d073c1c118.jpg\" title=\"Rus\u0173 ataka Kyjive (nuotr. Telegram)\" loading=\"lazy\" \/> <\/a> <\/p>\n<p>Rus\u0173 ataka Kyjive (nuotr. Telegram)<\/p>\n<p>  <a itemprop=\"contentUrl\" data-size=\"0x0\" href=\"#gid=115071&amp;pid=27\" data-href=\"https:\/\/static4.inspektorius.lt\/usi\/800x600\/2\/d7\/be\/cb\/d7becb01b74541fffe6c0de725dbc689.jpg?v=4.2.7.280&amp;t=cr&amp;s=800x600&amp;m=2&amp;f=\/Uploads\/UGallery\/photos\/38\/e7\/82\/4d\/38e7824d28558b598d25b04597fc5165.jpg\" rel=\"nofollow\" target=\"_blank\"><img decoding=\"async\" itemprop=\"thumbnail\" class=\"newsPhoto300 portrait\" id=\"imgid-115071-2568905\" alt=\"27\" src=\"https:\/\/www.europesays.com\/lt\/wp-content\/uploads\/2025\/10\/1761379723_472_38e7824d28558b598d25b04597fc5165.jpg\" title=\"Rus\u0173 ataka Kyjive (nuotr. SCANPIX)\" loading=\"lazy\" \/> <\/a> <\/p>\n<p>Rus\u0173 ataka Kyjive (nuotr. SCANPIX)<\/p>\n<p>     Naujov\u0117 skirta apsaugoti Ukrainos kari\u0161kius ir civilius <\/p>\n<p>Ministerija pabr\u0117\u017e\u0117, kad \u0161i naujov\u0117 yra skirta apsaugoti Ukrainos kari\u0161kius ir civilius gyventojus nuo vienos i\u0161 destruktyviausi\u0173 \u0161iuolaikinio karo gr\u0117smi\u0173.<\/p>\n<p>Ligi \u0161iol nuo koncepcijos jau buvo pereita prie prototip\u0173, kuri\u0173 technologinio \u012fgyvendinimo lygis yra skirtingas.<\/p>\n<p>Projektas, skirtas kovoti su <a href=\"https:\/\/www.tv3.lt\/rubrika\/naujienos\/uzsienis\/rusija\" target=\"_blank\" class=\"phrase\" rel=\"nofollow noopener\">Rusijos<\/a> valdomomis aviacin\u0117mis bombomis, prad\u0117tas \u012fgyvendinti \u0161i\u0173 met\u0173 kovo m\u0117nes\u012f. Tuo metu JATEC vyko 15-asis NATO inovacij\u0173 konkursas, kuriame dalyvavo 40 komand\u0173.<\/p>\n<p>Vertinimo komisijoje dirbo ekspertai i\u0161 NATO S\u0105junginink\u0173 transformacijos vadaviet\u0117s, Ukrainos gynybos ministerijos, Ukrainos karini\u0173 oro paj\u0117g\u0173 vadaviet\u0117s ir Ukrainos nepilotuojam\u0173j\u0173 sistem\u0173 paj\u0117g\u0173.<\/p>\n<p>Konkurso metu buvo i\u0161rinkti trys nugal\u0117tojai: \u201eTytan Technologies\u201c i\u0161 Vokietijos su gaudomosiomis sistemomis, \u201eAlta Ares\u201c i\u0161 Pranc\u016bzijos su dirbtinio intelekto pagrindu veikian\u010diais taikini\u0173 aptikimo algoritmais ir \u201eATREYD\u201c su pulkais konteinerini\u0173 gaudykli\u0173.<\/p>\n<p>Kad sprendimai b\u016bt\u0173 optimaliai pritaikyti prie <a href=\"https:\/\/www.tv3.lt\/naujiena\/uzsienis\/rusija-atakavo-kyjiva-8-zmones-suzeisti-liepsnoja-pastatai-n1463630\" target=\"_blank\" rel=\"nofollow noopener\">\u0161iuolaikini\u0173 m\u016b\u0161io lauko realij\u0173<\/a>, bandymuose tiesiogiai dalyvauja ir ekspertinius vertinimus atlieka Ukrainos specialistai.<\/p>\n<p>Spalio 24 d. Rusijos kariuomen\u0117 pirm\u0105 kart\u0105 nuo karo prad\u017eios Odesos regione panaudojo valdom\u0105sias bombas civilinei infrastrukt\u016brai pulti.<\/p>\n<p>Patiko straipsnis? <a href=\"https:\/\/www.tv3.lt\/prenumeruoti\" rel=\"nofollow noopener\" target=\"_blank\">U\u017esiprenumeruokite m\u016bs\u0173 naujienlai\u0161k\u012f ir gaukite svarbiausias dienos naujienas bei \u012fdomiausius straipsnius kiekvien\u0105 darbo dien\u0105 11 val. Tiesiai \u012f J\u016bs\u0173 el. pa\u0161t\u0105!<\/a><\/p>\n","protected":false},"excerpt":{"rendered":"Apie tai prane\u0161\u0117 Ukrainos gynybos ministerija. Ji pa\u017eymi, kad per bandymus Pranc\u016bzijos poligone k\u016br\u0117j\u0173 grup\u0117s \u012fvertino, kaip sud\u0117tingomis&hellip;\n","protected":false},"author":2,"featured_media":25032,"comment_status":"","ping_status":"","sticky":false,"template":"","format":"standard","meta":{"footnotes":""},"categories":[15],"tags":[7651,25,30,31,57,43,34,35,55,48,24,54,51,49,50,32,33,37,39,36,38,40,45,23,22,44,28,29,53,42,56,47,26,27,41,46,58,74,75,76,52],"class_list":{"0":"post-25031","1":"post","2":"type-post","3":"status-publish","4":"format-standard","5":"has-post-thumbnail","7":"category-pasaulis","8":"tag-2025-10-25-091832","9":"tag-antrastes","10":"tag-breaking-news","11":"tag-breakingnews","12":"tag-daiktai","13":"tag-dienos-kronika","14":"tag-featured-news","15":"tag-featurednews","16":"tag-gatves-tekstai","17":"tag-gyvenimas","18":"tag-headlines","19":"tag-interneto-pievos","20":"tag-keliones","21":"tag-kultura","22":"tag-laisvalaikis","23":"tag-latest-news","24":"tag-latestnews","25":"tag-lietuva","26":"tag-lietuviu","27":"tag-lithuania","28":"tag-lithuanian","29":"tag-lt","30":"tag-mokslas-ir-it","31":"tag-naujienos","32":"tag-news","33":"tag-pasaulis","34":"tag-populiariausios-naujienos","35":"tag-populiariausiosnaujienos","36":"tag-projektai","37":"tag-rinktiniai-tekstai","38":"tag-simtmecio-portalas","39":"tag-sportas","40":"tag-top-stories","41":"tag-topstories","42":"tag-tv3-lt","43":"tag-verslas","44":"tag-video","45":"tag-world","46":"tag-world-news","47":"tag-worldnews","48":"tag-zaidimai"},"share_on_mastodon":{"url":"","error":"Validation failed: Text character limit of 500 exceeded"},"_links":{"self":[{"href":"https:\/\/www.europesays.com\/lt\/wp-json\/wp\/v2\/posts\/25031","targetHints":{"allow":["GET"]}}],"collection":[{"href":"https:\/\/www.europesays.com\/lt\/wp-json\/wp\/v2\/posts"}],"about":[{"href":"https:\/\/www.europesays.com\/lt\/wp-json\/wp\/v2\/types\/post"}],"author":[{"embeddable":true,"href":"https:\/\/www.europesays.com\/lt\/wp-json\/wp\/v2\/users\/2"}],"replies":[{"embeddable":true,"href":"https:\/\/www.europesays.com\/lt\/wp-json\/wp\/v2\/comments?post=25031"}],"version-history":[{"count":0,"href":"https:\/\/www.europesays.com\/lt\/wp-json\/wp\/v2\/posts\/25031\/revisions"}],"wp:featuredmedia":[{"embeddable":true,"href":"https:\/\/www.europesays.com\/lt\/wp-json\/wp\/v2\/media\/25032"}],"wp:attachment":[{"href":"https:\/\/www.europesays.com\/lt\/wp-json\/wp\/v2\/media?parent=25031"}],"wp:term":[{"taxonomy":"category","embeddable":true,"href":"https:\/\/www.europesays.com\/lt\/wp-json\/wp\/v2\/categories?post=25031"},{"taxonomy":"post_tag","embeddable":true,"href":"https:\/\/www.europesays.com\/lt\/wp-json\/wp\/v2\/tags?post=25031"}],"curies":[{"name":"wp","href":"https:\/\/api.w.org\/{rel}","templated":true}]}}