{"id":25037,"date":"2025-10-25T08:16:14","date_gmt":"2025-10-25T08:16:14","guid":{"rendered":"https:\/\/www.europesays.com\/lt\/25037\/"},"modified":"2025-10-25T08:16:14","modified_gmt":"2025-10-25T08:16:14","slug":"lietuvos-moteru-rinktine-zenge-i-baltijos-taures-finala","status":"publish","type":"post","link":"https:\/\/www.europesays.com\/lt\/25037\/","title":{"rendered":"Lietuvos moter\u0173 rinktin\u0117 \u017eeng\u0117 \u012f Baltijos taur\u0117s final\u0105"},"content":{"rendered":"<p>Lietuvos moter\u0173 rinktin\u0117 penktadienio vakar\u0105 prad\u0117jo pasirodym\u0105 2025-\u0173j\u0173 moter\u0173 Baltijos taur\u0117je.<\/p>\n<p>Pusfinalio rungtyn\u0117se Tomo Ra\u017eanausko aukl\u0117tin\u0117s Raudondvario stadione 1:0 (1:0) nugal\u0117jo Farer\u0173 Sal\u0173 komand\u0105 ir \u017eeng\u0117 \u012f final\u0105, kur j\u0173 var\u017eov\u0117mis bus Latvijos rinktin\u0117, kuri kitame pusfinalyje 1:0 nugal\u0117jo estes.<\/p>\n<p>Finalas bus \u017eaid\u017eiamas pirmadienio vakar\u0105 nuo 18 valandos Raudondvario stadione.<\/p>\n<p>Penktadienio rungtyn\u0117s prasid\u0117jo didesne teritorine lietuvi\u0173 persvara ir keliomis pusprog\u0117mis, ta\u010diau pramu\u0161ti var\u017eovi\u0173 nepavyko.<\/p>\n<p>Kelis pavojingus i\u0161puolius sureng\u0117 ir vie\u0161nios i\u0161 Farer\u0173 Sal\u0173, ta\u010diau be klaid\u0173 \u017eaid\u0117 Meda \u0160e\u0161kut\u0117. Visgi, k\u0117liniui art\u0117jant prie pabaigos, lietuvait\u0117ms pavyko i\u0161siver\u017eti \u012f priek\u012f, kai Rimant\u0117s Jonu\u0161ait\u0117s link vart\u0173 si\u0173stas kamuolys nuo var\u017eovi\u0173 vartinink\u0117s \u012fskriejo \u012f vartus ir dvikovai \u012fpus\u0117jus lietuvait\u0117s pirmavo 1:0.<\/p>\n<p>Antrame k\u0117linyje \u017eaidimas v\u0117l buvo apylygis, prog\u0173 tur\u0117jo abi komandos, ta\u010diau kamuolys \u012f vartus daugiau ne\u012fskriejo ir Lietuvos rinktin\u0117 i\u0161kop\u0117 \u012f final\u0105.<\/p>\n<p>2025-\u0173j\u0173 moter\u0173 Baltijos taur\u0117s pusfinalis<\/p>\n<p>Lietuva \u2013 Farer\u0173 Salos 1:0 (1:0)<\/p>\n<p>Raudondvario stadionas;<\/p>\n<p>\u012evartis: 38 min. Rimant\u0117 Jonu\u0161ait\u0117 (Lietuva).<\/p>\n<p style=\"text-align: center;\">\n<p>**********<\/p>\n<p>Lik\u0119s moter\u0173 rinktin\u0117s spalio tvarkara\u0161tis:<\/p>\n<p>Spalio 17 diena (pirmadienis)<\/p>\n<p>18.00 val. Finalas. Lietuva \u2013 Latvija.  \u00a0<\/p>\n","protected":false},"excerpt":{"rendered":"Lietuvos moter\u0173 rinktin\u0117 penktadienio vakar\u0105 prad\u0117jo pasirodym\u0105 2025-\u0173j\u0173 moter\u0173 Baltijos taur\u0117je. Pusfinalio rungtyn\u0117se Tomo Ra\u017eanausko aukl\u0117tin\u0117s Raudondvario stadione&hellip;\n","protected":false},"author":2,"featured_media":25038,"comment_status":"","ping_status":"","sticky":false,"template":"","format":"standard","meta":{"footnotes":""},"categories":[6],"tags":[25,30,31,57,43,34,35,55,48,24,54,51,49,50,32,33,37,39,36,38,40,45,23,22,44,28,29,53,42,56,47,112,26,27,46,58,52],"class_list":{"0":"post-25037","1":"post","2":"type-post","3":"status-publish","4":"format-standard","5":"has-post-thumbnail","7":"category-antrastes","8":"tag-antrastes","9":"tag-breaking-news","10":"tag-breakingnews","11":"tag-daiktai","12":"tag-dienos-kronika","13":"tag-featured-news","14":"tag-featurednews","15":"tag-gatves-tekstai","16":"tag-gyvenimas","17":"tag-headlines","18":"tag-interneto-pievos","19":"tag-keliones","20":"tag-kultura","21":"tag-laisvalaikis","22":"tag-latest-news","23":"tag-latestnews","24":"tag-lietuva","25":"tag-lietuviu","26":"tag-lithuania","27":"tag-lithuanian","28":"tag-lt","29":"tag-mokslas-ir-it","30":"tag-naujienos","31":"tag-news","32":"tag-pasaulis","33":"tag-populiariausios-naujienos","34":"tag-populiariausiosnaujienos","35":"tag-projektai","36":"tag-rinktiniai-tekstai","37":"tag-simtmecio-portalas","38":"tag-sportas","39":"tag-sportas-lt","40":"tag-top-stories","41":"tag-topstories","42":"tag-verslas","43":"tag-video","44":"tag-zaidimai"},"share_on_mastodon":{"url":"","error":"Validation failed: Text character limit of 500 exceeded"},"_links":{"self":[{"href":"https:\/\/www.europesays.com\/lt\/wp-json\/wp\/v2\/posts\/25037","targetHints":{"allow":["GET"]}}],"collection":[{"href":"https:\/\/www.europesays.com\/lt\/wp-json\/wp\/v2\/posts"}],"about":[{"href":"https:\/\/www.europesays.com\/lt\/wp-json\/wp\/v2\/types\/post"}],"author":[{"embeddable":true,"href":"https:\/\/www.europesays.com\/lt\/wp-json\/wp\/v2\/users\/2"}],"replies":[{"embeddable":true,"href":"https:\/\/www.europesays.com\/lt\/wp-json\/wp\/v2\/comments?post=25037"}],"version-history":[{"count":0,"href":"https:\/\/www.europesays.com\/lt\/wp-json\/wp\/v2\/posts\/25037\/revisions"}],"wp:featuredmedia":[{"embeddable":true,"href":"https:\/\/www.europesays.com\/lt\/wp-json\/wp\/v2\/media\/25038"}],"wp:attachment":[{"href":"https:\/\/www.europesays.com\/lt\/wp-json\/wp\/v2\/media?parent=25037"}],"wp:term":[{"taxonomy":"category","embeddable":true,"href":"https:\/\/www.europesays.com\/lt\/wp-json\/wp\/v2\/categories?post=25037"},{"taxonomy":"post_tag","embeddable":true,"href":"https:\/\/www.europesays.com\/lt\/wp-json\/wp\/v2\/tags?post=25037"}],"curies":[{"name":"wp","href":"https:\/\/api.w.org\/{rel}","templated":true}]}}