{"id":25041,"date":"2025-10-25T08:21:32","date_gmt":"2025-10-25T08:21:32","guid":{"rendered":"https:\/\/www.europesays.com\/lt\/25041\/"},"modified":"2025-10-25T08:21:32","modified_gmt":"2025-10-25T08:21:32","slug":"salia-agnes-petravicienes-pastebetas-kitas-vyras-gerbejai-sunerime-ar-pakeis-radzi","status":"publish","type":"post","link":"https:\/\/www.europesays.com\/lt\/25041\/","title":{"rendered":"\u0160alia Agn\u0117s Petravi\u010dien\u0117s pasteb\u0117tas kitas vyras: gerb\u0117jai sunerim\u0119, ar pakeis Rad\u017e\u012f"},"content":{"rendered":"\n<p style=\"text-align:justify\">\u201e\u0160i daina gim\u0117 prie\u0161 daugel\u012f met\u0173, ta\u010diau vis lauk\u0117 savo laiko. O kadangi tapau mo\u010diute, tai suskubau \u2013 juk kas \u017eino, gal jau tik lop\u0161ines teks dainuoti ateityje\u201c, \u2013 nuotaikingai paatviravo teksto ir muzikos autor\u0117.<\/p>\n<p>Agn\u0117s Petravi\u010dien\u0117s nauja daina<\/p>\n<p>(10 nuotr.) <a style=\"width: 100%;\" itemprop=\"contentUrl\" data-size=\"0x0\" href=\"#gid=115409&amp;pid=1\" data-href=\"https:\/\/static4.inspektorius.lt\/usi\/800x600\/2\/33\/42\/2a\/33422ace347435b584f062731a7632d5.jpg?v=4.2.7.280&amp;t=cr&amp;s=800x600&amp;m=2&amp;f=\/Uploads\/UGallery\/photos\/63\/46\/74\/f0\/634674f0a5373e5c5c3b7c4096987ff2.jpg\" rel=\"nofollow\" target=\"_blank\"><img decoding=\"async\" style=\"height: 96.216vw; width: 100%; object-fit: cover;\" itemprop=\"thumbnail\" class=\"newsPhoto300 portrait\" id=\"imgid-115409-2576667\" alt=\"1\" src=\"https:\/\/www.europesays.com\/lt\/wp-content\/uploads\/2025\/10\/634674f0a5373e5c5c3b7c4096987ff2.jpg\" title=\"Daininink\u0117 Agn\u0117 Petravi\u010dien\u0117 (prane\u0161imo spaudai nuotr.)  \" loading=\"lazy\" \/> <\/a> <\/p>\n<p>Daininink\u0117 Agn\u0117 Petravi\u010dien\u0117 (prane\u0161imo spaudai nuotr.)  <\/p>\n<p>  <a itemprop=\"contentUrl\" data-size=\"0x0\" href=\"#gid=115409&amp;pid=2\" data-href=\"https:\/\/static4.inspektorius.lt\/usi\/800x600\/2\/1c\/10\/f2\/1c10f2e51f805bf9d4ae3a1b05685245.jpg?v=4.2.7.280&amp;t=cr&amp;s=800x600&amp;m=2&amp;f=\/Uploads\/UGallery\/photos\/cd\/30\/d0\/99\/cd30d099a005be6e9c11fa8149abc5ae.jpg\" rel=\"nofollow\" target=\"_blank\"><img decoding=\"async\" itemprop=\"thumbnail\" class=\"newsPhoto300 portrait\" id=\"imgid-115409-2576670\" alt=\"2\" src=\"https:\/\/www.europesays.com\/lt\/wp-content\/uploads\/2025\/10\/cd30d099a005be6e9c11fa8149abc5ae.jpg\" title=\"Daininink\u0117 Agn\u0117 Petravi\u010dien\u0117 (prane\u0161imo spaudai nuotr.)  \" loading=\"lazy\" \/> <\/a> <\/p>\n<p>Daininink\u0117 Agn\u0117 Petravi\u010dien\u0117 (prane\u0161imo spaudai nuotr.)  <\/p>\n<p>  <a itemprop=\"contentUrl\" data-size=\"0x0\" href=\"#gid=115409&amp;pid=3\" data-href=\"https:\/\/static4.inspektorius.lt\/usi\/800x600\/2\/c6\/1f\/4d\/c61f4db2762c9a6c8d40e64436c3a4f9.jpg?v=4.2.7.280&amp;t=cr&amp;s=800x600&amp;m=2&amp;f=\/Uploads\/UGallery\/photos\/43\/d3\/dc\/71\/43d3dc71b97769229bd163ee2fd2e670.jpg\" rel=\"nofollow\" target=\"_blank\"><img decoding=\"async\" itemprop=\"thumbnail\" class=\"newsPhoto300 portrait\" id=\"imgid-115409-2576663\" alt=\"3\" src=\"https:\/\/www.europesays.com\/lt\/wp-content\/uploads\/2025\/10\/43d3dc71b97769229bd163ee2fd2e670.jpg\" title=\"Daininink\u0117 Agn\u0117 Petravi\u010dien\u0117 (prane\u0161imo spaudai nuotr.)  \" loading=\"lazy\" \/> <\/a> <\/p>\n<p>Daininink\u0117 Agn\u0117 Petravi\u010dien\u0117 (prane\u0161imo spaudai nuotr.)  <\/p>\n<p>  <a itemprop=\"contentUrl\" data-size=\"0x0\" href=\"#gid=115409&amp;pid=4\" data-href=\"https:\/\/static4.inspektorius.lt\/usi\/800x600\/2\/f2\/e3\/d0\/f2e3d0d897374d593b21504bb97b1505.jpg?v=4.2.7.280&amp;t=cr&amp;s=800x600&amp;m=2&amp;f=\/Uploads\/UGallery\/photos\/a2\/f4\/89\/c5\/a2f489c5dda899fd7100867b7c7159c0.jpg\" rel=\"nofollow\" target=\"_blank\"><img decoding=\"async\" itemprop=\"thumbnail\" class=\"newsPhoto300 portrait\" id=\"imgid-115409-2576664\" alt=\"4\" src=\"https:\/\/www.europesays.com\/lt\/wp-content\/uploads\/2025\/10\/a2f489c5dda899fd7100867b7c7159c0.jpg\" title=\"Daininink\u0117 Agn\u0117 Petravi\u010dien\u0117 (prane\u0161imo spaudai nuotr.)  \" loading=\"lazy\" \/> <\/a> <\/p>\n<p>Daininink\u0117 Agn\u0117 Petravi\u010dien\u0117 (prane\u0161imo spaudai nuotr.)  <\/p>\n<p>  <a itemprop=\"contentUrl\" data-size=\"0x0\" href=\"#gid=115409&amp;pid=5\" data-href=\"https:\/\/static4.inspektorius.lt\/usi\/800x600\/2\/96\/02\/a5\/9602a5fc995cc2193a279c2e1aaf422d.jpg?v=4.2.7.280&amp;t=cr&amp;s=800x600&amp;m=2&amp;f=\/Uploads\/UGallery\/photos\/75\/a2\/50\/01\/75a250012f28542cdaa36c5d33f6fca6.jpg\" rel=\"nofollow\" target=\"_blank\"><img decoding=\"async\" itemprop=\"thumbnail\" class=\"newsPhoto300 portrait\" id=\"imgid-115409-2576665\" alt=\"5\" src=\"https:\/\/www.europesays.com\/lt\/wp-content\/uploads\/2025\/10\/75a250012f28542cdaa36c5d33f6fca6.jpg\" title=\"Daininink\u0117 Agn\u0117 Petravi\u010dien\u0117 (prane\u0161imo spaudai nuotr.)  \" loading=\"lazy\" \/> <\/a> <\/p>\n<p>Daininink\u0117 Agn\u0117 Petravi\u010dien\u0117 (prane\u0161imo spaudai nuotr.)  <\/p>\n<p>  <a itemprop=\"contentUrl\" data-size=\"0x0\" href=\"#gid=115409&amp;pid=6\" data-href=\"https:\/\/static4.inspektorius.lt\/usi\/800x600\/2\/84\/0c\/c5\/840cc5ddf87c0a4b4f90f99e79fd1530.jpg?v=4.2.7.280&amp;t=cr&amp;s=800x600&amp;m=2&amp;f=\/Uploads\/UGallery\/photos\/a3\/67\/53\/e5\/a36753e58a147929c98b4ba4867accf7.jpg\" rel=\"nofollow\" target=\"_blank\"><img decoding=\"async\" itemprop=\"thumbnail\" class=\"newsPhoto300 portrait\" id=\"imgid-115409-2576666\" alt=\"6\" src=\"https:\/\/www.europesays.com\/lt\/wp-content\/uploads\/2025\/10\/a36753e58a147929c98b4ba4867accf7.jpg\" title=\"Daininink\u0117 Agn\u0117 Petravi\u010dien\u0117 (prane\u0161imo spaudai nuotr.)  \" loading=\"lazy\" \/> <\/a> <\/p>\n<p>Daininink\u0117 Agn\u0117 Petravi\u010dien\u0117 (prane\u0161imo spaudai nuotr.)  <\/p>\n<p>  <a itemprop=\"contentUrl\" data-size=\"0x0\" href=\"#gid=115409&amp;pid=7\" data-href=\"https:\/\/static4.inspektorius.lt\/usi\/800x600\/2\/f1\/16\/c9\/f116c9ea8212f1457bdd4e18a3e77be2.jpg?v=4.2.7.280&amp;t=cr&amp;s=800x600&amp;m=2&amp;f=\/Uploads\/UGallery\/photos\/a8\/d9\/96\/8b\/a8d9968b7d1522cd4f91d1e412752720.jpg\" rel=\"nofollow\" target=\"_blank\"><img decoding=\"async\" itemprop=\"thumbnail\" class=\"newsPhoto300 portrait\" id=\"imgid-115409-2576668\" alt=\"7\" src=\"https:\/\/www.europesays.com\/lt\/wp-content\/uploads\/2025\/10\/a8d9968b7d1522cd4f91d1e412752720.jpg\" title=\"Daininink\u0117 Agn\u0117 Petravi\u010dien\u0117 (prane\u0161imo spaudai nuotr.)  \" loading=\"lazy\" \/> <\/a> <\/p>\n<p>Daininink\u0117 Agn\u0117 Petravi\u010dien\u0117 (prane\u0161imo spaudai nuotr.)  <\/p>\n<p>  <a itemprop=\"contentUrl\" data-size=\"0x0\" href=\"#gid=115409&amp;pid=8\" data-href=\"https:\/\/static4.inspektorius.lt\/usi\/800x600\/2\/4b\/93\/c5\/4b93c50a8b96b5c83927a59ca2282ec3.jpg?v=4.2.7.280&amp;t=cr&amp;s=800x600&amp;m=2&amp;f=\/Uploads\/UGallery\/photos\/4f\/f1\/c0\/37\/4ff1c037cb27710270f4e040c58391fa.jpg\" rel=\"nofollow\" target=\"_blank\"><img decoding=\"async\" itemprop=\"thumbnail\" class=\"newsPhoto300 portrait\" id=\"imgid-115409-2576669\" alt=\"8\" src=\"https:\/\/www.europesays.com\/lt\/wp-content\/uploads\/2025\/10\/4ff1c037cb27710270f4e040c58391fa.jpg\" title=\"Daininink\u0117 Agn\u0117 Petravi\u010dien\u0117 (prane\u0161imo spaudai nuotr.)  \" loading=\"lazy\" \/> <\/a> <\/p>\n<p>Daininink\u0117 Agn\u0117 Petravi\u010dien\u0117 (prane\u0161imo spaudai nuotr.)  <\/p>\n<p>  <a itemprop=\"contentUrl\" data-size=\"0x0\" href=\"#gid=115409&amp;pid=9\" data-href=\"https:\/\/static4.inspektorius.lt\/usi\/800x600\/2\/56\/8a\/49\/568a49865552092cc28b67aa9b7a79b4.jpg?v=4.2.7.280&amp;t=cr&amp;s=800x600&amp;m=2&amp;f=\/Uploads\/UGallery\/photos\/a1\/a1\/8f\/a1\/a1a18fa11b409d29cec91853cf8e72f1.jpg\" rel=\"nofollow\" target=\"_blank\"><img decoding=\"async\" itemprop=\"thumbnail\" class=\"newsPhoto300 portrait\" id=\"imgid-115409-2576671\" alt=\"9\" src=\"https:\/\/www.europesays.com\/lt\/wp-content\/uploads\/2025\/10\/a1a18fa11b409d29cec91853cf8e72f1.jpg\" title=\"Daininink\u0117 Agn\u0117 Petravi\u010dien\u0117 (prane\u0161imo spaudai nuotr.)  \" loading=\"lazy\" \/> <\/a> <\/p>\n<p>Daininink\u0117 Agn\u0117 Petravi\u010dien\u0117 (prane\u0161imo spaudai nuotr.)  <\/p>\n<p>  <a itemprop=\"contentUrl\" data-size=\"0x0\" href=\"#gid=115409&amp;pid=10\" data-href=\"https:\/\/static4.inspektorius.lt\/usi\/800x600\/2\/d6\/de\/a0\/d6dea0f0b74353475cc0d35c870a1691.jpg?v=4.2.7.280&amp;t=cr&amp;s=800x600&amp;m=2&amp;f=\/Uploads\/UGallery\/photos\/7c\/cf\/73\/c1\/7ccf73c1fabf811c01e0d8f40084f8d8.jpg\" rel=\"nofollow\" target=\"_blank\"><img decoding=\"async\" itemprop=\"thumbnail\" class=\"newsPhoto300 portrait\" id=\"imgid-115409-2576672\" alt=\"10\" src=\"https:\/\/www.europesays.com\/lt\/wp-content\/uploads\/2025\/10\/7ccf73c1fabf811c01e0d8f40084f8d8.jpg\" title=\"Daininink\u0117 Agn\u0117 Petravi\u010dien\u0117 (prane\u0161imo spaudai nuotr.)  \" loading=\"lazy\" \/> <\/a> <\/p>\n<p>Daininink\u0117 Agn\u0117 Petravi\u010dien\u0117 (prane\u0161imo spaudai nuotr.)  <\/p>\n<p>     K\u016brinys nesenstan\u010dia tema <\/p>\n<p style=\"text-align:justify\">A. Petravi\u010dien\u0117 prisipa\u017e\u012fsta, kad \u201eU\u017edrausti jausmai\u201c \u2013 apie universali\u0105, niekada nei\u0161semiam\u0105 tem\u0105 \u2013 meil\u0119.<\/p>\n<p style=\"text-align:justify\">\u201eDauguma dain\u0173 pasaulyje vienaip ar kitaip kalba apie jausmus, tad ir \u0161i \u2013 ne i\u0161imtis. Kaip sakoma, nieko naujo su tema, bet vis tiek i\u0161 \u0161irdies\u201c, \u2013 atvirauja daininink\u0117.<\/p>\n<p style=\"text-align:justify\">Vos pasirod\u017eius dainai internete, gerb\u0117jai atkreip\u0117 d\u0117mes\u012f \u012f nuotrauk\u0105, kurioje \u0161alia A. Petravi\u010dien\u0117s matomas vyri\u0161kis. Komentar\u0173 skiltyje netruko pasirodyti klausim\u0173 \u2013 ar tai naujasis atlik\u0117jos scenos partneris, galb\u016bt pakeisiantis <a href=\"https:\/\/www.tv3.lt\/naujiena\/zmones\/radzi-mokytoju-dienos-proga-pasidalijo-jautriais-zodziais-mylimai-moteriai-n1457747\" rel=\"nofollow noopener\" target=\"_blank\">Rad\u017e\u012f<\/a>, su kuriuo Agn\u0119 sieja ilgamet\u0117 muzikin\u0117 draugyst\u0117.<\/p>\n<p style=\"text-align:justify\">\u201e\u0160iai dainai i\u0161 ties\u0173 planavau nufilmuoti vaizdo klip\u0105 \u2013 nor\u0117josi tai padaryti \u0161iltu oru, su gra\u017eiais vaizdais ir, \u017einoma, su partneriu. Ta\u010diau d\u0117l intensyvaus darb\u0173 grafiko sumanymas liko ne\u012fgyvendintas, tod\u0117l nusprend\u017eiau \u012fd\u0117ti nuotrauk\u0105 su \u017emogumi, kuris man artimas tiek k\u016brybi\u0161kai, tiek gyvenime\u201c, \u2013 paai\u0161kina daininink\u0117.<\/p>\n<p style=\"text-align:justify\">Paslaptingasis vyras nuotraukoje \u2013 Marijus Jakinevi\u010dius, Agn\u0117s pusbrolis, \u017einomas vyndarys ir \u201eMiella vynin\u0117s\u201c bendrasavininkas.<\/p>\n<p style=\"text-align:justify\">\u201eMarijus \u2013 k\u016brybi\u0161ka siela. Jis pats yra dainav\u0119s \u201eChor\u0173 kar\u0173\u201c projekte kaip Alytaus \u201eOran\u017einio choro\u201c narys, tod\u0117l m\u016bs\u0173 po\u017ei\u016bris \u012f muzik\u0105 labai pana\u0161us. Be to, tiesiog puikiai sutariame \u2013 tod\u0117l jo nuotrauka prie dainos pasirod\u0117 nat\u016bralus ir \u0161iltas sprendimas\u201c, \u2013 sako A. Petravi\u010dien\u0117.<\/p>\n<p style=\"text-align:justify\">Daina\u00a0\u201eU\u017edrausti jausmai\u201c<\/p>\n<p style=\"text-align:justify\">\n<p>\n                                        \u0160altinis:<br \/>\n                                                                                    tv3.lt\n                                                                                <\/p>\n<p>Patiko straipsnis? <a href=\"https:\/\/www.tv3.lt\/prenumeruoti\" rel=\"nofollow noopener\" target=\"_blank\">U\u017esiprenumeruokite m\u016bs\u0173 naujienlai\u0161k\u012f ir gaukite svarbiausias dienos naujienas bei \u012fdomiausius straipsnius kiekvien\u0105 darbo dien\u0105 11 val. Tiesiai \u012f J\u016bs\u0173 el. pa\u0161t\u0105!<\/a><\/p>\n","protected":false},"excerpt":{"rendered":"\u201e\u0160i daina gim\u0117 prie\u0161 daugel\u012f met\u0173, ta\u010diau vis lauk\u0117 savo laiko. O kadangi tapau mo\u010diute, tai suskubau \u2013&hellip;\n","protected":false},"author":2,"featured_media":25042,"comment_status":"","ping_status":"","sticky":false,"template":"","format":"standard","meta":{"footnotes":""},"categories":[13],"tags":[7654,25,30,31,57,43,34,35,55,48,24,54,51,49,50,32,33,37,39,36,38,40,45,23,22,44,28,29,53,42,56,47,26,27,41,46,58,52],"class_list":{"0":"post-25041","1":"post","2":"type-post","3":"status-publish","4":"format-standard","5":"has-post-thumbnail","7":"category-lietuva","8":"tag-2025-10-24-091600","9":"tag-antrastes","10":"tag-breaking-news","11":"tag-breakingnews","12":"tag-daiktai","13":"tag-dienos-kronika","14":"tag-featured-news","15":"tag-featurednews","16":"tag-gatves-tekstai","17":"tag-gyvenimas","18":"tag-headlines","19":"tag-interneto-pievos","20":"tag-keliones","21":"tag-kultura","22":"tag-laisvalaikis","23":"tag-latest-news","24":"tag-latestnews","25":"tag-lietuva","26":"tag-lietuviu","27":"tag-lithuania","28":"tag-lithuanian","29":"tag-lt","30":"tag-mokslas-ir-it","31":"tag-naujienos","32":"tag-news","33":"tag-pasaulis","34":"tag-populiariausios-naujienos","35":"tag-populiariausiosnaujienos","36":"tag-projektai","37":"tag-rinktiniai-tekstai","38":"tag-simtmecio-portalas","39":"tag-sportas","40":"tag-top-stories","41":"tag-topstories","42":"tag-tv3-lt","43":"tag-verslas","44":"tag-video","45":"tag-zaidimai"},"share_on_mastodon":{"url":"","error":"Validation failed: Text character limit of 500 exceeded"},"_links":{"self":[{"href":"https:\/\/www.europesays.com\/lt\/wp-json\/wp\/v2\/posts\/25041","targetHints":{"allow":["GET"]}}],"collection":[{"href":"https:\/\/www.europesays.com\/lt\/wp-json\/wp\/v2\/posts"}],"about":[{"href":"https:\/\/www.europesays.com\/lt\/wp-json\/wp\/v2\/types\/post"}],"author":[{"embeddable":true,"href":"https:\/\/www.europesays.com\/lt\/wp-json\/wp\/v2\/users\/2"}],"replies":[{"embeddable":true,"href":"https:\/\/www.europesays.com\/lt\/wp-json\/wp\/v2\/comments?post=25041"}],"version-history":[{"count":0,"href":"https:\/\/www.europesays.com\/lt\/wp-json\/wp\/v2\/posts\/25041\/revisions"}],"wp:featuredmedia":[{"embeddable":true,"href":"https:\/\/www.europesays.com\/lt\/wp-json\/wp\/v2\/media\/25042"}],"wp:attachment":[{"href":"https:\/\/www.europesays.com\/lt\/wp-json\/wp\/v2\/media?parent=25041"}],"wp:term":[{"taxonomy":"category","embeddable":true,"href":"https:\/\/www.europesays.com\/lt\/wp-json\/wp\/v2\/categories?post=25041"},{"taxonomy":"post_tag","embeddable":true,"href":"https:\/\/www.europesays.com\/lt\/wp-json\/wp\/v2\/tags?post=25041"}],"curies":[{"name":"wp","href":"https:\/\/api.w.org\/{rel}","templated":true}]}}