{"id":25045,"date":"2025-10-25T08:32:07","date_gmt":"2025-10-25T08:32:07","guid":{"rendered":"https:\/\/www.europesays.com\/lt\/25045\/"},"modified":"2025-10-25T08:32:07","modified_gmt":"2025-10-25T08:32:07","slug":"i-iskvietima-atvyke-policininkai-pasove-kari-respublika","status":"publish","type":"post","link":"https:\/\/www.europesays.com\/lt\/25045\/","title":{"rendered":"\u012e i\u0161kvietim\u0105 atvyk\u0119 policininkai pa\u0161ov\u0117 kar\u012f &#8211; Respublika"},"content":{"rendered":"<ol>\n<li><a href=\"https:\/\/news.google.com\/rss\/articles\/CBMiugFBVV95cUxPdVBnZHYxRV9QNXJOb0pkMVdieVBvbzBQNU83MGlsNkwzenJfU0g0OFZ0V1JWczh3TU11WGM5UFplU2J0UHRacUF2ZEVPTlZSNWVicnpiVmt0YUtkQmJua2VDX3EwSlhvSUhIM21GeW1Wb0tWdWZJaWZPTEZhWGc2bEVTc2o0b2lCRmdOVjE0elJJYXBmZWVUVThFcnJGdFJfOVZUal9IcEVWUnNmZWJrMlNCOFd1Wkxfd0E?oc=5\" target=\"_blank\" rel=\"nofollow noopener\">\u012e i\u0161kvietim\u0105 atvyk\u0119 policininkai pa\u0161ov\u0117 kar\u012f<\/a>&nbsp;&nbsp;Respublika<\/li>\n<li><a href=\"https:\/\/news.google.com\/rss\/articles\/CBMi2gFBVV95cUxOSy11XzJhbjhoQk10aUQ0RmxHbmhJd1JreTBuUVhRVS03aFA4SnEwRVlZSG85QWZPZ2NCQzFON25fVEF3LWFGM1lxSWJySEJwbnVGSHBjTDUyWkpEZzBuY01NSEFrbG81bDlTRGhHRWhsbzhtRk9YVkpqZGRnYjBkWHIySUFsSm5WU0VQd0tINUFCZ1hBTEZ3cFlmRFB1LXZ6ZG1fb2twSk1felZWNU0tam14TE1qalNtM2VxZ1NyTG9YMUM2dzRORkJGRVpUeGt5S1RFVnNnZndrdw?oc=5\" target=\"_blank\" rel=\"nofollow noopener\">Nesusipratimas vos nesibaig\u0117 tragedija \u2013 kariai paleido imitacinius \u0161\u016bvius, policija atsak\u0117 tikrais<\/a>&nbsp;&nbsp;tv3.lt<\/li>\n<li><a href=\"https:\/\/news.google.com\/rss\/articles\/CBMikwFBVV95cUxOdXBsOWJLRkZRWm5XODhNRjZTUXBJLVozakN5cDdTckd6dVhaVzdxSmp6LXVVaktTWlQ0TkZnVUFyUlVEbHpuR3JYcm53eGY4ZHpxb3ZuTW1vMGRZdzlPVV9Ya2xLbDVyZHF2ZFRxWFM1M3Y2NWtsTlNQZW1HVTdNN2o1Vkl1c1ExM3FVQlhCS205dmM?oc=5\" target=\"_blank\" rel=\"nofollow noopener\">Savi \u0161ov\u0117 \u012f savus: Bundesvero pratybos Erdinge virto tikru susi\u0161audymu<\/a>&nbsp;&nbsp;Ekspertai.eu<\/li>\n<li><a href=\"https:\/\/news.google.com\/rss\/articles\/CBMid0FVX3lxTE1tUDY3RG1fcmduMGtSc2RXbFdId0NuaVE4SHpkXzRmZUhSQ1pKYzluZ3lvcWRzMWN1WldlM0gwaWJ2d29KcHdlVi05RmJhaFAxUXJVVUlMZjE2SlVHeERjazNUQzBGY2ZGOTFuaGw4QTBscmhRZFVN?oc=5\" target=\"_blank\" rel=\"nofollow noopener\">Vokietijos kar\u012f per pratybas pa\u0161ov\u0117 policija<\/a>&nbsp;&nbsp;infa.lt<\/li>\n<\/ol>\n","protected":false},"excerpt":{"rendered":"\u012e i\u0161kvietim\u0105 atvyk\u0119 policininkai pa\u0161ov\u0117 kar\u012f&nbsp;&nbsp;Respublika Nesusipratimas vos nesibaig\u0117 tragedija \u2013 kariai paleido imitacinius \u0161\u016bvius, policija atsak\u0117 tikrais&nbsp;&nbsp;tv3.lt&hellip;\n","protected":false},"author":2,"featured_media":25046,"comment_status":"","ping_status":"","sticky":false,"template":"","format":"standard","meta":{"footnotes":""},"categories":[15],"tags":[25,30,31,7656,7657,34,35,24,5384,32,33,37,39,36,38,40,23,22,44,7655,2262,28,29,4447,26,27,320,74,75,76],"class_list":{"0":"post-25045","1":"post","2":"type-post","3":"status-publish","4":"format-standard","5":"has-post-thumbnail","7":"category-pasaulis","8":"tag-antrastes","9":"tag-breaking-news","10":"tag-breakingnews","11":"tag-bundesveras","12":"tag-erdingas","13":"tag-featured-news","14":"tag-featurednews","15":"tag-headlines","16":"tag-karys","17":"tag-latest-news","18":"tag-latestnews","19":"tag-lietuva","20":"tag-lietuviu","21":"tag-lithuania","22":"tag-lithuanian","23":"tag-lt","24":"tag-naujienos","25":"tag-news","26":"tag-pasaulis","27":"tag-pasove","28":"tag-policininkas","29":"tag-populiariausios-naujienos","30":"tag-populiariausiosnaujienos","31":"tag-pratybos","32":"tag-top-stories","33":"tag-topstories","34":"tag-vokietija","35":"tag-world","36":"tag-world-news","37":"tag-worldnews"},"share_on_mastodon":{"url":"https:\/\/pubeurope.com\/@lt\/115433881156244803","error":""},"_links":{"self":[{"href":"https:\/\/www.europesays.com\/lt\/wp-json\/wp\/v2\/posts\/25045","targetHints":{"allow":["GET"]}}],"collection":[{"href":"https:\/\/www.europesays.com\/lt\/wp-json\/wp\/v2\/posts"}],"about":[{"href":"https:\/\/www.europesays.com\/lt\/wp-json\/wp\/v2\/types\/post"}],"author":[{"embeddable":true,"href":"https:\/\/www.europesays.com\/lt\/wp-json\/wp\/v2\/users\/2"}],"replies":[{"embeddable":true,"href":"https:\/\/www.europesays.com\/lt\/wp-json\/wp\/v2\/comments?post=25045"}],"version-history":[{"count":0,"href":"https:\/\/www.europesays.com\/lt\/wp-json\/wp\/v2\/posts\/25045\/revisions"}],"wp:featuredmedia":[{"embeddable":true,"href":"https:\/\/www.europesays.com\/lt\/wp-json\/wp\/v2\/media\/25046"}],"wp:attachment":[{"href":"https:\/\/www.europesays.com\/lt\/wp-json\/wp\/v2\/media?parent=25045"}],"wp:term":[{"taxonomy":"category","embeddable":true,"href":"https:\/\/www.europesays.com\/lt\/wp-json\/wp\/v2\/categories?post=25045"},{"taxonomy":"post_tag","embeddable":true,"href":"https:\/\/www.europesays.com\/lt\/wp-json\/wp\/v2\/tags?post=25045"}],"curies":[{"name":"wp","href":"https:\/\/api.w.org\/{rel}","templated":true}]}}