{"id":25057,"date":"2025-10-25T08:44:08","date_gmt":"2025-10-25T08:44:08","guid":{"rendered":"https:\/\/www.europesays.com\/lt\/25057\/"},"modified":"2025-10-25T08:44:08","modified_gmt":"2025-10-25T08:44:08","slug":"graikijoje-kraupus-ispuolis-lietuve-zmona-vyras-ziauriai-sumuse-vaiku-akivaizdoje","status":"publish","type":"post","link":"https:\/\/www.europesays.com\/lt\/25057\/","title":{"rendered":"Graikijoje \u2013 kraupus i\u0161puolis: lietuv\u0119 \u017emon\u0105 vyras \u017eiauriai sumu\u0161\u0117 vaik\u0173 akivaizdoje"},"content":{"rendered":"\n<p>40-met\u0117 lietuv\u0117 paguldyta \u012f ligonin\u0119 kritin\u0117s b\u016bkl\u0117s po to, kai jos 50-metis graikas vyras \u017eiauriai j\u0105 sumu\u0161\u0117 vaik\u0173 akivaizdoje Koropio mieste. Vald\u017eios institucijos tiria incident\u0105, o vaikai paimti \u012f glob\u0105.<\/p>\n<p>Pasak prane\u0161im\u0173, vyras i\u0161 prad\u017ei\u0173 i\u0161kviet\u0117 policij\u0105, teigdamas, kad namuose rado kraujuojan\u010di\u0105 partner\u0119. Ta\u010diau pareig\u016bnai pasteb\u0117jo jo parodym\u0173 neatitikim\u0173 ir, \u012ftar\u0119 jo elges\u012f, nusprend\u0117 prad\u0117ti tolesn\u012f tyrim\u0105.<\/p>\n<p>U\u017epuolimas, kaip manoma, \u012fvyko ketvirtadien\u012f apie 16 val. poros namuose. 50-metis vyras, kaip teigiama, <a href=\"https:\/\/www.tv3.lt\/naujiena\/lietuva\/vilniuje-siaute-smurtautojai-nakti-isiverze-i-vyro-buta-ir-ji-sumuse-n1460558\" target=\"_blank\" rel=\"nofollow noopener\">kelis kartus smog\u0117<\/a> savo partnerei, d\u0117l ko \u0161i prarado s\u0105mon\u0119.<\/p>\n<p>Policija patvirtino, kad u\u017epuolimas \u012fvyko vaik\u0173 akivaizdoje. Vyras kreip\u0117si \u012f skubios pagalbos tarnybas, tvirtindamas, jog rado \u017emon\u0105 su\u017ealot\u0105, ta\u010diau jo versija prie\u0161tarauja liudytoj\u0173, tarp j\u0173 ir poros vaiko, parodymams.<\/p>\n<p> Svarb\u016bs ketveri\u0173 met\u0173 vaiko parodymai <\/p>\n<p>Policija patvirtino savo \u012ftarimus po to, kai vyresnysis, ketveri\u0173 met\u0173 vaikas, savo \u017eod\u017eiais papasakojo \u012fvykius, vedusius prie u\u017epuolimo.<\/p>\n<p>Abu vaikai \u2013 ketveri\u0173 met\u0173 ir trij\u0173 su puse m\u0117nesio am\u017eiaus \u2013 buvo paimti i\u0161 nam\u0173 ir perduoti socialini\u0173 darbuotoj\u0173 globai.<\/p>\n<p>Apie \u012fvyk\u012f informuota Nepilname\u010di\u0173 prokurat\u016bra, kad b\u016bt\u0173 u\u017etikrinta vaik\u0173 apsauga ir gerov\u0117.<\/p>\n<p> Sulaikytas vyras <\/p>\n<p>50-metis vyras sulaikytas ir jam pateikti sunk\u016bs kaltinimai d\u0117l <a href=\"https:\/\/www.tv3.lt\/naujiena\/uzsienis\/sumuse-ir-apiplese-mergina-nes-ji-neatrode-taip-kaip-nuotraukoje-pazinciu-svetaineje-n1459954\" target=\"_blank\" rel=\"nofollow noopener\">smurto artimoje aplinkoje<\/a>. Prane\u0161ama, kad jis buvo anks\u010diau are\u0161tuotas 2023 m. u\u017e pana\u0161\u0173 incident\u0105 su ta pa\u010dia auka \u2013 taip pat vaik\u0173 akivaizdoje.<\/p>\n<p>Greitosios pagalbos tarnybos moter\u012f nugabeno \u012f \u201eRaudonojo Kry\u017eiaus\u201c ligonin\u0119, kur ji teb\u0117ra intensyviosios terapijos skyriuje ir kovoja u\u017e gyvyb\u0119.<\/p>\n<p>\u0160altini\u0173 teigimu, moters su\u017ealojimai yra itin sunk\u016bs \u2013 patirti d\u0117l pakartotini\u0173 sm\u016bgi\u0173 ir spyri\u0173 \u012f galv\u0105 bei k\u016bn\u0105.<\/p>\n<p>\n                                        \u0160altinis:<br \/>\n                                                                                    tv3.lt\n                                                                                <\/p>\n<p>Patiko straipsnis? <a href=\"https:\/\/www.tv3.lt\/prenumeruoti\" rel=\"nofollow noopener\" target=\"_blank\">U\u017esiprenumeruokite m\u016bs\u0173 naujienlai\u0161k\u012f ir gaukite svarbiausias dienos naujienas bei \u012fdomiausius straipsnius kiekvien\u0105 darbo dien\u0105 11 val. Tiesiai \u012f J\u016bs\u0173 el. pa\u0161t\u0105!<\/a><\/p>\n","protected":false},"excerpt":{"rendered":"40-met\u0117 lietuv\u0117 paguldyta \u012f ligonin\u0119 kritin\u0117s b\u016bkl\u0117s po to, kai jos 50-metis graikas vyras \u017eiauriai j\u0105 sumu\u0161\u0117 vaik\u0173&hellip;\n","protected":false},"author":2,"featured_media":25058,"comment_status":"","ping_status":"","sticky":false,"template":"","format":"standard","meta":{"footnotes":""},"categories":[15],"tags":[7661,25,30,31,57,43,34,35,55,48,24,54,51,49,50,32,33,37,39,36,38,40,45,23,22,44,28,29,53,42,56,47,26,27,41,46,58,74,75,76,52],"class_list":{"0":"post-25057","1":"post","2":"type-post","3":"status-publish","4":"format-standard","5":"has-post-thumbnail","7":"category-pasaulis","8":"tag-2025-10-25-094000","9":"tag-antrastes","10":"tag-breaking-news","11":"tag-breakingnews","12":"tag-daiktai","13":"tag-dienos-kronika","14":"tag-featured-news","15":"tag-featurednews","16":"tag-gatves-tekstai","17":"tag-gyvenimas","18":"tag-headlines","19":"tag-interneto-pievos","20":"tag-keliones","21":"tag-kultura","22":"tag-laisvalaikis","23":"tag-latest-news","24":"tag-latestnews","25":"tag-lietuva","26":"tag-lietuviu","27":"tag-lithuania","28":"tag-lithuanian","29":"tag-lt","30":"tag-mokslas-ir-it","31":"tag-naujienos","32":"tag-news","33":"tag-pasaulis","34":"tag-populiariausios-naujienos","35":"tag-populiariausiosnaujienos","36":"tag-projektai","37":"tag-rinktiniai-tekstai","38":"tag-simtmecio-portalas","39":"tag-sportas","40":"tag-top-stories","41":"tag-topstories","42":"tag-tv3-lt","43":"tag-verslas","44":"tag-video","45":"tag-world","46":"tag-world-news","47":"tag-worldnews","48":"tag-zaidimai"},"share_on_mastodon":{"url":"","error":"Validation failed: Text character limit of 500 exceeded"},"_links":{"self":[{"href":"https:\/\/www.europesays.com\/lt\/wp-json\/wp\/v2\/posts\/25057","targetHints":{"allow":["GET"]}}],"collection":[{"href":"https:\/\/www.europesays.com\/lt\/wp-json\/wp\/v2\/posts"}],"about":[{"href":"https:\/\/www.europesays.com\/lt\/wp-json\/wp\/v2\/types\/post"}],"author":[{"embeddable":true,"href":"https:\/\/www.europesays.com\/lt\/wp-json\/wp\/v2\/users\/2"}],"replies":[{"embeddable":true,"href":"https:\/\/www.europesays.com\/lt\/wp-json\/wp\/v2\/comments?post=25057"}],"version-history":[{"count":0,"href":"https:\/\/www.europesays.com\/lt\/wp-json\/wp\/v2\/posts\/25057\/revisions"}],"wp:featuredmedia":[{"embeddable":true,"href":"https:\/\/www.europesays.com\/lt\/wp-json\/wp\/v2\/media\/25058"}],"wp:attachment":[{"href":"https:\/\/www.europesays.com\/lt\/wp-json\/wp\/v2\/media?parent=25057"}],"wp:term":[{"taxonomy":"category","embeddable":true,"href":"https:\/\/www.europesays.com\/lt\/wp-json\/wp\/v2\/categories?post=25057"},{"taxonomy":"post_tag","embeddable":true,"href":"https:\/\/www.europesays.com\/lt\/wp-json\/wp\/v2\/tags?post=25057"}],"curies":[{"name":"wp","href":"https:\/\/api.w.org\/{rel}","templated":true}]}}