{"id":25062,"date":"2025-10-25T08:51:08","date_gmt":"2025-10-25T08:51:08","guid":{"rendered":"https:\/\/www.europesays.com\/lt\/25062\/"},"modified":"2025-10-25T08:51:08","modified_gmt":"2025-10-25T08:51:08","slug":"prakalbo-apie-i-ruginienes-ir-d-sakalienes-konflikto-priezastis-nesantaikos-zenklai-dar-gerokai-anksciau-lrytas","status":"publish","type":"post","link":"https:\/\/www.europesays.com\/lt\/25062\/","title":{"rendered":"Prakalbo apie I. Ruginien\u0117s ir D. \u0160akalien\u0117s konflikto prie\u017eastis: nesantaikos \u017eenklai \u2013 dar gerokai anks\u010diau &#8211; Lrytas"},"content":{"rendered":"<ol>\n<li><a href=\"https:\/\/news.google.com\/rss\/articles\/CBMihwJBVV95cUxOQlFWaXRJSVpNR3lNc0pjdFBkUWZ1b2NBbEpVM1RFdGV6WXg0eGozN3BUWWpOakRBNFRVMF9WT3p3blRtbi12VHRoS3p6TTk4cU9DUnphVVFRYnBnTUpKSktQNUdPQnA4Yk8tRzZhVGtTX1N4b3R6NWdESXRQQWtlaFNmbEliVVNPZm1DMGw3TkdIcnRVc1BCYm56SHBPUXpDcVJhSkZ6MzcxSEF1a0RUaUdDbExGalA0MlVUSjQwWHhoeDZEWXNpUEJOcmxtV3VBaG5qV01JVDRUOVZoc3BxTjlWalZEMm5hSllqQ184dkhBMVRXN0M1RHFucVV0aEFiM2c1R1F5dw?oc=5\" target=\"_blank\" rel=\"nofollow noopener\">Prakalbo apie I. Ruginien\u0117s ir D. \u0160akalien\u0117s konflikto prie\u017eastis: nesantaikos \u017eenklai \u2013 dar gerokai anks\u010diau<\/a>&nbsp;&nbsp;Lrytas<\/li>\n<li><a href=\"https:\/\/news.google.com\/rss\/articles\/CBMi4AFBVV95cUxNMGlqeGhIZm45Ti1BOFdFZzZvbmNEdmJrOVV3WlZVQlVlS0Q4N3pacm1qcmc5MGFFaklkbUNJeU91T3JRVjRHWmpMb2dVUng5amhjdTU5RzNLWEZaQnpBOWEzeDBmU2lNR19LOVczeGxQdThDRGtudWRGU0JqZTd5T3RKWmxOMEs0VUpkdDk4VnlYVFlQSjl5NVdfN01EWGZORGVvdGQxakNHRVBkcFFnUDN0QURKNHNqX0hSUnkxUTRWb2dSSUpnMERwMWlUQ0dna3ZocDdyXzdxZFFOOXpxRA?oc=5\" target=\"_blank\" rel=\"nofollow noopener\">Apie \u012ftampas \u0160akalienei vadovaujant ministerijai gird\u0117jo ir anks\u010diau: buvo nustebinta, k\u0105 su\u017einojo<\/a>&nbsp;&nbsp;Delfi<\/li>\n<li><a href=\"https:\/\/news.google.com\/rss\/articles\/CBMi1gFBVV95cUxPUTBIcjFTck1uQ09jcUtIZFpGaDVjVVluN2ZFMnE5UTFwQUUzcXFWYWxqaEtzRUxXMVFSUWFyRVpNZDZQRlMwX19ZS1FoSTYzejNLTkhlMlVxeU05SkNQYlBlejdGenpicHQtRTFFWVFsVTc1cTdjZTQ5VTAyYlZBczhSMEpFcUxNR1VpQkVaNWYyS1BPVXZ0NEdyS3g4ZERfVmRlcHMzeTJPTFBtMms3UXhJMGpwOWlMaXlEMGt2dHQtdklyYmZwOXBCT3dVWGJUZXFEeXlR?oc=5\" target=\"_blank\" rel=\"nofollow noopener\">Prie\u0161 \u0160akalien\u0117s skandal\u0105 Ar\u016bnas Valinskas pasak\u0117 lemtingus \u017eod\u017eius Ruginienei: jie i\u0161sipild\u0117<\/a>&nbsp;&nbsp;tv3.lt<\/li>\n<li><a href=\"https:\/\/news.google.com\/rss\/articles\/CBMi5wFBVV95cUxPSWNJTXhjZjJtTG85VnFpem1zYVpSUlFkbHRiT0VEVkVRMFJGZ0VscXdpeFdmMnJndEhnWGQxUEZPM3dNcjYxTmtuZXQ2cWFPdGhiLXhLcC1LRUhiNWEtMHRhakE5T3VnR1cyVEpLYmZmUmdVWjVpX25pX1hiZG9YelpYQnEtUVVjMmNMTXhwRUpyNWhjbldGZDBnYUxIZkNQZDhGRzJiMXdUYVFSU0IwbVB6Q3pBQWlMdzdpUUVuYWlpbWlIbjBMWVJ0TW5YejJhRDViR2syZUkxTlQzdkNheFdoNTctNVk?oc=5\" target=\"_blank\" rel=\"nofollow noopener\">Ar\u016bnas ABROMAITIS: Dovil\u0117 \u0160akalien\u0117 &#8211; jau beveik \u017dana d\u2019Ark<\/a>&nbsp;&nbsp;Respublika<\/li>\n<li><a href=\"https:\/\/news.google.com\/rss\/articles\/CBMipwFBVV95cUxNUlZRdnZJNTRwWjZXUVhORDBxQmVVekdSWFhIRUVQcE4tLUdYOHhyeUp6OFV6VlhPY0FGLVlvZmMydldWSVFBQWJSbkMzcDhHWGV1bHBWbmZya0IxcXB5NE1iUTB5aHBDdDBTc0pCMkJSUmhNQXBfQ1NFN1RiQ0QxUXJjMUtYSEpqeng2MFg4LWlyaWN0emlDWXlFbGt4N3BISF82MVV4OA?oc=5\" target=\"_blank\" rel=\"nofollow noopener\">Ramun\u0117 Sotvar\u0117-\u0160emetien\u0117. Ma\u017eo biud\u017eeto opere\u010di\u0173 politika<\/a>&nbsp;&nbsp;LRT<\/li>\n<\/ol>\n","protected":false},"excerpt":{"rendered":"Prakalbo apie I. Ruginien\u0117s ir D. \u0160akalien\u0117s konflikto prie\u017eastis: nesantaikos \u017eenklai \u2013 dar gerokai anks\u010diau&nbsp;&nbsp;Lrytas Apie \u012ftampas \u0160akalienei&hellip;\n","protected":false},"author":2,"featured_media":25063,"comment_status":"","ping_status":"","sticky":false,"template":"","format":"standard","meta":{"footnotes":""},"categories":[13],"tags":[25,30,31,34,35,24,32,33,37,39,36,38,40,23,22,28,29,26,27],"class_list":{"0":"post-25062","1":"post","2":"type-post","3":"status-publish","4":"format-standard","5":"has-post-thumbnail","7":"category-lietuva","8":"tag-antrastes","9":"tag-breaking-news","10":"tag-breakingnews","11":"tag-featured-news","12":"tag-featurednews","13":"tag-headlines","14":"tag-latest-news","15":"tag-latestnews","16":"tag-lietuva","17":"tag-lietuviu","18":"tag-lithuania","19":"tag-lithuanian","20":"tag-lt","21":"tag-naujienos","22":"tag-news","23":"tag-populiariausios-naujienos","24":"tag-populiariausiosnaujienos","25":"tag-top-stories","26":"tag-topstories"},"share_on_mastodon":{"url":"https:\/\/pubeurope.com\/@lt\/115433955813037498","error":""},"_links":{"self":[{"href":"https:\/\/www.europesays.com\/lt\/wp-json\/wp\/v2\/posts\/25062","targetHints":{"allow":["GET"]}}],"collection":[{"href":"https:\/\/www.europesays.com\/lt\/wp-json\/wp\/v2\/posts"}],"about":[{"href":"https:\/\/www.europesays.com\/lt\/wp-json\/wp\/v2\/types\/post"}],"author":[{"embeddable":true,"href":"https:\/\/www.europesays.com\/lt\/wp-json\/wp\/v2\/users\/2"}],"replies":[{"embeddable":true,"href":"https:\/\/www.europesays.com\/lt\/wp-json\/wp\/v2\/comments?post=25062"}],"version-history":[{"count":0,"href":"https:\/\/www.europesays.com\/lt\/wp-json\/wp\/v2\/posts\/25062\/revisions"}],"wp:featuredmedia":[{"embeddable":true,"href":"https:\/\/www.europesays.com\/lt\/wp-json\/wp\/v2\/media\/25063"}],"wp:attachment":[{"href":"https:\/\/www.europesays.com\/lt\/wp-json\/wp\/v2\/media?parent=25062"}],"wp:term":[{"taxonomy":"category","embeddable":true,"href":"https:\/\/www.europesays.com\/lt\/wp-json\/wp\/v2\/categories?post=25062"},{"taxonomy":"post_tag","embeddable":true,"href":"https:\/\/www.europesays.com\/lt\/wp-json\/wp\/v2\/tags?post=25062"}],"curies":[{"name":"wp","href":"https:\/\/api.w.org\/{rel}","templated":true}]}}