{"id":25066,"date":"2025-10-25T08:57:08","date_gmt":"2025-10-25T08:57:08","guid":{"rendered":"https:\/\/www.europesays.com\/lt\/25066\/"},"modified":"2025-10-25T08:57:08","modified_gmt":"2025-10-25T08:57:08","slug":"sutemus-katerio-savininkas-su-draugu-iskrito-i-vandeni-vienam-pavyko-issigelbeti","status":"publish","type":"post","link":"https:\/\/www.europesays.com\/lt\/25066\/","title":{"rendered":"sutemus katerio savininkas su draugu i\u0161krito \u012f vanden\u012f, vienam pavyko i\u0161sigelb\u0117ti"},"content":{"rendered":"<p>30 met\u0173 vyrui pavyko i\u0161sigelb\u0117ti. Pasiek\u0119s krant\u0105, jis skubiai i\u0161kviet\u0117 pagalb\u0105 \u2013 atvyko ugniagesiai gelb\u0117tojai, policija ir medikai.<\/p>\n<p>Tuo tarpu katerio savininko, 51 met\u0173 vyro, rasti iki \u0161iol nepavyksta.<\/p>\n<p>Laive gal\u0117jo b\u016bti vartojami alkoholiniai g\u0117rimai. I\u0161sigelb\u0117jusiam vyrui nustatytas lengvas girtumo laipsnis (1,14 prom.).<\/p>\n<p>Taurag\u0117s apskrities vyriausiojo policijos komisariato Komunikacijos poskyrio vyriausioji specialist\u0117 Lina Banien\u0117 pirminiai paie\u0161kos veiksmai, kiek leido oro s\u0105lygos, buvo atlikti t\u0105 pat\u012f vakar\u0105.<\/p>\n<p>Ta\u010diau gelb\u0117toj\u0173 darb\u0105 smarkiai apsunkino tamsus paros metas.<\/p>\n<p>Pasak L. Banien\u0117s, \u0161e\u0161tadienio ryt\u0105 paie\u0161ka yra t\u0119siama \u2013 atvyko Valstyb\u0117s sienos apsaugos pareig\u016bnai, ugniagesi\u0173 tarnybos narai.<\/p>\n<p>K\u016bno aptikti kol kas nepavyksta.<\/p>\n<p>Prad\u0117tas ikiteisminis tyrimas d\u0117l dingusio be \u017einios vyro paie\u0161kos.<\/p>\n","protected":false},"excerpt":{"rendered":"30 met\u0173 vyrui pavyko i\u0161sigelb\u0117ti. Pasiek\u0119s krant\u0105, jis skubiai i\u0161kviet\u0117 pagalb\u0105 \u2013 atvyko ugniagesiai gelb\u0117tojai, policija ir medikai.&hellip;\n","protected":false},"author":2,"featured_media":25067,"comment_status":"","ping_status":"","sticky":false,"template":"","format":"standard","meta":{"footnotes":""},"categories":[13],"tags":[25,30,31,34,35,24,32,33,37,39,36,38,40,23,22,28,29,26,27],"class_list":{"0":"post-25066","1":"post","2":"type-post","3":"status-publish","4":"format-standard","5":"has-post-thumbnail","7":"category-lietuva","8":"tag-antrastes","9":"tag-breaking-news","10":"tag-breakingnews","11":"tag-featured-news","12":"tag-featurednews","13":"tag-headlines","14":"tag-latest-news","15":"tag-latestnews","16":"tag-lietuva","17":"tag-lietuviu","18":"tag-lithuania","19":"tag-lithuanian","20":"tag-lt","21":"tag-naujienos","22":"tag-news","23":"tag-populiariausios-naujienos","24":"tag-populiariausiosnaujienos","25":"tag-top-stories","26":"tag-topstories"},"share_on_mastodon":{"url":"https:\/\/pubeurope.com\/@lt\/115433979459117825","error":""},"_links":{"self":[{"href":"https:\/\/www.europesays.com\/lt\/wp-json\/wp\/v2\/posts\/25066","targetHints":{"allow":["GET"]}}],"collection":[{"href":"https:\/\/www.europesays.com\/lt\/wp-json\/wp\/v2\/posts"}],"about":[{"href":"https:\/\/www.europesays.com\/lt\/wp-json\/wp\/v2\/types\/post"}],"author":[{"embeddable":true,"href":"https:\/\/www.europesays.com\/lt\/wp-json\/wp\/v2\/users\/2"}],"replies":[{"embeddable":true,"href":"https:\/\/www.europesays.com\/lt\/wp-json\/wp\/v2\/comments?post=25066"}],"version-history":[{"count":0,"href":"https:\/\/www.europesays.com\/lt\/wp-json\/wp\/v2\/posts\/25066\/revisions"}],"wp:featuredmedia":[{"embeddable":true,"href":"https:\/\/www.europesays.com\/lt\/wp-json\/wp\/v2\/media\/25067"}],"wp:attachment":[{"href":"https:\/\/www.europesays.com\/lt\/wp-json\/wp\/v2\/media?parent=25066"}],"wp:term":[{"taxonomy":"category","embeddable":true,"href":"https:\/\/www.europesays.com\/lt\/wp-json\/wp\/v2\/categories?post=25066"},{"taxonomy":"post_tag","embeddable":true,"href":"https:\/\/www.europesays.com\/lt\/wp-json\/wp\/v2\/tags?post=25066"}],"curies":[{"name":"wp","href":"https:\/\/api.w.org\/{rel}","templated":true}]}}