{"id":25070,"date":"2025-10-25T09:02:15","date_gmt":"2025-10-25T09:02:15","guid":{"rendered":"https:\/\/www.europesays.com\/lt\/25070\/"},"modified":"2025-10-25T09:02:15","modified_gmt":"2025-10-25T09:02:15","slug":"jav-siuncia-didziausiu-pasaulyje-vadinama-lektuvnesi-i-karibu-jura-trumpui-didinant-spaudima-venesuelai","status":"publish","type":"post","link":"https:\/\/www.europesays.com\/lt\/25070\/","title":{"rendered":"JAV siun\u010dia \u201edid\u017eiausiu pasaulyje\u201c vadinam\u0105 l\u0117ktuvne\u0161\u012f \u012f Karib\u0173 j\u016br\u0105, Trumpui didinant spaudim\u0105 Venesuelai"},"content":{"rendered":"<p>\u201eGerald R. Ford\u201c smogiamoji grup\u0117 ir jos oro sparnas siun\u010diami \u201eardyti tarptautines nusikalstamas organizacijas ir kovoti su narkoterrorizmu\u201c, teigiama Pentagono spaudos sekretoriaus Seano Parnello prane\u0161ime, paskelbtame platformoje X.<\/p>\n<p>\u201eFord\u201c grup\u0117 spalio 21 dien\u0105 sustojo prie Splito uosto Kroatijoje. Tai rei\u0161kia, kad laivai yra daugiau nei u\u017e 8 000 km nuo Karib\u0173 j\u016bros, tod\u0117l prireiks keli\u0173 dien\u0173, kol jie pasieks pad\u0117t\u012f, i\u0161 kurios gal\u0117t\u0173 prad\u0117ti sm\u016bgius, ai\u0161kina CNN.<\/p>\n<p>Did\u0117jantis JAV paj\u0117g\u0173 telkimas suk\u0117l\u0117 klausim\u0173 d\u0117l Trumpo administracijos ketinim\u0173 \u0161iame regione. Administracija ne kart\u0105 teig\u0117, kad karinis buvimas yra dalis kovos su narkotik\u0173 kontrabanda kampanijos, ta\u010diau, kaip prane\u0161a CNN, prezidentas Donaldas Trumpas taip pat svarst\u0117 galimus sm\u016bgius pa\u010dios Venesuelos teritorijoje kaip dal\u012f platesn\u0117s strategijos, siekiant susilpninti \u0161alies lyder\u012f Nicolas\u0105 Madur\u0105.<\/p>\n<p>\u201eFord\u201c, pirmasis tokio tipo l\u0117ktuvne\u0161is, JAV karinio j\u016br\u0173 laivyno vadinamas did\u017eiausiu kada nors pastatytu karo laivu pasaulyje.<\/p>\n<p>Hegsethas penktadienio ryt\u0105 prane\u0161\u0117, kad JAV per nakt\u012f sureng\u0117 sm\u016bg\u012f prie\u0161 laiv\u0105, kuris, pasak jo, priklaus\u0117 narkotik\u0173 karteliui ir gabeno narkotikus Karib\u0173 j\u016broje.<\/p>\n<p>Per \u0161\u012f sm\u016bg\u012f, kurio metu, pasak Hegsetho, \u017euvo \u0161e\u0161i \u017emon\u0117s, bendras nukreipt\u0173 laiv\u0173 skai\u010dius i\u0161augo iki 10, o \u017euvusi\u0173j\u0173 \u2013 iki 43 nuo tada, kai JAV pra\u0117jus\u012f m\u0117nes\u012f prad\u0117jo savo kampanij\u0105.<\/p>\n","protected":false},"excerpt":{"rendered":"\u201eGerald R. Ford\u201c smogiamoji grup\u0117 ir jos oro sparnas siun\u010diami \u201eardyti tarptautines nusikalstamas organizacijas ir kovoti su narkoterrorizmu\u201c,&hellip;\n","protected":false},"author":2,"featured_media":25071,"comment_status":"","ping_status":"","sticky":false,"template":"","format":"standard","meta":{"footnotes":""},"categories":[15],"tags":[25,30,31,34,35,24,32,33,37,39,36,38,40,23,22,44,28,29,26,27,74,75,76],"class_list":{"0":"post-25070","1":"post","2":"type-post","3":"status-publish","4":"format-standard","5":"has-post-thumbnail","7":"category-pasaulis","8":"tag-antrastes","9":"tag-breaking-news","10":"tag-breakingnews","11":"tag-featured-news","12":"tag-featurednews","13":"tag-headlines","14":"tag-latest-news","15":"tag-latestnews","16":"tag-lietuva","17":"tag-lietuviu","18":"tag-lithuania","19":"tag-lithuanian","20":"tag-lt","21":"tag-naujienos","22":"tag-news","23":"tag-pasaulis","24":"tag-populiariausios-naujienos","25":"tag-populiariausiosnaujienos","26":"tag-top-stories","27":"tag-topstories","28":"tag-world","29":"tag-world-news","30":"tag-worldnews"},"share_on_mastodon":{"url":"https:\/\/pubeurope.com\/@lt\/115433999247572397","error":""},"_links":{"self":[{"href":"https:\/\/www.europesays.com\/lt\/wp-json\/wp\/v2\/posts\/25070","targetHints":{"allow":["GET"]}}],"collection":[{"href":"https:\/\/www.europesays.com\/lt\/wp-json\/wp\/v2\/posts"}],"about":[{"href":"https:\/\/www.europesays.com\/lt\/wp-json\/wp\/v2\/types\/post"}],"author":[{"embeddable":true,"href":"https:\/\/www.europesays.com\/lt\/wp-json\/wp\/v2\/users\/2"}],"replies":[{"embeddable":true,"href":"https:\/\/www.europesays.com\/lt\/wp-json\/wp\/v2\/comments?post=25070"}],"version-history":[{"count":0,"href":"https:\/\/www.europesays.com\/lt\/wp-json\/wp\/v2\/posts\/25070\/revisions"}],"wp:featuredmedia":[{"embeddable":true,"href":"https:\/\/www.europesays.com\/lt\/wp-json\/wp\/v2\/media\/25071"}],"wp:attachment":[{"href":"https:\/\/www.europesays.com\/lt\/wp-json\/wp\/v2\/media?parent=25070"}],"wp:term":[{"taxonomy":"category","embeddable":true,"href":"https:\/\/www.europesays.com\/lt\/wp-json\/wp\/v2\/categories?post=25070"},{"taxonomy":"post_tag","embeddable":true,"href":"https:\/\/www.europesays.com\/lt\/wp-json\/wp\/v2\/tags?post=25070"}],"curies":[{"name":"wp","href":"https:\/\/api.w.org\/{rel}","templated":true}]}}