{"id":25078,"date":"2025-10-25T09:10:14","date_gmt":"2025-10-25T09:10:14","guid":{"rendered":"https:\/\/www.europesays.com\/lt\/25078\/"},"modified":"2025-10-25T09:10:14","modified_gmt":"2025-10-25T09:10:14","slug":"baigtas-statyti-88-mln-euru-vertes-logistikos-centras-kauno-lez-kas-vyksta-kaune","status":"publish","type":"post","link":"https:\/\/www.europesays.com\/lt\/25078\/","title":{"rendered":"Baigtas statyti 8,8 mln. eur\u0173 vert\u0117s logistikos centras Kauno LEZ \u2013 Kas vyksta Kaune"},"content":{"rendered":"<p>Statyb\u0173 bendrov\u0117 \u201eYIT Lietuva\u201c baig\u0117 statyti 8,8 mln. eur\u0173 vert\u0117s Suomijos kapitalo prekybos bendrov\u0117s \u201eOnninen\u201c logistikos centr\u0105 Kauno laisvojoje ekonomin\u0117je zonoje (LEZ), prane\u0161\u0117 \u012fmon\u0117s. <\/p>\n<p>\u201eKauno LEZ tampa vis svarbesniu traukos ta\u0161ku logistikos \u012fmon\u0117ms\u201c, \u2013 prane\u0161ime teig\u0117 \u201eYIT Lietuvos\u201c generalinis direktorius K\u0119stutis Vanagas. <\/p>\n<p>Naujas 6,9 t\u016bkst. kv. metr\u0173 ploto vieno auk\u0161to pastate Gamybos g. 9, Ramu\u010diuose yra 6,5 t\u016bkst. kv. metr\u0173 sand\u0117liavimo ir apie 400 kv. metr\u0173 administracini\u0173 patalp\u0173. <\/p>\n<p>Aplinkos apsaugos agent\u016brai pateiktoje \u201eOnninen\u201c informacijoje nurodoma, kad vienu metu naujame sand\u0117lyje b\u016bt\u0173 galima laikyti iki 4 t\u016bkst. ton\u0173 produkcijos, lauke \u2013 dar apie 1 t\u016bkst. ton\u0173. <\/p>\n<p>\u0160alia \u012frengta 35 viet\u0173 automobili\u0173 aik\u0161tel\u0117, numatytos elektromobili\u0173 \u012fkrovimo stotel\u0117s, taip pat aik\u0161tel\u0117 krovinini\u0173 automobili\u0173 manevravimui bei metalo gamini\u0173 sand\u0117liavimui. <\/p>\n<p>Kaip \u0161i\u0173 met\u0173 prad\u017eioje ra\u0161\u0117 BNS, naujame logistikos centre planuojama sukurti 20 nauj\u0173 darbo viet\u0173.<\/p>\n<p>Statybos darbai truko nuo \u0161i\u0173 met\u0173 sausio. Logistikos centr\u0105 projektavo \u0160ar\u016bno Kiaun\u0117s projektavimo studija.<\/p>\n<p>\u201eOnninen\u201c 2024 metais gavo 29,8 mln. eur\u0173 pajam\u0173 \u2013 8 proc. ma\u017eiau nei 2023 metais (32,5 mln. eur\u0173.), ji u\u017edirbo 6 t\u016bkst. eur\u0173 grynojo pelno \u2013 beveik 80 kart\u0173 ma\u017eiau (461 t\u016bkst. eur\u0173).  <\/p>\n","protected":false},"excerpt":{"rendered":"Statyb\u0173 bendrov\u0117 \u201eYIT Lietuva\u201c baig\u0117 statyti 8,8 mln. eur\u0173 vert\u0117s Suomijos kapitalo prekybos bendrov\u0117s \u201eOnninen\u201c logistikos centr\u0105 Kauno&hellip;\n","protected":false},"author":2,"featured_media":25079,"comment_status":"","ping_status":"","sticky":false,"template":"","format":"standard","meta":{"footnotes":""},"categories":[13],"tags":[25,30,31,34,35,24,32,33,37,39,36,38,40,23,22,28,29,26,27],"class_list":{"0":"post-25078","1":"post","2":"type-post","3":"status-publish","4":"format-standard","5":"has-post-thumbnail","7":"category-lietuva","8":"tag-antrastes","9":"tag-breaking-news","10":"tag-breakingnews","11":"tag-featured-news","12":"tag-featurednews","13":"tag-headlines","14":"tag-latest-news","15":"tag-latestnews","16":"tag-lietuva","17":"tag-lietuviu","18":"tag-lithuania","19":"tag-lithuanian","20":"tag-lt","21":"tag-naujienos","22":"tag-news","23":"tag-populiariausios-naujienos","24":"tag-populiariausiosnaujienos","25":"tag-top-stories","26":"tag-topstories"},"share_on_mastodon":{"url":"https:\/\/pubeurope.com\/@lt\/115434030535081816","error":""},"_links":{"self":[{"href":"https:\/\/www.europesays.com\/lt\/wp-json\/wp\/v2\/posts\/25078","targetHints":{"allow":["GET"]}}],"collection":[{"href":"https:\/\/www.europesays.com\/lt\/wp-json\/wp\/v2\/posts"}],"about":[{"href":"https:\/\/www.europesays.com\/lt\/wp-json\/wp\/v2\/types\/post"}],"author":[{"embeddable":true,"href":"https:\/\/www.europesays.com\/lt\/wp-json\/wp\/v2\/users\/2"}],"replies":[{"embeddable":true,"href":"https:\/\/www.europesays.com\/lt\/wp-json\/wp\/v2\/comments?post=25078"}],"version-history":[{"count":0,"href":"https:\/\/www.europesays.com\/lt\/wp-json\/wp\/v2\/posts\/25078\/revisions"}],"wp:featuredmedia":[{"embeddable":true,"href":"https:\/\/www.europesays.com\/lt\/wp-json\/wp\/v2\/media\/25079"}],"wp:attachment":[{"href":"https:\/\/www.europesays.com\/lt\/wp-json\/wp\/v2\/media?parent=25078"}],"wp:term":[{"taxonomy":"category","embeddable":true,"href":"https:\/\/www.europesays.com\/lt\/wp-json\/wp\/v2\/categories?post=25078"},{"taxonomy":"post_tag","embeddable":true,"href":"https:\/\/www.europesays.com\/lt\/wp-json\/wp\/v2\/tags?post=25078"}],"curies":[{"name":"wp","href":"https:\/\/api.w.org\/{rel}","templated":true}]}}