{"id":25086,"date":"2025-10-25T09:19:15","date_gmt":"2025-10-25T09:19:15","guid":{"rendered":"https:\/\/www.europesays.com\/lt\/25086\/"},"modified":"2025-10-25T09:19:15","modified_gmt":"2025-10-25T09:19:15","slug":"be-atamano-likusiai-panathinaikos-komandai-kirtis-nuo-virtus-krepsininku-sportas-lt","status":"publish","type":"post","link":"https:\/\/www.europesays.com\/lt\/25086\/","title":{"rendered":"Be Atamano likusiai \u201ePanathinaikos\u201c komandai \u2013 kirtis nuo \u201eVirtus\u201c krep\u0161inink\u0173 &#8211; Sportas.lt"},"content":{"rendered":"<ol>\n<li><a href=\"https:\/\/news.google.com\/rss\/articles\/CBMilgFBVV95cUxPNnRKVmxrVlJrMHNLZjN3Q3o4QzlzdkFQR2lUS3lVNVlka0w4SHMzV25RaEhhekdjazZVZV80Nnk5MEltYTF2VjZhQkYtUjd6N1h3bXFSRmtBcEJTd0EwYWdkYWxmLWFOTjhRcXdEcURPemRNOW9vbllSNFJaUkpUQlNmTHk3ck96R3VWZ29tM0FQOW9fTFE?oc=5\" target=\"_blank\" rel=\"nofollow noopener\">Be Atamano likusiai \u201ePanathinaikos\u201c komandai \u2013 kirtis nuo \u201eVirtus\u201c krep\u0161inink\u0173<\/a>&nbsp;&nbsp;Sportas.lt<\/li>\n<li><a href=\"https:\/\/news.google.com\/rss\/articles\/CBMimAFBVV95cUxORDJZanlpNW5FOHF2X0NMUlZOd1hfZnpWcWR5SVBtOUZSa0tENEk1Y0lEbTB5LXZxWXZkbVNIMmt2VlBYNVk5ZFVoY0NTUFRkcG5WS3VuWjV6UDRoTlNjVF9GV3RoRzJ3a3phbHdiaEJaTGFPUWV4cFFQbGtIRktETk1EaWdOb3NSWWZfWFJXYTVkTHVLbGlkbQ?oc=5\" target=\"_blank\" rel=\"nofollow noopener\">Netik\u0117tumas: \u201eVirtus\u201c surakino be Atamano likusi\u0105 PAO \/ Naujienos<\/a>&nbsp;&nbsp;BasketNews.lt<\/li>\n<li><a href=\"https:\/\/news.google.com\/rss\/articles\/CBMiswFBVV95cUxQckZwc2dXRkgyS1FET0VKYXZFZDlSenJQM3FkSU9LZGxEXzVjenlYTWFRdUczMVFqY1hmdHowVDVPS0Z5ZVltVVBGQ0NMVG11U0RKZzF0ZFRZODJKQVF4Tk5Kc3dYTzJhOGVLM3dXV0d3eElFYU9aYnFBb3p3djgwMU1VZ1hBaGkzYS1FS2g2VUQ5dl9MYk1NR1QweDR0S0lqaEtDaEdoNjlGSk1MSlczTkxkWQ?oc=5\" target=\"_blank\" rel=\"nofollow noopener\">\u201ePanathinaikos\u201c treneris pa\u0161\u0117lo ir buvo i\u0161varytas, o PAO \u2013 joki\u0173 \u0161ans\u0173 Bolonijoje<\/a>&nbsp;&nbsp;Lrytas<\/li>\n<li><a href=\"https:\/\/news.google.com\/rss\/articles\/CBMiqAFBVV95cUxOVV9VNk1Mczh5Ymx1VUU0UmlXLWF6d2hoLUl4QWRsM2lVcGRzZXdmSzFfM2VmcVZyRGV1dHZrZDlRQi1mNV90b0FkU0xXMmY3YUFJVkR2TXBJS2R2WlBrNHFFSmVBVWtEb2s5M1VRYU9DYm9GOHR3U242OC1KR1VpSl9wVy1KNHRiNTd5YlhTV01ITG5HR2Y0TG1ZeUQ4eDU4NFJwejVwMEo?oc=5\" target=\"_blank\" rel=\"nofollow noopener\">Atamanas \u2013 i\u0161varytas, o \u201ePanathinaikos\u201c netur\u0117jo \u0161ans\u0173 Bolonijoje<\/a>&nbsp;&nbsp;tv3.lt<\/li>\n<li><a href=\"https:\/\/news.google.com\/rss\/articles\/CBMi0AFBVV95cUxOX3VsWDZlcVN1bkxUTllCakUxZ0tVU1NLa0M1bnZBeFZfc2c4OEFmMk9PVFJITTI0MGd4YWdPSTI4aHoyd2ZrbGZSSUVMV1cxaklkNEJZTHNZVGhIVXhFTUFodnRvZkItWERsSW5XU3c3QjV0NkoyYjBDRk9SM3R3bmNGbzM1T0hpd1FpdFJpRGFRbFh4ZW1tNHNXMnBkemNQQ3ZiS00yMXUwNFkxQWd6TmVoSnJ4T3ZiTXFRVVNJbnliVjVSeHBJTEt4X3UzQm5Y?oc=5\" target=\"_blank\" rel=\"nofollow noopener\">Trij\u0173 PAO pergali\u0173 serij\u0105 Eurolygoje nutrauk\u0117 tre\u010di\u0105syk paeiliui laim\u0117jusi \u201eVirtus\u201c ekipa<\/a>&nbsp;&nbsp;LRT<\/li>\n<\/ol>\n","protected":false},"excerpt":{"rendered":"Be Atamano likusiai \u201ePanathinaikos\u201c komandai \u2013 kirtis nuo \u201eVirtus\u201c krep\u0161inink\u0173&nbsp;&nbsp;Sportas.lt Netik\u0117tumas: \u201eVirtus\u201c surakino be Atamano likusi\u0105 PAO \/&hellip;\n","protected":false},"author":2,"featured_media":25087,"comment_status":"","ping_status":"","sticky":false,"template":"","format":"standard","meta":{"footnotes":""},"categories":[19],"tags":[57,43,55,48,54,51,49,50,37,39,36,38,40,45,23,44,53,42,56,47,112,104,46,58,52],"class_list":{"0":"post-25086","1":"post","2":"type-post","3":"status-publish","4":"format-standard","5":"has-post-thumbnail","7":"category-sportas","8":"tag-daiktai","9":"tag-dienos-kronika","10":"tag-gatves-tekstai","11":"tag-gyvenimas","12":"tag-interneto-pievos","13":"tag-keliones","14":"tag-kultura","15":"tag-laisvalaikis","16":"tag-lietuva","17":"tag-lietuviu","18":"tag-lithuania","19":"tag-lithuanian","20":"tag-lt","21":"tag-mokslas-ir-it","22":"tag-naujienos","23":"tag-pasaulis","24":"tag-projektai","25":"tag-rinktiniai-tekstai","26":"tag-simtmecio-portalas","27":"tag-sportas","28":"tag-sportas-lt","29":"tag-sports","30":"tag-verslas","31":"tag-video","32":"tag-zaidimai"},"share_on_mastodon":{"url":"https:\/\/pubeurope.com\/@lt\/115434065963485875","error":""},"_links":{"self":[{"href":"https:\/\/www.europesays.com\/lt\/wp-json\/wp\/v2\/posts\/25086","targetHints":{"allow":["GET"]}}],"collection":[{"href":"https:\/\/www.europesays.com\/lt\/wp-json\/wp\/v2\/posts"}],"about":[{"href":"https:\/\/www.europesays.com\/lt\/wp-json\/wp\/v2\/types\/post"}],"author":[{"embeddable":true,"href":"https:\/\/www.europesays.com\/lt\/wp-json\/wp\/v2\/users\/2"}],"replies":[{"embeddable":true,"href":"https:\/\/www.europesays.com\/lt\/wp-json\/wp\/v2\/comments?post=25086"}],"version-history":[{"count":0,"href":"https:\/\/www.europesays.com\/lt\/wp-json\/wp\/v2\/posts\/25086\/revisions"}],"wp:featuredmedia":[{"embeddable":true,"href":"https:\/\/www.europesays.com\/lt\/wp-json\/wp\/v2\/media\/25087"}],"wp:attachment":[{"href":"https:\/\/www.europesays.com\/lt\/wp-json\/wp\/v2\/media?parent=25086"}],"wp:term":[{"taxonomy":"category","embeddable":true,"href":"https:\/\/www.europesays.com\/lt\/wp-json\/wp\/v2\/categories?post=25086"},{"taxonomy":"post_tag","embeddable":true,"href":"https:\/\/www.europesays.com\/lt\/wp-json\/wp\/v2\/tags?post=25086"}],"curies":[{"name":"wp","href":"https:\/\/api.w.org\/{rel}","templated":true}]}}