{"id":25088,"date":"2025-10-25T09:21:08","date_gmt":"2025-10-25T09:21:08","guid":{"rendered":"https:\/\/www.europesays.com\/lt\/25088\/"},"modified":"2025-10-25T09:21:08","modified_gmt":"2025-10-25T09:21:08","slug":"venesuelos-prezidentas-apie-kariu-dislokavima-jav-dirbtinai-kuria-kara","status":"publish","type":"post","link":"https:\/\/www.europesays.com\/lt\/25088\/","title":{"rendered":"Venesuelos prezidentas apie kari\u0173 dislokavim\u0105: JAV dirbtinai kuria kar\u0105"},"content":{"rendered":"<p>\u201eJie dirbtinai kuria nauj\u0105 nesibaigiant\u012f kar\u0105; jie pa\u017ead\u0117jo, kad daugiau niekada ne\u012fsitrauks \u012f kar\u0105, o dabar dirbtinai kuria kar\u0105, kuriam mes ketiname u\u017ekirsti keli\u0105\u201c, \u2013 valstybiniams transliuotojams sak\u0117 N. Maduro.<\/p>\n<p>Penktadien\u012f Pentagonas prane\u0161\u0117, kad Va\u0161ingtonas \u012f kov\u0105 su narkotik\u0173 prekeivi\u0173 organizacijomis Lotyn\u0173 Amerikoje siun\u010dia l\u0117ktuvne\u0161io smogiam\u0105j\u0105 grup\u0119.<\/p>\n<p>Rugs\u0117j\u012f JAV prezidentas Donaldas Trumpas prad\u0117jo karin\u0119 kampanij\u0105, jo teigimu, skirt\u0105 kovoti su \u201enarkoteroristais\u201c, kurios metu Karib\u0173 j\u016bros regione, be kita ko, buvo dislokuota 10 radar\u0173 neaptinkam\u0173 karo l\u0117ktuv\u0173 \u201eF-35\u201c ir a\u0161tuoni JAV karinio j\u016br\u0173 laivyno laivai.<\/p>\n<p>Per sm\u016bgius, kuri\u0173 taikiniais tapo ma\u017eiausiai 10 laiveli\u0173, jau \u017euvo daugiau nei 40 \u017emoni\u0173, kurie, pasak j\u0173 vyriausybi\u0173 ir \u0161eim\u0173, daugiausia buvo civiliai gyventojai, o kai kurie i\u0161 j\u0173 \u2013 j\u016broje \u017evejoj\u0119 \u017evejai.<\/p>\n<p>Va\u0161ingtonas ketvirtadien\u012f paskelb\u0117 apie netoli Venesuelos krant\u0173 vyksian\u010dias bendras karines pratybas su Trinidadu ir Tobagu.<\/p>\n<p>Prane\u0161ime teigiama, kad spalio 26-30 d. Port of Speine prisi\u0161vartuos eskadrinis minininkas \u201eUSS Gravely\u201c, o JAV j\u016br\u0173 p\u0117stinink\u0173 kontingentas kartu su Trinidado ir Tobago gynybos paj\u0117gomis dalyvaus bendruose mokymuose.<\/p>\n","protected":false},"excerpt":{"rendered":"\u201eJie dirbtinai kuria nauj\u0105 nesibaigiant\u012f kar\u0105; jie pa\u017ead\u0117jo, kad daugiau niekada ne\u012fsitrauks \u012f kar\u0105, o dabar dirbtinai kuria&hellip;\n","protected":false},"author":2,"featured_media":25089,"comment_status":"","ping_status":"","sticky":false,"template":"","format":"standard","meta":{"footnotes":""},"categories":[15],"tags":[25,30,31,3346,34,35,24,32,33,37,39,36,38,40,23,22,695,44,28,29,26,27,74,75,76],"class_list":{"0":"post-25088","1":"post","2":"type-post","3":"status-publish","4":"format-standard","5":"has-post-thumbnail","7":"category-pasaulis","8":"tag-antrastes","9":"tag-breaking-news","10":"tag-breakingnews","11":"tag-elta-uzsienio-naujiena","12":"tag-featured-news","13":"tag-featurednews","14":"tag-headlines","15":"tag-latest-news","16":"tag-latestnews","17":"tag-lietuva","18":"tag-lietuviu","19":"tag-lithuania","20":"tag-lithuanian","21":"tag-lt","22":"tag-naujienos","23":"tag-news","24":"tag-nicolas-maduro","25":"tag-pasaulis","26":"tag-populiariausios-naujienos","27":"tag-populiariausiosnaujienos","28":"tag-top-stories","29":"tag-topstories","30":"tag-world","31":"tag-world-news","32":"tag-worldnews"},"share_on_mastodon":{"url":"https:\/\/pubeurope.com\/@lt\/115434073802346376","error":""},"_links":{"self":[{"href":"https:\/\/www.europesays.com\/lt\/wp-json\/wp\/v2\/posts\/25088","targetHints":{"allow":["GET"]}}],"collection":[{"href":"https:\/\/www.europesays.com\/lt\/wp-json\/wp\/v2\/posts"}],"about":[{"href":"https:\/\/www.europesays.com\/lt\/wp-json\/wp\/v2\/types\/post"}],"author":[{"embeddable":true,"href":"https:\/\/www.europesays.com\/lt\/wp-json\/wp\/v2\/users\/2"}],"replies":[{"embeddable":true,"href":"https:\/\/www.europesays.com\/lt\/wp-json\/wp\/v2\/comments?post=25088"}],"version-history":[{"count":0,"href":"https:\/\/www.europesays.com\/lt\/wp-json\/wp\/v2\/posts\/25088\/revisions"}],"wp:featuredmedia":[{"embeddable":true,"href":"https:\/\/www.europesays.com\/lt\/wp-json\/wp\/v2\/media\/25089"}],"wp:attachment":[{"href":"https:\/\/www.europesays.com\/lt\/wp-json\/wp\/v2\/media?parent=25088"}],"wp:term":[{"taxonomy":"category","embeddable":true,"href":"https:\/\/www.europesays.com\/lt\/wp-json\/wp\/v2\/categories?post=25088"},{"taxonomy":"post_tag","embeddable":true,"href":"https:\/\/www.europesays.com\/lt\/wp-json\/wp\/v2\/tags?post=25088"}],"curies":[{"name":"wp","href":"https:\/\/api.w.org\/{rel}","templated":true}]}}