{"id":25094,"date":"2025-10-25T09:31:13","date_gmt":"2025-10-25T09:31:13","guid":{"rendered":"https:\/\/www.europesays.com\/lt\/25094\/"},"modified":"2025-10-25T09:31:13","modified_gmt":"2025-10-25T09:31:13","slug":"legia-chuliganai-sukele-skandala-pasisavino-vilniu-ir-lviva","status":"publish","type":"post","link":"https:\/\/www.europesays.com\/lt\/25094\/","title":{"rendered":"\u201eLegia\u201c chuliganai suk\u0117l\u0117 skandal\u0105: \u201epasisavino\u201c Vilni\u0173 ir Lviv\u0105"},"content":{"rendered":"<p>&#13;<br \/>\n&#13;<\/p>\n<p>                                            <a class=\"zoom-img\" data-fancybox=\"gallery\" href=\"https:\/\/www.europesays.com\/lt\/wp-content\/uploads\/2025\/10\/30709.jpg\" data-caption=\"\">&#13;<br \/>\n                            &#13;<br \/>\n                            <img decoding=\"async\" src=\"https:\/\/www.europesays.com\/lt\/wp-content\/uploads\/2025\/10\/30709.jpg\" alt=\"\u201eLegia\u201c chuliganai suk\u0117l\u0117 skandal\u0105: \u201epasisavino\u201c Vilni\u0173 ir Lviv\u0105\"\/>&#13;<br \/>\n                        <\/a><\/p>\n<p>                    &#13;<br \/>\n                                                    2025-10-24 12:52&#13;<\/p>\n<p>            &#13;<br \/>\n&#13;<br \/>\n            &#13;<\/p>\n<p>Var\u0161uvos \u201eLegia\u201c ekipos gerb\u0117jai gars\u0117ja ne tik savo \u012fsp\u016bdingais pirotechnikos \u0161ou.<\/p>\n<p>Vakaryk\u0161\u010diame UEFA Konferencij\u0173 lygos ma\u010de lenk\u0173 klubo chuliganai sugeb\u0117jo sukelti skandal\u0105.<\/p>\n<p>&#13;<br \/>\n&#13;<br \/>\n                            &#13;<br \/>\n            &#13;<\/p>\n<p>Krokuvoje vykusiame susitikime prie\u0161 Donecko \u201e\u0160achtar\u201c ekip\u0105 ultros i\u0161k\u0117l\u0117 plakat\u0105, kuriame teig\u0117, kad Vilnius bei Ukrainos miestas Lvivas priklauso Lenkijai.<\/p>\n<p>\u0160is poelgis priblo\u0161k\u0117 lenk\u0173 \u017eurnalistus, kurie savo straipsniuose pasmerk\u0117 tok\u012f poelg\u012f.<\/p>\n<p>Rungtynes 2:1 laim\u0117jo \u201eLegia\u201c komanda.<\/p>\n<blockquote class=\"twitter-tweet\" data-media-max-width=\"560\">\n<p lang=\"en\" dir=\"ltr\">\ud83d\ude21 Polish Ultras Claim Lviv as \u201cPolish\u201d \u2014 Scandal Erupts at Shakhtar\u2013Legia Match<\/p>\n<p>During the Shakhtar\u2013Legia match in Warsaw (UEFA Conference League), Polish ultras displayed a banner depicting Lviv as part of Poland, wrapped in national symbols.<\/p>\n<p>The provocation immediately\u2026 <a href=\"https:\/\/t.co\/8kmoZuWC31\" rel=\"nofollow\">pic.twitter.com\/8kmoZuWC31<\/a><\/p>\n<p>  \u2014 Devana \ud83c\uddfa\ud83c\udde6 (@DevanaUkraine) <a href=\"https:\/\/twitter.com\/DevanaUkraine\/status\/1981449337356927210?ref_src=twsrc%5Etfw\" rel=\"nofollow noopener\" target=\"_blank\">October 23, 2025<\/a><\/p><\/blockquote>\n<blockquote class=\"twitter-tweet\" data-media-max-width=\"560\">\n<p lang=\"pl\" dir=\"ltr\">Na meczu Legia &#8211; Szachtar pojawi\u0142a si\u0119 podobno flaga Polski z napisem &#8222;Lw\u00f3w&#8221;. Ostatnio w trakcie spotkania Polska &#8211; Litwa kibice skandowali has\u0142o &#8222;Polskie Wilno&#8221;.<\/p>\n<p>Ciekawi mnie, jaka by by\u0142a ich reakcja, gdyby niemieccy fani zacz\u0119li \u015bpiewa\u0107 o ich Breslau, Stettinie czy Danzig. <a href=\"https:\/\/t.co\/Va47eTpDBJ\" rel=\"nofollow\">pic.twitter.com\/Va47eTpDBJ<\/a><\/p>\n<p>  \u2014 Bart\u0142omiej Banasiewicz (@babanasiewicz) <a href=\"https:\/\/twitter.com\/babanasiewicz\/status\/1981426640744812898?ref_src=twsrc%5Etfw\" rel=\"nofollow noopener\" target=\"_blank\">October 23, 2025<\/a><\/p><\/blockquote>\n<p>  &#13;<br \/>\n&#13;<br \/>\n            &#13;<br \/>\n            &#13;<br \/>\n        <script async src=\"https:\/\/platform.twitter.com\/widgets.js\" charset=\"utf-8\"><\/script><\/p>\n","protected":false},"excerpt":{"rendered":"&#13; &#13; &#13; &#13; &#13; &#13; 2025-10-24 12:52&#13; &#13; &#13; &#13; Var\u0161uvos \u201eLegia\u201c ekipos gerb\u0117jai gars\u0117ja ne tik&hellip;\n","protected":false},"author":2,"featured_media":25095,"comment_status":"","ping_status":"","sticky":false,"template":"","format":"standard","meta":{"footnotes":""},"categories":[19],"tags":[37,39,36,38,40,47,104],"class_list":{"0":"post-25094","1":"post","2":"type-post","3":"status-publish","4":"format-standard","5":"has-post-thumbnail","7":"category-sportas","8":"tag-lietuva","9":"tag-lietuviu","10":"tag-lithuania","11":"tag-lithuanian","12":"tag-lt","13":"tag-sportas","14":"tag-sports"},"share_on_mastodon":{"url":"https:\/\/pubeurope.com\/@lt\/115434113161903653","error":""},"_links":{"self":[{"href":"https:\/\/www.europesays.com\/lt\/wp-json\/wp\/v2\/posts\/25094","targetHints":{"allow":["GET"]}}],"collection":[{"href":"https:\/\/www.europesays.com\/lt\/wp-json\/wp\/v2\/posts"}],"about":[{"href":"https:\/\/www.europesays.com\/lt\/wp-json\/wp\/v2\/types\/post"}],"author":[{"embeddable":true,"href":"https:\/\/www.europesays.com\/lt\/wp-json\/wp\/v2\/users\/2"}],"replies":[{"embeddable":true,"href":"https:\/\/www.europesays.com\/lt\/wp-json\/wp\/v2\/comments?post=25094"}],"version-history":[{"count":0,"href":"https:\/\/www.europesays.com\/lt\/wp-json\/wp\/v2\/posts\/25094\/revisions"}],"wp:featuredmedia":[{"embeddable":true,"href":"https:\/\/www.europesays.com\/lt\/wp-json\/wp\/v2\/media\/25095"}],"wp:attachment":[{"href":"https:\/\/www.europesays.com\/lt\/wp-json\/wp\/v2\/media?parent=25094"}],"wp:term":[{"taxonomy":"category","embeddable":true,"href":"https:\/\/www.europesays.com\/lt\/wp-json\/wp\/v2\/categories?post=25094"},{"taxonomy":"post_tag","embeddable":true,"href":"https:\/\/www.europesays.com\/lt\/wp-json\/wp\/v2\/tags?post=25094"}],"curies":[{"name":"wp","href":"https:\/\/api.w.org\/{rel}","templated":true}]}}