{"id":250971,"date":"2026-08-11T03:27:09","date_gmt":"2026-08-11T03:27:09","guid":{"rendered":"https:\/\/www.europesays.com\/lt\/250971\/"},"modified":"2026-08-11T03:27:09","modified_gmt":"2026-08-11T03:27:09","slug":"troleibuso-vairuotojas-pasiurpino-keleivius-prapliupo-keiksmais-issigande-zmones-issibegiojo-2","status":"publish","type":"post","link":"https:\/\/www.europesays.com\/lt\/250971\/","title":{"rendered":"Troleibuso vairuotojas pa\u0161iurpino keleivius \u2013 prapliupo keiksmais, i\u0161sigand\u0119 \u017emon\u0117s i\u0161sib\u0117giojo"},"content":{"rendered":"<p>Rugpj\u016b\u010dio 8 d., \u0161e\u0161tadien\u012f, viename i\u0161 Kauno troleibus\u0173 u\u017efiksuotas nemalonus incidentas. \u012e avarin\u0119 situacij\u0105 patek\u0119s vie\u0161ojo transporto <a href=\"https:\/\/kaunas.kasvyksta.lt\/vairuotojas\" title=\"Vairuotojas\" rel=\"nofollow noopener\" target=\"_blank\">vairuotojas<\/a> nesusivald\u0117 ir pratr\u016bko pl\u016bstis. Sutrik\u0119 keleiviai i\u0161klaus\u0117 keiksm\u0173 tirad\u0105, i\u0161sigando ir suskubo sprukti i\u0161 troleibuso pirmoje pasitaikiusioje stotel\u0117je.<\/p>\n<p>Kauno vie\u0161ojo transporto atstovai neslepia, kad \u0161is incidentas \u012fmonei yra \u017einomas, o atsakingi darbuotojai jau sp\u0117jo pabendrauti su vairuotoju. Ai\u0161k\u0117ja, kad jis i\u0161 darbo nebus atleistas, ta\u010diau ilgame\u010diui darbuotojui skirtas \u012fsp\u0117jimas, bus nur\u0117\u017eta ir dalis atlyginimo.<\/p>\n<p>Vairuotojas nesutramd\u0117 emocij\u0173, \u017emon\u0117s i\u0161sigando <\/p>\n<p>Sekmadien\u012f socialiniame tinkle \u201eFacebook\u201c \u017eaibi\u0161kai i\u0161plito vaizdo \u012fra\u0161as, kuriame matyti garsiai \u0161aukiantis vairuotojas. Jis ne tik r\u0117k\u0117, bet ir keik\u0117si. Tiesa, \u0161is \u012fra\u0161as pirmadienio popiet\u0119 jau nebeaktyvus.<\/p>\n<p>\u012era\u0161e buvo teigiama, kad gatv\u0117je buvo sukelta avarin\u0117 situacija \u2013 troleibusui teko staigiai stabdyti, o gale s\u0117d\u0117j\u0119 \u017emon\u0117s nul\u0117k\u0117 nuo s\u0117dyni\u0173.<\/p>\n<p>Imta sp\u0117lioti, kad \u0161i situacija gal\u0117jo i\u0161provokuoti vairuotojo panikos priepuol\u012f, nes i\u0161kart jis \u0117m\u0117 r\u0117kti, keiktis.<\/p>\n<p>Toks vairuotojo elgesys kaip reikiant i\u0161sigando keleivius. Jie \u0117m\u0117 dairytis, o pirmoje pasitaikiusioje stotel\u0117je, kai tik <a href=\"https:\/\/kaunas.kasvyksta.lt\/troleibusas\" title=\"Troleibusas\" rel=\"nofollow noopener\" target=\"_blank\">troleibusas<\/a> sustojo, i\u0161sib\u0117giojo.<\/p>\n<p>Kaip teig\u0117 liudinink\u0117, viena keleiv\u0117 dar sp\u0117jo paskambinti numeriu 112, paai\u0161kino, kad vairuotojui galimai reikia psichologin\u0117s pagalbos.<\/p>\n<p>Vairuotojas gaus \u012fsp\u0117jim\u0105 ir nur\u0117\u0161 dal\u012f algos<\/p>\n<p>Naujien\u0173 portalui Lrytas Kauno policijos pareig\u016bnai perdav\u0117, kad jie rugpj\u016b\u010dio 8 d. apie 14.14 val. i\u0161 ties\u0173 gavo prane\u0161im\u0105, kad Kaune, Raudondvario pl., va\u017eiuojant troleibusu, jo vairuotojas garsiai \u0161auk\u0117.<\/p>\n<p>Ta\u010diau susisiekus su prane\u0161\u0117ja, \u0161i nurod\u0117, kad policijos pagalba nereikalinga, nes pavojus niekam negr\u0117s\u0117.<\/p>\n<p>Kauno vie\u0161ojo transporto vie\u0161\u0173j\u0173 ry\u0161i\u0173 specialist\u0117 Monika Moci\u016bnait\u0117 neslepia, kad minima situacija bendrovei yra \u017einoma.<\/p>\n<p>\u201eVairuotojui va\u017eiuojant mar\u0161rute troleibusu, prie\u0161 pat per\u0117j\u0105 \u012f j\u0105 \u012fva\u017eiavo dviratininkas. Vairuotojui teko staigiai stabdyti, susid\u016brimo pavyko i\u0161vengti. Po incidento vairuotojas pamain\u0105 t\u0119s\u0117\u201c, \u2013 kas tiksliai \u012fvyko \u0161e\u0161tadien\u012f pasakoja M. Moci\u016bnait\u0117.<\/p>\n<p>Bendrov\u0117 d\u0117l \u0161ios situacijos jau prad\u0117jo vidin\u012f tyrim\u0105. Kaip nurodoma, vairuotojas pripa\u017eino netinkamai pasielg\u0119s, d\u0117l savo elgesio gailisi ir atsipra\u0161o.<\/p>\n<p>\u201e\u012evertinus situacij\u0105 ir taikytas priemones, vairuotojas darb\u0105 t\u0119s\u201c, \u2013 tvirtina M. Moci\u016bnait\u0117.<\/p>\n<p>\u201eVairuotojas paai\u0161kino, kad jo toki\u0105 reakcij\u0105 i\u0161provokavo prie\u0161 tai \u012fvykusi pavojinga situacija kelyje. Po \u0161io \u012fvykio jis patyr\u0117 stipr\u0173 emocin\u012f \u0161ok\u0105. Vairuotojo paai\u0161kinimas buvo gautas.<\/p>\n<p>\u012evertinus situacij\u0105, vairuotojui bus pareik\u0161tas ra\u0161ytinis \u012fsp\u0117jimas, taip pat suma\u017einta kintamoji darbo u\u017emokes\u010dio dalis.<\/p>\n<p>Vairuotojo elges\u012f vertiname kaip netinkam\u0105 ir u\u017e j\u012f bus taikomos drausmin\u0117s priemon\u0117s. Ta\u010diau, \u012fvertinus visas incidento aplinkybes, vairuotojo paai\u0161kinim\u0105, jo pripa\u017eint\u0105 atsakomyb\u0119 ir apgailestavim\u0105, nuspr\u0119sta suteikti jam galimyb\u0119 pasitaisyti ir toliau dirbti\u201c, \u2013 atlaid\u017eiai \u012f situacij\u0105 \u017ei\u016bri vairuotojo darbdavys.<\/p>\n<p>M. Moci\u016bnait\u0117 priduria, kad vairuotojas bendrov\u0117je dirba 10 met\u0173. Tiesa, per \u0161\u012f laikotarp\u012f buvo u\u017efiksuotas vienas pana\u0161aus pob\u016bd\u017eio atvejis, susij\u0119s su vairuotojo elgesiu.<\/p>\n","protected":false},"excerpt":{"rendered":"Rugpj\u016b\u010dio 8 d., \u0161e\u0161tadien\u012f, viename i\u0161 Kauno troleibus\u0173 u\u017efiksuotas nemalonus incidentas. \u012e avarin\u0119 situacij\u0105 patek\u0119s vie\u0161ojo transporto vairuotojas&hellip;\n","protected":false},"author":2,"featured_media":250972,"comment_status":"","ping_status":"","sticky":false,"template":"","format":"standard","meta":{"footnotes":"","_share_on_mastodon":"0"},"categories":[6],"tags":[25,30,31,563,34,35,24,1061,32,33,37,39,36,38,40,23,22,28,29,20284,26,27,6845,12093],"class_list":["post-250971","post","type-post","status-publish","format-standard","has-post-thumbnail","category-antrastes","tag-antrastes","tag-breaking-news","tag-breakingnews","tag-eismas","tag-featured-news","tag-featurednews","tag-headlines","tag-kaunas","tag-latest-news","tag-latestnews","tag-lietuva","tag-lietuviu","tag-lithuania","tag-lithuanian","tag-lt","tag-naujienos","tag-news","tag-populiariausios-naujienos","tag-populiariausiosnaujienos","tag-raudondvario-plentas","tag-top-stories","tag-topstories","tag-troleibusas","tag-vairuotojas"],"share_on_mastodon":{"url":"https:\/\/pubeurope.com\/@lt\/117074752010543336","error":""},"_links":{"self":[{"href":"https:\/\/www.europesays.com\/lt\/wp-json\/wp\/v2\/posts\/250971","targetHints":{"allow":["GET"]}}],"collection":[{"href":"https:\/\/www.europesays.com\/lt\/wp-json\/wp\/v2\/posts"}],"about":[{"href":"https:\/\/www.europesays.com\/lt\/wp-json\/wp\/v2\/types\/post"}],"author":[{"embeddable":true,"href":"https:\/\/www.europesays.com\/lt\/wp-json\/wp\/v2\/users\/2"}],"replies":[{"embeddable":true,"href":"https:\/\/www.europesays.com\/lt\/wp-json\/wp\/v2\/comments?post=250971"}],"version-history":[{"count":0,"href":"https:\/\/www.europesays.com\/lt\/wp-json\/wp\/v2\/posts\/250971\/revisions"}],"wp:featuredmedia":[{"embeddable":true,"href":"https:\/\/www.europesays.com\/lt\/wp-json\/wp\/v2\/media\/250972"}],"wp:attachment":[{"href":"https:\/\/www.europesays.com\/lt\/wp-json\/wp\/v2\/media?parent=250971"}],"wp:term":[{"taxonomy":"category","embeddable":true,"href":"https:\/\/www.europesays.com\/lt\/wp-json\/wp\/v2\/categories?post=250971"},{"taxonomy":"post_tag","embeddable":true,"href":"https:\/\/www.europesays.com\/lt\/wp-json\/wp\/v2\/tags?post=250971"}],"curies":[{"name":"wp","href":"https:\/\/api.w.org\/{rel}","templated":true}]}}