{"id":25120,"date":"2025-10-25T10:07:20","date_gmt":"2025-10-25T10:07:20","guid":{"rendered":"https:\/\/www.europesays.com\/lt\/25120\/"},"modified":"2025-10-25T10:07:20","modified_gmt":"2025-10-25T10:07:20","slug":"lvivas-ir-vilnius-lenkijos-legia-ultros-mace-su-ukrainos-ekipa-iskele-skandalinga-veliava","status":"publish","type":"post","link":"https:\/\/www.europesays.com\/lt\/25120\/","title":{"rendered":"\u201eLvivas ir Vilnius \u2013 Lenkijos\u201c: \u201eLegia\u201c ultros ma\u010de su Ukrainos ekipa i\u0161k\u0117l\u0117 skandaling\u0105 v\u0117liav\u0105"},"content":{"rendered":"<p>\u00a0UEFA Konfererencij\u0173 lygos rungtyn\u0117se Var\u0161uvos \u201eLegia\u201c ekipos gerb\u0117jai savo plakatais ir skanduot\u0117mis suk\u0117l\u0117 skandal\u0105, kur\u012f pasmerk\u0117 net ir Lenkijos \u017einiasklaida.<\/p>\n<p>Krokuvoje vykusiame \u201eLegia\u201c ma\u010de su Donecko \u201e\u0160achtar\u201c, Lenkijos klubo ultros pakabino plakat\u0105, kuriame Lenkijos v\u0117liavos spalvose nurodoma, jog Vilnius bei Ukrainos miestas Lvivas priklauso Lenkijai.<\/p>\n<p>Tokia v\u0117liava \u201eLegia\u201c sirgali\u0173 savajame sektoriuje buvo kabinama ir anks\u010diau.<\/p>\n<blockquote class=\"twitter-tweet\">\n<p lang=\"pl\" dir=\"ltr\" xml:lang=\"pl\">Nie podobno a faktycznie i pojawia\u0142a si\u0119 ju\u017c wielokrotnie, nawet w Kijowie w 2014 roku. <a href=\"https:\/\/t.co\/7Bqnwf96gH\" rel=\"nofollow\">pic.twitter.com\/7Bqnwf96gH<\/a><\/p>\n<p>\u2014 \ud83c\uddfa\ud83c\udde6 Weredyk \ud83c\uddf5\ud83c\uddf1 \ud83c\uddf1\ud83c\uddf9 \ud83c\uddec\ud83c\udde7 \ud83c\uddef\ud83c\uddf5 \ud83c\uddea\ud83c\uddea \ud83c\uddf1\ud83c\uddfb \ud83c\udde6\ud83c\uddf4 (@TyMeniNeBrat) <a href=\"https:\/\/twitter.com\/TyMeniNeBrat\/status\/1981622901750022379?ref_src=twsrc%5Etfw\" rel=\"nofollow noopener\" target=\"_blank\">October 24, 2025<\/a><\/p><\/blockquote>\n<p>Kaip ra\u0161o Lenkijos spauda, negana to, prie\u0161 rungtynes \u201eLegia\u201c sirgaliai \u012f stadion\u0105 nor\u0117jo \u012fsine\u0161ti transparant\u0105 su u\u017era\u0161u \u201eVoluin\u0117 \u2013 atsimename\u201c, ta\u010diau Ukrainos klubas nusprend\u0117, kad ji negal\u0117s b\u016bti i\u0161kelta sve\u010di\u0173 sirgali\u0173 sektoriuje. Lenk\u0173 sirgaliai, protestuodami prie\u0161 \u0161\u012f sprendim\u0105, parei\u0161k\u0117, kad apskritai neateis \u012f stadion\u0105. Galiausiai situacija pasikeit\u0117 ir \u201eLegia\u201c sirgaliai pateko \u012f rungtynes bei \u012fsine\u0161\u0117 min\u0117t\u0105 transparant\u0105. Paai\u0161k\u0117jo, kad prie to prisid\u0117jo Krokuvos \u201eWisla\u201c.<\/p>\n<p>\u201eWisla Krakow\u201c yra stadiono, kuriame \u201e\u0160achtar\u201c \u017eaid\u017eia UEFA Konferencij\u0173 lygos rungtynes, \u0161eiminink\u0117. Klubas palaiko gerus santykius su sve\u010diais i\u0161 Ukrainos ir tai buvo panaudota siekiant i\u0161spr\u0119sti min\u0117to transparanto klausim\u0105. Kai kilo pasipiktinimas d\u0117l to, kad \u201e\u0160achtar\u201c vadovams \u0161i v\u0117liava nepatiko, \u201eWisla\u201c atstovai aktyviai \u012fsitrauk\u0117 \u012f situacij\u0105.<\/p>\n<p>Kaip prane\u0161\u0117 portalas \u201eWeszlo\u201c, \u201eWisla\u201c atstovai susisiek\u0117 su \u201e\u0160achtar\u201c atstovais ir \u012ftikino juos, kad transparantas su u\u017era\u0161u \u201eVoluin\u0117 \u2013 atsimename\u201c turi b\u016bti leid\u017eiamas, kadangi tai yra istorin\u0117 tiesa, kurios negalima sl\u0117pti ir kuri niekam nekenkia, o tik konstatuoja fakt\u0105.<\/p>\n<p>\u201ewyborcza.pl\u201c \u017eurnalistas Dariuszas Wolowski ra\u0161o, jog tik\u0117josi, kad \u0161ios rungtyn\u0117s su Ukrainos ekipa bus puiki proga Lenkijos sirgaliams parodyti param\u0105 Ukrainai.<\/p>\n<p>\u201eBuvau labai neteisus, \u2013 ra\u0161\u0117 D. Wolowski. \u2013 \u201eJie nusprend\u0117, kad kai Rusijos bombos krenta ant Lvivo, tai puikus momentas priminti ukrainie\u010diams, kad tai yra Lenkijos miestas.\u201c<\/p>\n<blockquote class=\"twitter-tweet\">\n<p lang=\"pl\" dir=\"ltr\" xml:lang=\"pl\">Flaga zn\u00f3w jest, chyba ju\u017c na sta\u0142e, wype\u0142ni roz\u0142o\u017cona <a href=\"https:\/\/t.co\/GxAyO4JCpQ\" rel=\"nofollow\">https:\/\/t.co\/GxAyO4JCpQ<\/a> <a href=\"https:\/\/t.co\/CCXqgg3FVe\" rel=\"nofollow\">pic.twitter.com\/CCXqgg3FVe<\/a><\/p>\n<p>&#13;<br \/>\n\u2014 BuckarooBanzai (@Buckarobanza) <a href=\"https:\/\/twitter.com\/Buckarobanza\/status\/1981414232492265960?ref_src=twsrc%5Etfw\" rel=\"nofollow noopener\" target=\"_blank\">October 23, 2025<\/a><\/p><\/blockquote>\n<blockquote class=\"twitter-tweet\">\n<p lang=\"pl\" dir=\"ltr\" xml:lang=\"pl\">Kibice Legii r\u00f3wno w 30. minucie wystartowali z dopingiem.<\/p>\n<p>\u201eJ\u2026\u0107 UPA i Bander\u0119, hej, hej\u201d <a href=\"https:\/\/t.co\/L19dLkKwYg\" rel=\"nofollow\">pic.twitter.com\/L19dLkKwYg<\/a><\/p>\n<p>\u2014 BuckarooBanzai (@Buckarobanza) <a href=\"https:\/\/twitter.com\/Buckarobanza\/status\/1981409669609640159?ref_src=twsrc%5Etfw\" rel=\"nofollow noopener\" target=\"_blank\">October 23, 2025<\/a><\/p><\/blockquote>\n<p>\u0160iame ma\u010de \u201eLegia\u201c \u0161vent\u0117 pergal\u0119 rezultatu 2:1.<\/p>\n<p>                                                                    <a href=\"https:\/\/www.sportas.lt\/naujiena\/529090\/mailto:info@sportas.lt\" rel=\"nofollow noopener\" target=\"_blank\">info@sportas.lt<\/a><\/p>\n<p>Naujien\u0173 portalo sportas.lt informacij\u0105 atgaminti visuomen\u0117s informavimo priemon\u0117se bei interneto tinklalapiuose be ra\u0161ti\u0161ko sutikimo draud\u017eiama.<\/p>\n<p>                                                            <script async src=\"https:\/\/platform.twitter.com\/widgets.js\" charset=\"utf-8\"><\/script><\/p>\n","protected":false},"excerpt":{"rendered":"\u00a0UEFA Konfererencij\u0173 lygos rungtyn\u0117se Var\u0161uvos \u201eLegia\u201c ekipos gerb\u0117jai savo plakatais ir skanduot\u0117mis suk\u0117l\u0117 skandal\u0105, kur\u012f pasmerk\u0117 net ir&hellip;\n","protected":false},"author":2,"featured_media":25121,"comment_status":"","ping_status":"","sticky":false,"template":"","format":"standard","meta":{"footnotes":""},"categories":[19],"tags":[57,43,55,48,54,51,49,50,37,39,36,38,40,45,23,44,53,42,56,47,112,104,46,58,52],"class_list":{"0":"post-25120","1":"post","2":"type-post","3":"status-publish","4":"format-standard","5":"has-post-thumbnail","7":"category-sportas","8":"tag-daiktai","9":"tag-dienos-kronika","10":"tag-gatves-tekstai","11":"tag-gyvenimas","12":"tag-interneto-pievos","13":"tag-keliones","14":"tag-kultura","15":"tag-laisvalaikis","16":"tag-lietuva","17":"tag-lietuviu","18":"tag-lithuania","19":"tag-lithuanian","20":"tag-lt","21":"tag-mokslas-ir-it","22":"tag-naujienos","23":"tag-pasaulis","24":"tag-projektai","25":"tag-rinktiniai-tekstai","26":"tag-simtmecio-portalas","27":"tag-sportas","28":"tag-sportas-lt","29":"tag-sports","30":"tag-verslas","31":"tag-video","32":"tag-zaidimai"},"share_on_mastodon":{"url":"https:\/\/pubeurope.com\/@lt\/115434254716906545","error":""},"_links":{"self":[{"href":"https:\/\/www.europesays.com\/lt\/wp-json\/wp\/v2\/posts\/25120","targetHints":{"allow":["GET"]}}],"collection":[{"href":"https:\/\/www.europesays.com\/lt\/wp-json\/wp\/v2\/posts"}],"about":[{"href":"https:\/\/www.europesays.com\/lt\/wp-json\/wp\/v2\/types\/post"}],"author":[{"embeddable":true,"href":"https:\/\/www.europesays.com\/lt\/wp-json\/wp\/v2\/users\/2"}],"replies":[{"embeddable":true,"href":"https:\/\/www.europesays.com\/lt\/wp-json\/wp\/v2\/comments?post=25120"}],"version-history":[{"count":0,"href":"https:\/\/www.europesays.com\/lt\/wp-json\/wp\/v2\/posts\/25120\/revisions"}],"wp:featuredmedia":[{"embeddable":true,"href":"https:\/\/www.europesays.com\/lt\/wp-json\/wp\/v2\/media\/25121"}],"wp:attachment":[{"href":"https:\/\/www.europesays.com\/lt\/wp-json\/wp\/v2\/media?parent=25120"}],"wp:term":[{"taxonomy":"category","embeddable":true,"href":"https:\/\/www.europesays.com\/lt\/wp-json\/wp\/v2\/categories?post=25120"},{"taxonomy":"post_tag","embeddable":true,"href":"https:\/\/www.europesays.com\/lt\/wp-json\/wp\/v2\/tags?post=25120"}],"curies":[{"name":"wp","href":"https:\/\/api.w.org\/{rel}","templated":true}]}}