{"id":251660,"date":"2026-08-11T18:52:09","date_gmt":"2026-08-11T18:52:09","guid":{"rendered":"https:\/\/www.europesays.com\/lt\/251660\/"},"modified":"2026-08-11T18:52:09","modified_gmt":"2026-08-11T18:52:09","slug":"apie-mokescius-ir-pensijas-moki-daugiau-o-gauni-respublika-lt","status":"publish","type":"post","link":"https:\/\/www.europesays.com\/lt\/251660\/","title":{"rendered":"Apie mokes\u010dius ir pensijas: moki daugiau, o gauni&#8230; &#8211; Respublika.lt"},"content":{"rendered":"<p style=\"text-align: justify;\" class=\"desktop_banner\">\u00a0<\/p>\n<p>Ta\u010diau apsidraud\u0117, jog d\u0117l kintan\u010dios geopolitin\u0117s situacijos nei\u0161eina to pa\u017eado \u201ei\u0161kalti kaip \u0160ventajame Ra\u0161te&#8221;. Tad ko tik\u0117tis?<\/p>\n<p>Lietuvos buhalteri\u0173 ir auditori\u0173 asociacijos prezident\u0117 Daiva \u010cIBIRIEN\u0116 sak\u0117 mananti, jog mokes\u010diai Lietuvoje jau ir taip padidinti, tod\u0117l politikai, pamat\u0119, kas darosi, kokia gali b\u016bti mokes\u010di\u0173 mok\u0117toj\u0173 reakcija, netgi gali pagalvoti, kad reikia \u201eva\u017eiuoti&#8221; mokes\u010di\u0173 ma\u017einimo kryptimi.<\/p>\n<p>\u201e Antraip, &#8211; svarst\u0117 D.\u010cibirien\u0117, &#8211; arba Lietuvoje bus didelis prot\u0173 nutek\u0117jimas, arba vald\u017eia pamatys, kad \u017emoni\u0173 deklaruojamos ir apmokestinamos pajamos ma\u017e\u0117ja.&#8221;<\/p>\n<p>&#8211; Ir kaip tada gyventojai reaguos? Dar labiau sl\u0117ps savo tikr\u0105sias pajamas? Kitur i\u0161kels versl\u0105, i\u0161va\u017eiuos kitur dirbti ir t.t. Negi politikai to nesupranta?<\/p>\n<p>&#8211; Gali atsitikti ir taip, kad pasikeis gyventoj\u0173 elgsena. \u017dmon\u0117s to mokes\u010di\u0173 padidinimo dar nemato, bet pamatys kit\u0173 met\u0173 pavasar\u012f savo deklaracijose, kai reik\u0117s susimok\u0117ti pajam\u0173 mokes\u010dius u\u017e 2026-uosius metus.<\/p>\n<p>Jeigu politikai mato, kad valstyb\u0117s biud\u017eete tr\u016bksta pinig\u0173 ir mano, kad vienintelis pinig\u0173 surinkimo b\u016bdas yra mokes\u010di\u0173 didinimas, tai k\u0105 padarysi?<\/p>\n<p>Smegen\u0173 jiems ne\u012fd\u0117si. Nors viso pasaulio ekonomika rodo, kad mokes\u010di\u0173 surinkimas did\u0117ja ne d\u0117l mokes\u010di\u0173 padidinimo, bet d\u0117l to, kad daugiau mokes\u010di\u0173 mok\u0117toj\u0173 tuos mokes\u010dius sumoka, nes gali juos sumok\u0117ti i\u0161 ekonomikos augimo. O tokios mokes\u010di\u0173 sistemos, kuri skatint\u0173 ekonomikos augim\u0105, mes Lietuvoje neturime.<\/p>\n<p>&#8211; O koks mokestis labiausiai mus skurdina?<\/p>\n<p>&#8211; Jei kalbate apie gyventojus, tai Prid\u0117tin\u0117s vert\u0117s mokestis (PVM), nes gyventojai, sumok\u0117j\u0119 PVM, negali jo atgal susigr\u0105\u017einti.<\/p>\n<p>O mokame 21 proc. PVM ir mok\u0117dami komunalinius mokes\u010dius, ir kasdien pirkdami maist\u0105 ar kitokias prekes. Nusipirk\u0119 but\u0105 u\u017e 121 t\u016bkst. eur\u0173, 21 t\u016bkst. eur\u0173 i\u0161kart atiduodame valstybei kaip PVM nuo \u012fsigyto turto. Tai yra tikrai labai daug. Perkame automobil\u012f &#8211; irgi 21 proc. atiduodame.<\/p>\n<p>Kitas mokestis, kur gyventojai daug atiduoda, yra gyventoj\u0173 darbo santyki\u0173 ar kitoki\u0173 pajam\u0173 mokes\u010diai (GPM), kurie yra priklausomi nuo gyventojo pajam\u0173 dyd\u017eio ir siekia 15-33 proc.<\/p>\n<p>Dar yra socialinio draudimo mokes\u010diai, kuri\u0173 niekas nelaiko mokes\u010diais, sako &#8211; \u010dia draudimas ir tu u\u017e tai gauni i\u0161mokas.<\/p>\n<p>Bet tam tikros draudimo r\u016b\u0161ys, pavyzd\u017eiui, privalomas sveikatos draudimas (PSD), kurio tarifas 6,98 proc., yra susietas su minimaliu m\u0117nesiniu atlyginimu (MMA). Yra skirtumas, ar mok\u0117si PSD nuo vieno MMA ar nuo 50-ies MMA, ta\u010diau sveikatos paslaug\u0173 apimtis, numatyta \u0161iame draudime, i\u0161liks ta pati.<\/p>\n<p>Tad tai yra ir draudimas, ir mokestis viename. Ir, priklausomai nuo pajam\u0173 dyd\u017eio, ta sumok\u0117ta PSD suma da\u017enai pavirsta daugiau ne \u012f draudim\u0105, bet \u012f mokest\u012f.<\/p>\n<p>&#8211; Nes jei tai b\u016bt\u0173 paprastas draudimas, tai \u017emogus, sumok\u0117j\u0119s u\u017e draudimo polis\u0105 didesn\u0119 sum\u0105, gal\u0117t\u0173, \u012fvykus draudiminiam \u012fvykiui, tik\u0117tis ir daugiau i\u0161mok\u0173. O PSD atveju, joki\u0173 papildom\u0173 nemokam\u0173 paslaug\u0173 vis vien negaut\u0173. Lygiai tokias pa\u010dias, kiek ir ma\u017eiau PSD sumok\u0117j\u0119. O kaip vertintum\u0117te Valstyb\u0117s socialinio draudimo (VSD), taip vadinama \u201eSodros&#8221; mokest\u012f?<\/p>\n<p>&#8211; VSD mokestis yra 12,52 -13,83 proc. \u0160is mokestis taip pat mokamas nuo algos, be \u010dia jau jeigu daugiau VSD sumok\u0117si, tai daugiau ir gausi i\u0161mok\u0173 (ligos, motinyst\u0117s, pensinio draudimo ir t.t.).<\/p>\n<p>Ta\u010diau visi\u0161kos teisin\u0117s priklausomyb\u0117s, kad kiek daugiau sumok\u0117si, tiek ir gausi, n\u0117ra. Tai nerei\u0161kia, kad jei sumok\u0117si \u0161imt\u0105 kart\u0173 daugiau \u201eSodrai&#8221; \u012fmok\u0173, tai ir tavo pensija bus \u0161imt\u0105 kart\u0173 didesn\u0117.<\/p>\n<p>Kuo tu daugiau moki \u201eSodrai&#8221;, tuo tavo pensija ma\u017eesniu procentu auga ir labiausiai laimi tie, kurie u\u017edirba minimali\u0105 alg\u0105, nes jie fakti\u0161kai gaus didesn\u0119 pensij\u0105 negu yra sumok\u0117j\u0119 \u012fmok\u0173.<\/p>\n<p>Jeigu \u017ei\u016br\u0117ti matemati\u0161kai, tai tie, kurie u\u017edirba daugiau, jie finansuoja ir savo pensij\u0105 ir t\u0173 kit\u0173, ma\u017eiau u\u017edirban\u010di\u0173, pensijas. Ir d\u0117l to j\u0173 sumok\u0117t\u0173 \u012fmok\u0173 proporcijos, palyginus su gaunama pensija, yra \u017eenkliai prastesn\u0117s b\u016bkl\u0117s, negu \u017emogaus, kuris u\u017edirba minimali\u0105 alg\u0105.<\/p>\n<p>&#8211; O kokie mokes\u010diai labiausiai trukdo verslui?<\/p>\n<p>&#8211; \u012emon\u0117ms PVM n\u0117ra labai aktualus, ta\u010diau, kai yra didelis PVM tarifas, \u012fmonei sunkiau parduoti savo prek\u0119, nes jos kaina tampa gyventojams per daug didel\u0117.<\/p>\n<p>Pirk\u0117jas u\u017e toki\u0105 kain\u0105 ma\u017eiau perka arba visai neperka. Tai rei\u0161kia, kad nuo per didelio PVM tarifo ken\u010dia ir verslas, nes jis negali daugiau parduoti. Turi prek\u0119 nupiginti. I\u0161 viso n\u0117ra tokio mokes\u010dio, kur\u012f b\u016bt\u0173 galima neskausmingai padidinti.<\/p>\n<p>Be to &#8211; pas mus kalbama tik apie mokes\u010di\u0173 didinim\u0105, bet nekalbama apie surinkt\u0173 mokes\u010di\u0173 kontrol\u0119 ir teising\u0105 paskirstym\u0105.<\/p>\n<p>Visi\u0161kai nenorime \u012f tai investuoti, nors Valstyb\u0117s kontrol\u0117 visose savo ataskaitose r\u0117kia, kad surinkti pinigai n\u0117ra tinkamai skai\u010diuojami.<\/p>\n<p>Mes nemokame susiskai\u010diuoti jau dabar surenkam\u0173 pinig\u0173, bet sakome &#8211; norime dar daugiau. Reik\u0117t\u0173 pirmiausiai susiskai\u010diuoti pinigus, teisingai, ekonomi\u0161kai efektyviai juos valdyti &#8211; ir t\u0173 pinig\u0173 u\u017etekt\u0173.<\/p>\n<p>Bet kai tu nemoki j\u0173 susiskai\u010diuoti, tu gali betkiek didinti mokes\u010dius, bet pinig\u0173 vis tiek tr\u016bks, nes jie &#8211; kiaurame r\u0117tyje ir i\u0161teka pro kra\u0161tus. Juos pasisavina nes\u0105\u017einingu keliu visai kiti asmenys arba jie \u012fsisavinami netikslingai.<\/p>\n<p>&#8211; Ar galima tik\u0117tis, jog politikai kada nors susipras, jog mokes\u010dius reikia ne didinti, bet ma\u017einti? Liberalai nuolat apie tai kalba, bet \u012f vald\u017ei\u0105 patek\u0119 elgiasi kaip visi.<\/p>\n<p>&#8211; A\u0161 nieko neprognozuotu, bet mes jau turime pavyzd\u012f su akcizais. Juos pak\u0117l\u0117, o kas atsitiko? Rezultatas &#8211; surinko ma\u017eiau mokes\u010di\u0173.<\/p>\n<p>Pavyzd\u017eiui, akciz\u0173 u\u017e kur\u0105 surinko daugiau, bet PVM ma\u017eiau, o rezultatas &#8211; de\u0161im\u010di\u0173 milijon\u0173 eur\u0173 minusas. Degalin\u0117s u\u017esidaro, atleid\u017eia darbuotojus, o jiems reikia mok\u0117ti socialines i\u0161mokas.<\/p>\n<p>Degalin\u0117s, jei u\u017esidaro, nemoka pelno mokes\u010dio, nemoka nekilnojamojo turto mokes\u010dio ir dar pareikalauja i\u0161 valstyb\u0117s papildom\u0173 pinig\u0173 socialin\u0117ms i\u0161mokoms atleistiems darbuotojams. Tad mokes\u010di\u0173 didinimas atne\u0161a neigiamus dalykus, bet to nenorima suprasti.<\/p>\n<p>Kol b\u016bsimi finans\u0173 ministrai netampa finans\u0173 ministrais, jie sako, kad mokes\u010di\u0173 didinimas n\u0117ra i\u0161eitis, kad reikia auginti ekonomik\u0105, nes b\u016btent i\u0161 augan\u010dios, stipr\u0117jan\u010dios ekonomikos galime ir daugiau mokes\u010di\u0173 surinkti.<\/p>\n<p>Bet kai jie tampa finans\u0173 ministrais, tas m\u0105stymas ka\u017ekur dingsta, tarsi ministerijos darbuotojai juos u\u017eburia. Ir tas finans\u0173 ministras jau kalba tiesmuki\u0161kai, kad padidin\u0119 mokes\u010dius surinksime j\u0173 daugiau.<\/p>\n<p>Atrodo &#8211; na, a\u0161 esu karalius. Pasakiau &#8211; atiduokite vis\u0105 derli\u0173 man ir kitais metais bus labai gerai, tur\u0117site i\u0161 ko u\u017eauginti nauj\u0105 derli\u0173. Bet taip neb\u016bna. Viskam yra ribos.<\/p>\n<p>&#8211; Gal i\u0161minties tr\u016bksta? Gal bijo d\u0117l savo kailio, jei ims elgtis pie\u0161 srov\u0119?<\/p>\n<p>&#8211; Sunku pasakyti, bet kai jie papuola \u012f vald\u017ei\u0105, pradeda maitintis i\u0161 mokes\u010di\u0173 surinkimo, o daugiau surinkdami padidina ir savo i\u0161mokas.<\/p>\n<p>O kod\u0117l jie tur\u0117t\u0173 galvoti kitaip? Juk kokia rizika yra ministrui pasakyti, kad a\u0161 dabar su deficitiniu biud\u017eetu ne didinsiu mokes\u010dius, bet suma\u017einsiu? Kiek tada \u017emoni\u0173 pasakyt\u0173, jog tai kvaila ir kad tu pats, ministre ar premjere, b\u016bsi atsakingas, jeigu mokes\u010di\u0173 nesurinksi?<\/p>\n<p>Tod\u0117l ir n\u0117ra jokio pasiprie\u0161inimo, niekas nepasako &#8211; a\u0161 prie\u0161tarauju. O jei mokes\u010di\u0173 padidinimas nepasiteisina, surenkama tiek pat, kiek anks\u010diau, gal tik truput\u012f daugiau, ar net ma\u017eiau, viskas nura\u0161oma infliacijai.<\/p>\n<p>Bet juk turi b\u016bti ir ekonomikos augimas. Negalima u\u017estrigti vienoje vietoje. Bet n\u0117ra tos politin\u0117s atsakomyb\u0117s.<\/p>\n<p>Prisimenu Lietuvoje situacij\u0105 prie\u0161 20 met\u0173, kai \u012f mane kreipdavosi u\u017esienie\u010diai, norintys \u010dia \u012fsikurti, tapti mokes\u010di\u0173 mok\u0117tojais, nes mokes\u010di\u0173 sistema buvo gera.<\/p>\n<p>Jie rinkosi tada Lietuv\u0105, nes ma\u017eesnis mokes\u010dio tarifas pritraukia kaip magnetas kitus mokes\u010di\u0173 mok\u0117tojus ir j\u0173 mokes\u010diai ateina \u012f m\u016bs\u0173 \u0161al\u012f. Jeigu tiktai verslas ar \u017emogus gali i\u0161keliauti \u012f kit\u0105 \u0161al\u012f, kur ma\u017eesni mokes\u010diai, jis tikrai i\u0161keliaus. Tai, kod\u0117l mes norime, kad i\u0161keliaut\u0173? Kai i\u0161keliauja, jau labai sunku j\u012f atgal susigr\u0105\u017einti.<\/p>\n","protected":false},"excerpt":{"rendered":"\u00a0 Ta\u010diau apsidraud\u0117, jog d\u0117l kintan\u010dios geopolitin\u0117s situacijos nei\u0161eina to pa\u017eado \u201ei\u0161kalti kaip \u0160ventajame Ra\u0161te&#8221;. Tad ko tik\u0117tis?&hellip;\n","protected":false},"author":2,"featured_media":251661,"comment_status":"","ping_status":"","sticky":false,"template":"","format":"standard","meta":{"footnotes":"","_share_on_mastodon":"0"},"categories":[13],"tags":[25,3655,30,31,10552,34,35,24,32,33,37,39,36,38,40,3172,23,22,422,495,28,29,3254,2937,26,27,46],"class_list":["post-251660","post","type-post","status-publish","format-standard","has-post-thumbnail","category-lietuva","tag-antrastes","tag-atlyginimas","tag-breaking-news","tag-breakingnews","tag-cibiriene","tag-featured-news","tag-featurednews","tag-headlines","tag-latest-news","tag-latestnews","tag-lietuva","tag-lietuviu","tag-lithuania","tag-lithuanian","tag-lt","tag-mokesciai","tag-naujienos","tag-news","tag-pajamos","tag-pensijos","tag-populiariausios-naujienos","tag-populiariausiosnaujienos","tag-pvm","tag-sinkevicius","tag-top-stories","tag-topstories","tag-verslas"],"share_on_mastodon":{"url":"https:\/\/pubeurope.com\/@lt\/117078389012723464","error":""},"_links":{"self":[{"href":"https:\/\/www.europesays.com\/lt\/wp-json\/wp\/v2\/posts\/251660","targetHints":{"allow":["GET"]}}],"collection":[{"href":"https:\/\/www.europesays.com\/lt\/wp-json\/wp\/v2\/posts"}],"about":[{"href":"https:\/\/www.europesays.com\/lt\/wp-json\/wp\/v2\/types\/post"}],"author":[{"embeddable":true,"href":"https:\/\/www.europesays.com\/lt\/wp-json\/wp\/v2\/users\/2"}],"replies":[{"embeddable":true,"href":"https:\/\/www.europesays.com\/lt\/wp-json\/wp\/v2\/comments?post=251660"}],"version-history":[{"count":0,"href":"https:\/\/www.europesays.com\/lt\/wp-json\/wp\/v2\/posts\/251660\/revisions"}],"wp:featuredmedia":[{"embeddable":true,"href":"https:\/\/www.europesays.com\/lt\/wp-json\/wp\/v2\/media\/251661"}],"wp:attachment":[{"href":"https:\/\/www.europesays.com\/lt\/wp-json\/wp\/v2\/media?parent=251660"}],"wp:term":[{"taxonomy":"category","embeddable":true,"href":"https:\/\/www.europesays.com\/lt\/wp-json\/wp\/v2\/categories?post=251660"},{"taxonomy":"post_tag","embeddable":true,"href":"https:\/\/www.europesays.com\/lt\/wp-json\/wp\/v2\/tags?post=251660"}],"curies":[{"name":"wp","href":"https:\/\/api.w.org\/{rel}","templated":true}]}}