{"id":251710,"date":"2026-08-11T22:35:14","date_gmt":"2026-08-11T22:35:14","guid":{"rendered":"https:\/\/www.europesays.com\/lt\/251710\/"},"modified":"2026-08-11T22:35:14","modified_gmt":"2026-08-11T22:35:14","slug":"tesla-ir-toyota-jav-atsaukia-daugiau-nei-500-tukst-automobiliu","status":"publish","type":"post","link":"https:\/\/www.europesays.com\/lt\/251710\/","title":{"rendered":"\u201eTesla\u201c ir \u201eToyota\u201c JAV at\u0161aukia daugiau nei 500 t\u016bkst. automobili\u0173"},"content":{"rendered":"<p class=\"caps\"><a href=\"https:\/\/www.europesays.com\/lt\/wp-content\/uploads\/2026\/08\/tesla-model-3-performance.jpg\" rel=\"lightbox[143089]\" title=\"Model 3\"><img loading=\"lazy\" decoding=\"async\" class=\"alignnone size-full wp-image-23273\" src=\"https:\/\/www.europesays.com\/lt\/wp-content\/uploads\/2026\/08\/tesla-model-3-performance.jpg\" alt=\"Model 3\" width=\"660\" height=\"371\"  \/><\/a><\/p>\n<p>JAV Nacionalin\u0117 saugumo kelyje valdyba (NHTSA) paskelb\u0117 apie dvi nesusijusias su gedimais nepriklausomas automobili\u0173 at\u0161aukimo kampanijas, prane\u0161a \u201e<a href=\"https:\/\/www.cbtnews.com\/tesla-toyota-recall-528000-vehicles-safety-issues\/\" target=\"_blank\" rel=\"noopener nofollow\">CBT News<\/a>\u201c leidinys.<\/p>\n<p>I\u0161 viso bus at\u0161aukta 528,7 t\u016bkst. \u201eTesla\u201c ir \u201eToyota\u201c automobili\u0173.<\/p>\n<p>\u201eTesla\u201c at\u0161aukia 20 349 elektromobilius \u201eModel 3\u201c ir \u201eModel Y\u201c d\u0117l per ry\u0161ki\u0173 artim\u0173j\u0173 \u0161vies\u0173 \u017eibint\u0173.<\/p>\n<p>Kaip paai\u0161kino NHTSA, pernelyg ry\u0161k\u016bs \u017eibintai gali apakinti prie\u0161prie\u0161inio e trasporto vairuotojus, o tai padidina susid\u016brimo rizik\u0105.<\/p>\n<p>Savo ruo\u017etu \u201eToyota\u201c at\u0161aukia 508 354 hibridinius sedanus \u201eCamry\u201c (2025\u20132026 m. modeli\u0173).<\/p>\n<p>Prie\u017eastis \u2013 prietais\u0173 skydelio ekrano triktis u\u017evedant automobil\u012f.<\/p>\n<p>D\u0117l \u0161io gedimo gali i\u0161sijungti svarbios \u012fsp\u0117jimo sistemos, \u012fskaitant pos\u016bkio signalus, avarinius signalus, priminimus apie neprisisegtus saugos dirmus ir \u012fsp\u0117jim\u0105 apie raktel\u012f, palikt\u0105 u\u017edegimo spynel\u0117je.<\/p>\n<p>Pa\u017eymima, kad \u201eToyota\u201c jau paruo\u0161\u0117 nemokam\u0105 programin\u0117s \u012frangos atnaujinim\u0105 ir paai\u0161kino savininkams vis\u0105 su nustatytu defektu susijusi\u0105 rizik\u0105.<\/p>\n<p>\u201eTesla\u201c savininkams teks palaukti oficialaus prane\u0161imo apie gedimo \u0161alinimo b\u016bd\u0105.<\/p>\n","protected":false},"excerpt":{"rendered":"JAV Nacionalin\u0117 saugumo kelyje valdyba (NHTSA) paskelb\u0117 apie dvi nesusijusias su gedimais nepriklausomas automobili\u0173 at\u0161aukimo kampanijas, prane\u0161a \u201eCBT&hellip;\n","protected":false},"author":2,"featured_media":251711,"comment_status":"","ping_status":"","sticky":false,"template":"","format":"standard","meta":{"footnotes":"","_share_on_mastodon":"0"},"categories":[17],"tags":[1301,81,1971,37,39,36,38,40,4895,46],"class_list":["post-251710","post","type-post","status-publish","format-standard","has-post-thumbnail","category-verslas","tag-tesla","tag-business","tag-elektromobiliai","tag-lietuva","tag-lietuviu","tag-lithuania","tag-lithuanian","tag-lt","tag-toyota","tag-verslas"],"share_on_mastodon":{"url":"https:\/\/pubeurope.com\/@lt\/117079266359590728","error":""},"_links":{"self":[{"href":"https:\/\/www.europesays.com\/lt\/wp-json\/wp\/v2\/posts\/251710","targetHints":{"allow":["GET"]}}],"collection":[{"href":"https:\/\/www.europesays.com\/lt\/wp-json\/wp\/v2\/posts"}],"about":[{"href":"https:\/\/www.europesays.com\/lt\/wp-json\/wp\/v2\/types\/post"}],"author":[{"embeddable":true,"href":"https:\/\/www.europesays.com\/lt\/wp-json\/wp\/v2\/users\/2"}],"replies":[{"embeddable":true,"href":"https:\/\/www.europesays.com\/lt\/wp-json\/wp\/v2\/comments?post=251710"}],"version-history":[{"count":0,"href":"https:\/\/www.europesays.com\/lt\/wp-json\/wp\/v2\/posts\/251710\/revisions"}],"wp:featuredmedia":[{"embeddable":true,"href":"https:\/\/www.europesays.com\/lt\/wp-json\/wp\/v2\/media\/251711"}],"wp:attachment":[{"href":"https:\/\/www.europesays.com\/lt\/wp-json\/wp\/v2\/media?parent=251710"}],"wp:term":[{"taxonomy":"category","embeddable":true,"href":"https:\/\/www.europesays.com\/lt\/wp-json\/wp\/v2\/categories?post=251710"},{"taxonomy":"post_tag","embeddable":true,"href":"https:\/\/www.europesays.com\/lt\/wp-json\/wp\/v2\/tags?post=251710"}],"curies":[{"name":"wp","href":"https:\/\/api.w.org\/{rel}","templated":true}]}}